{"id":33709,"date":"2022-09-08T12:44:20","date_gmt":"2022-09-08T15:44:20","guid":{"rendered":"https:\/\/crc.org.ar\/w\/?p=33709"},"modified":"2022-09-12T10:20:14","modified_gmt":"2022-09-12T13:20:14","slug":"regatas-visita-a-colon","status":"publish","type":"post","link":"https:\/\/crc.org.ar\/w\/regatas-visita-a-colon\/","title":{"rendered":"Regatas visita a Col\u00f3n"},"content":{"rendered":"\n<p>(Jueves 8 de septiembre de 2022). Regatas Corrientes se medir\u00e1 con Col\u00f3n como visitante por la 6\u00b0 fecha del Torneo Oficial en busca de un triunfo para mantenerse en la cima.<\/p>\n\n\n\n<!--more-->\n\n\n\n<figure class=\"wp-block-image alignfull size-full\"><img decoding=\"async\" src=\"https:\/\/crc.org.ar\/w\/wp-content\/uploads\/2022\/09\/WhatsApp-Image-2022-09-08-at-12.42.46.jpeg\" alt=\"\" class=\"wp-image-33710\"\/><figcaption>Final Copa Palacio 2022<\/figcaption><\/figure>\n\n\n\n<p>El viernes por la noche se desarrollar\u00e1 la 6\u00b0 fecha del Torneo Oficial de la ABCC, en donde el Club de Regatas Corrientes visitar\u00e1 al Club Deportivo Col\u00f3n en el estadio de la calle Catamarca a segunda hora (aproximadamente 22:30).<\/p>\n\n\n\n<p>El encuentro dar\u00e1 inicio luego de que finalice el partido entre San Mart\u00edn y Ping\u00fcinos, el cual comenzar\u00e1 a las 21 horas. El Remero intentar\u00e1 llevarse otro triunfo para mantenerse firme en la cima del certamen.<\/p>\n\n\n\n<p>Los dirigidos de <strong>Diego Checenelli <\/strong>vienen de un triunfo frente a Alvear por 79-40, recuper\u00e1ndose as\u00ed de la dura ca\u00edda con H\u00e9rcules en la 4\u00b0 fecha. El Fantasma acumula un total de 4 partidos ganados (Ping\u00fcinos, C\u00f3rdoba, Juventus y Alvear), y solo una ca\u00edda.<\/p>\n\n\n\n<p>El Violeta por su parte viene con un andar irregular en las primeras jornadas del certamen. Hay que tener en cuenta que tiene un plantel casi totalmente distinto del que viene de jugar la final del Torneo Oficial 2021 y de la Copa Palacio 2022, donde en ambas ocasiones cay\u00f3 frente a Regatas.<\/p>\n\n\n\n<p>Col\u00f3n se ubica en la 7\u00b0 ubicaci\u00f3n del certamen, con 1 victoria y 4 derrotas, mismo r\u00e9cord que Alvear y Ping\u00fcinos, aunque la diferencia de puntos lo deja al Violeta arriba de Alvear y abajo del Ping\u00fci. Justamente, la \u00fanica victoria la lograron en la fecha pasada frente a Ping\u00fcinos 67-71.<\/p>\n\n\n\n<p>En el otro lado de la tabla, la cima, Regatas se encuentra en la primera ubicaci\u00f3n con la misma cantidad de puntos que C\u00f3rdoba y H\u00e9rcules, aunque beneficiado por la diferencia de puntos (+95).<\/p>\n\n\n\n<p>La 6\u00b0 fecha iniciar\u00e1 el jueves por la noche con el encuentro entre Alvear y C\u00f3rdoba desde las 22 en el Mart\u00edn A. Brisco. Por otro lado, adem\u00e1s de los dos choques del viernes en la cancha de Col\u00f3n, jugar\u00e1n tambi\u00e9n desde las 22 en el Jorge Desagastiz\u00e1bal Juventus frente a H\u00e9rcules. &nbsp;<\/p>\n\n\n\n<h2 class=\"has-text-align-center wp-block-heading\"><strong>Programaci\u00f3n<\/strong><\/h2>\n\n\n\n<p><strong>Jueves 8<\/strong><\/p>\n\n\n\n<p><strong>Mart\u00edn A. Brisco<\/strong><\/p>\n\n\n\n<p>22: Alvear vs C\u00f3rdoba<\/p>\n\n\n\n<p><strong>Viernes 9<\/strong><\/p>\n\n\n\n<p><strong>Deportivo Col\u00f3n<\/strong><\/p>\n\n\n\n<p>21: San Mart\u00edn vs Ping\u00fcinos<\/p>\n\n\n\n<p>22:30 col\u00f3n vs Regatas<\/p>\n\n\n\n<p><strong>Jorge Desagastiz\u00e1bal<\/strong><\/p>\n\n\n\n<p>22: Juventus vs H\u00e9rcules<\/p>\n","protected":false},"excerpt":{"rendered":"<p>(Jueves 8 de septiembre de 2022). Regatas Corrientes se medir\u00e1 con Col\u00f3n como visitante por la 6\u00b0 fecha del Torneo Oficial en busca de un triunfo para mantenerse en la cima. Final Copa Palacio 2022 El viernes por la noche se desarrollar\u00e1 la 6\u00b0 fecha del Torneo Oficial de la ABCC, en donde el Club &hellip;<\/p>\n","protected":false},"author":6,"featured_media":33710,"comment_status":"closed","ping_status":"closed","sticky":false,"template":"","format":"standard","meta":{"footnotes":""},"categories":[80,66],"tags":[],"_links":{"self":[{"href":"https:\/\/crc.org.ar\/w\/wp-json\/wp\/v2\/posts\/33709"}],"collection":[{"href":"https:\/\/crc.org.ar\/w\/wp-json\/wp\/v2\/posts"}],"about":[{"href":"https:\/\/crc.org.ar\/w\/wp-json\/wp\/v2\/types\/post"}],"author":[{"embeddable":true,"href":"https:\/\/crc.org.ar\/w\/wp-json\/wp\/v2\/users\/6"}],"replies":[{"embeddable":true,"href":"https:\/\/crc.org.ar\/w\/wp-json\/wp\/v2\/comments?post=33709"}],"version-history":[{"count":1,"href":"https:\/\/crc.org.ar\/w\/wp-json\/wp\/v2\/posts\/33709\/revisions"}],"predecessor-version":[{"id":33711,"href":"https:\/\/crc.org.ar\/w\/wp-json\/wp\/v2\/posts\/33709\/revisions\/33711"}],"wp:featuredmedia":[{"embeddable":true,"href":"https:\/\/crc.org.ar\/w\/wp-json\/wp\/v2\/media\/33710"}],"wp:attachment":[{"href":"https:\/\/crc.org.ar\/w\/wp-json\/wp\/v2\/media?parent=33709"}],"wp:term":[{"taxonomy":"category","embeddable":true,"href":"https:\/\/crc.org.ar\/w\/wp-json\/wp\/v2\/categories?post=33709"},{"taxonomy":"post_tag","embeddable":true,"href":"https:\/\/crc.org.ar\/w\/wp-json\/wp\/v2\/tags?post=33709"}],"curies":[{"name":"wp","href":"https:\/\/api.w.org\/{rel}","templated":true}]}}