{"id":33814,"date":"2022-09-23T12:32:35","date_gmt":"2022-09-23T15:32:35","guid":{"rendered":"https:\/\/crc.org.ar\/w\/?p=33814"},"modified":"2022-09-23T12:32:36","modified_gmt":"2022-09-23T15:32:36","slug":"manzotti-dejo-buenas-sensaciones-en-el-proceso-selectivo-de-la-aara","status":"publish","type":"post","link":"https:\/\/crc.org.ar\/w\/manzotti-dejo-buenas-sensaciones-en-el-proceso-selectivo-de-la-aara\/","title":{"rendered":"Manzotti dej\u00f3 buenas sensaciones en el proceso selectivo de la AARA"},"content":{"rendered":"\n<p>(Viernes 23 de septiembre de 2022). La remera regatense particip\u00f3 en la segunda etapa del proceso selectivo 2023 en el Tigre en categor\u00eda Sub23 y tuvo una gran actuaci\u00f3n.<\/p>\n\n\n\n<!--more-->\n\n\n\n<figure class=\"wp-block-image alignfull size-full\"><img decoding=\"async\" src=\"https:\/\/crc.org.ar\/w\/wp-content\/uploads\/2022\/09\/WhatsApp-Image-2022-09-22-at-11.56.43.jpeg\" alt=\"\" class=\"wp-image-33825\"\/><\/figure>\n\n\n\n<p>El jueves, en la Pista Nacional de Remo ubicada en Tigre, Buenos Aires, la deportista del Club de Regatas Corrientes, <strong>Agostina Manzotti, <\/strong>estuvo participando en la prueba en agua del proceso selectivo de la Asociaci\u00f3n Argentina de Remeros Aficionados (AARA).<\/p>\n\n\n\n<p>La joven atleta correntina de apenas 20 a\u00f1os hab\u00eda pasado con muy buen rendimiento la primera instancia del proceso, el cual consisti\u00f3 en 2000m. en remoerg\u00f3metro, posicion\u00e1ndose en 2\u00b0 lugar en su categor\u00eda.<\/p>\n\n\n<div class=\"wp-block-image\">\n<figure class=\"alignright size-full is-resized\"><img decoding=\"async\" src=\"https:\/\/crc.org.ar\/w\/wp-content\/uploads\/2022\/09\/WhatsApp-Image-2022-09-22-at-19.35.39-edited.jpeg\" alt=\"\" class=\"wp-image-33827\" width=\"410\" srcset=\"https:\/\/crc.org.ar\/w\/wp-content\/uploads\/2022\/09\/WhatsApp-Image-2022-09-22-at-19.35.39-edited.jpeg 958w, https:\/\/crc.org.ar\/w\/wp-content\/uploads\/2022\/09\/WhatsApp-Image-2022-09-22-at-19.35.39-edited-300x300.jpeg 300w, https:\/\/crc.org.ar\/w\/wp-content\/uploads\/2022\/09\/WhatsApp-Image-2022-09-22-at-19.35.39-edited-150x150.jpeg 150w, https:\/\/crc.org.ar\/w\/wp-content\/uploads\/2022\/09\/WhatsApp-Image-2022-09-22-at-19.35.39-edited-768x768.jpeg 768w\" sizes=\"(max-width: 958px) 100vw, 958px\" \/><\/figure><\/div>\n\n\n<p>En esta segunda instancia tuvo otra prueba de 2000m., pero ahora en el agua. La evaluaci\u00f3n fue con formato de time-trial, lo que quiere decir que largan de a uno los participantes con intervalos de 1 minuto entre ellos, y luego se toma el tiempo total individual. Adem\u00e1s de los tiempos, tambi\u00e9n se evalu\u00f3 la t\u00e9cnica y el desempe\u00f1o en agua.<\/p>\n\n\n\n<p>La remera particip\u00f3 en la categor\u00eda Sub23, donde adem\u00e1s hubo otras 11 deportistas de distintos clubes n\u00e1uticos de la Argentina.<\/p>\n\n\n\n<p>Si bien todav\u00eda resta esperar los resultados oficiales, los cuales brindar\u00e1 la AARA mediante un comunicado, lo hecho est\u00e1 dentro de lo esperado seg\u00fan dijeron la remera y su entrenador, <strong>Harris Gonz\u00e1lez Escobar, <\/strong>quien la estuvo acompa\u00f1ando.<\/p>\n\n\n\n<p>\u201cTerminamos de gran manera la evaluaci\u00f3n. Logramos un excelente trabajo y creemos estar dentro los par\u00e1metros esperados as\u00ed que m\u00e1s que contentos\u201d, expres\u00f3 la propia <strong>Agostina Manzotti.<\/strong><\/p>\n\n\n\n<p>Luego, agreg\u00f3 que: \u201cTodav\u00eda tenemos que esperar el resultado final y el comunicado oficial, pero m\u00e1s que contentos con lo realizado, y sabiendo que dejamos todo en la pista\u201d.<\/p>\n\n\n\n<p>Esto marca un importante paso para la instituci\u00f3n, para el remo y para el deporte correntino, ya que despu\u00e9s de tantos a\u00f1os vuelve a haber un atleta en consideraci\u00f3n para representar al pa\u00eds en distintas competencias.<\/p>\n","protected":false},"excerpt":{"rendered":"<p>(Viernes 23 de septiembre de 2022). La remera regatense particip\u00f3 en la segunda etapa del proceso selectivo 2023 en el Tigre en categor\u00eda Sub23 y tuvo una gran actuaci\u00f3n. El jueves, en la Pista Nacional de Remo ubicada en Tigre, Buenos Aires, la deportista del Club de Regatas Corrientes, Agostina Manzotti, estuvo participando en la &hellip;<\/p>\n","protected":false},"author":6,"featured_media":33825,"comment_status":"closed","ping_status":"closed","sticky":false,"template":"","format":"standard","meta":{"footnotes":""},"categories":[156,18],"tags":[],"_links":{"self":[{"href":"https:\/\/crc.org.ar\/w\/wp-json\/wp\/v2\/posts\/33814"}],"collection":[{"href":"https:\/\/crc.org.ar\/w\/wp-json\/wp\/v2\/posts"}],"about":[{"href":"https:\/\/crc.org.ar\/w\/wp-json\/wp\/v2\/types\/post"}],"author":[{"embeddable":true,"href":"https:\/\/crc.org.ar\/w\/wp-json\/wp\/v2\/users\/6"}],"replies":[{"embeddable":true,"href":"https:\/\/crc.org.ar\/w\/wp-json\/wp\/v2\/comments?post=33814"}],"version-history":[{"count":2,"href":"https:\/\/crc.org.ar\/w\/wp-json\/wp\/v2\/posts\/33814\/revisions"}],"predecessor-version":[{"id":33828,"href":"https:\/\/crc.org.ar\/w\/wp-json\/wp\/v2\/posts\/33814\/revisions\/33828"}],"wp:featuredmedia":[{"embeddable":true,"href":"https:\/\/crc.org.ar\/w\/wp-json\/wp\/v2\/media\/33825"}],"wp:attachment":[{"href":"https:\/\/crc.org.ar\/w\/wp-json\/wp\/v2\/media?parent=33814"}],"wp:term":[{"taxonomy":"category","embeddable":true,"href":"https:\/\/crc.org.ar\/w\/wp-json\/wp\/v2\/categories?post=33814"},{"taxonomy":"post_tag","embeddable":true,"href":"https:\/\/crc.org.ar\/w\/wp-json\/wp\/v2\/tags?post=33814"}],"curies":[{"name":"wp","href":"https:\/\/api.w.org\/{rel}","templated":true}]}}