{"id":34166,"date":"2022-11-01T11:59:23","date_gmt":"2022-11-01T14:59:23","guid":{"rendered":"https:\/\/crc.org.ar\/w\/?p=34166"},"modified":"2022-11-01T11:59:25","modified_gmt":"2022-11-01T14:59:25","slug":"remeros-sumaron-experiencia-en-uruguay","status":"publish","type":"post","link":"https:\/\/crc.org.ar\/w\/remeros-sumaron-experiencia-en-uruguay\/","title":{"rendered":"Remeros sumaron experiencia en Uruguay"},"content":{"rendered":"\n<p>(Martes 1 de noviembre de 2022). 11 deportistas de Regatas Corrientes participaron de la \u00faltima fecha del Circuito Nacional de Uruguay en el Club de Remeros Mercedes.<\/p>\n\n\n\n<!--more-->\n\n\n\n<figure class=\"wp-block-image alignwide size-full\"><img decoding=\"async\" src=\"https:\/\/crc.org.ar\/w\/wp-content\/uploads\/2022\/11\/Escuela-CRC-uy.jpg\" alt=\"\" class=\"wp-image-34167\"\/><\/figure>\n\n\n\n<p>El fin de semana se llev\u00f3 a cabo la VIII fecha del Circuito Nacional de Remo de Uruguay, desarrollado en el Club de Remeros Mercedes. All\u00ed estuvo presente parte del equipo Oficial y Promocional del Club de Regatas Corrientes compitiendo.<\/p>\n\n\n\n<p>El certamen reuni\u00f3 m\u00e1s de 400 atletas del vecino pa\u00eds de Uruguay, adem\u00e1s de otros clubes de Argentina, donde se corrieron m\u00e1s de 60 regatas en total entre s\u00e1bado y domingo en la cancha emplazada en el R\u00edo Negro.<\/p>\n\n\n\n<p>Lo m\u00e1s destacado en cuanto a resultado fue la actuaci\u00f3n de <strong>Fausto Dom\u00ednguez <\/strong>y <strong>Nicol\u00e1s Ver\u00f3n<\/strong>, quienes alcanzaron a meterse en el podio terminando 3\u00b0 en el doble novicio.<\/p>\n\n\n<div class=\"wp-block-image\">\n<figure class=\"aligncenter size-full is-resized\"><img loading=\"lazy\" decoding=\"async\" src=\"https:\/\/crc.org.ar\/w\/wp-content\/uploads\/2022\/11\/Podio-CRC-Uy1.jpg\" alt=\"\" class=\"wp-image-34168\" width=\"581\" height=\"386\" srcset=\"https:\/\/crc.org.ar\/w\/wp-content\/uploads\/2022\/11\/Podio-CRC-Uy1.jpg 2048w, https:\/\/crc.org.ar\/w\/wp-content\/uploads\/2022\/11\/Podio-CRC-Uy1-300x200.jpg 300w, https:\/\/crc.org.ar\/w\/wp-content\/uploads\/2022\/11\/Podio-CRC-Uy1-768x512.jpg 768w, https:\/\/crc.org.ar\/w\/wp-content\/uploads\/2022\/11\/Podio-CRC-Uy1-1536x1024.jpg 1536w\" sizes=\"(max-width: 581px) 100vw, 581px\" \/><\/figure><\/div>\n\n\n<p>Otros regatenses presentes compitieron en el single senior, donde <strong>Natalia Ch\u00e1vez <\/strong>qued\u00f3 4\u00b0, mismo puesto que <strong>Mat\u00edas Leconte<\/strong>. En el single Sub23 <strong>Tom\u00e1s Romero <\/strong>finaliz\u00f3 4\u00b0, y en el doble menor <strong>Enzo Luj\u00e1n <\/strong>y <strong>Tob\u00edas Roncati <\/strong>tambi\u00e9n se quedaron a un paso del podio. <strong>Fiorela M\u00e9ndez <\/strong>y <strong>Sabrina Zibelman <\/strong>terminaron 5\u00b0 en el doble menor femenino.<\/p>\n\n\n\n<p>Adem\u00e1s, <strong>Luz Fedullo <\/strong>y <strong>Jos\u00e9 Vallejos<\/strong> no pudieron competir porque se suspendi\u00f3 la regata por alerta meteorol\u00f3gica.<\/p>\n\n\n<div class=\"wp-block-image\">\n<figure class=\"alignright size-full is-resized\"><img loading=\"lazy\" decoding=\"async\" src=\"https:\/\/crc.org.ar\/w\/wp-content\/uploads\/2022\/11\/Harris-Uy.jpg\" alt=\"\" class=\"wp-image-34169\" width=\"356\" height=\"291\" srcset=\"https:\/\/crc.org.ar\/w\/wp-content\/uploads\/2022\/11\/Harris-Uy.jpg 1379w, https:\/\/crc.org.ar\/w\/wp-content\/uploads\/2022\/11\/Harris-Uy-300x245.jpg 300w, https:\/\/crc.org.ar\/w\/wp-content\/uploads\/2022\/11\/Harris-Uy-768x627.jpg 768w\" sizes=\"(max-width: 356px) 100vw, 356px\" \/><figcaption>Gonz\u00e1lez Escobar<\/figcaption><\/figure><\/div>\n\n\n<p>La delegaci\u00f3n estuvo acompa\u00f1ada por el instructor y coordinador de la disciplina en el club del parque Mitre, <strong>Harris Gonz\u00e1lez Escobar, <\/strong>quien es oriundo justamente de la ciudad uruguaya de Mercedes, y volvi\u00f3 al club que lo vio nacer en el deporte.<\/p>\n\n\n\n<p><strong>Gonz\u00e1lez Escobar <\/strong>indic\u00f3 en relaci\u00f3n a la experiencia: \u201cVivimos una muy linda jornada. Sab\u00edamos que no iba a ser f\u00e1cil, ya que la mayor\u00eda de los rivales eran de selecci\u00f3n. Y el nivel del remo uruguayo cada vez es mejor, pero nos sirve de preparativo para el campeonato argentino\u201d.<\/p>\n","protected":false},"excerpt":{"rendered":"<p>(Martes 1 de noviembre de 2022). 11 deportistas de Regatas Corrientes participaron de la \u00faltima fecha del Circuito Nacional de Uruguay en el Club de Remeros Mercedes. El fin de semana se llev\u00f3 a cabo la VIII fecha del Circuito Nacional de Remo de Uruguay, desarrollado en el Club de Remeros Mercedes. All\u00ed estuvo presente &hellip;<\/p>\n","protected":false},"author":6,"featured_media":34167,"comment_status":"closed","ping_status":"closed","sticky":false,"template":"","format":"standard","meta":{"footnotes":""},"categories":[156,18],"tags":[],"_links":{"self":[{"href":"https:\/\/crc.org.ar\/w\/wp-json\/wp\/v2\/posts\/34166"}],"collection":[{"href":"https:\/\/crc.org.ar\/w\/wp-json\/wp\/v2\/posts"}],"about":[{"href":"https:\/\/crc.org.ar\/w\/wp-json\/wp\/v2\/types\/post"}],"author":[{"embeddable":true,"href":"https:\/\/crc.org.ar\/w\/wp-json\/wp\/v2\/users\/6"}],"replies":[{"embeddable":true,"href":"https:\/\/crc.org.ar\/w\/wp-json\/wp\/v2\/comments?post=34166"}],"version-history":[{"count":1,"href":"https:\/\/crc.org.ar\/w\/wp-json\/wp\/v2\/posts\/34166\/revisions"}],"predecessor-version":[{"id":34170,"href":"https:\/\/crc.org.ar\/w\/wp-json\/wp\/v2\/posts\/34166\/revisions\/34170"}],"wp:featuredmedia":[{"embeddable":true,"href":"https:\/\/crc.org.ar\/w\/wp-json\/wp\/v2\/media\/34167"}],"wp:attachment":[{"href":"https:\/\/crc.org.ar\/w\/wp-json\/wp\/v2\/media?parent=34166"}],"wp:term":[{"taxonomy":"category","embeddable":true,"href":"https:\/\/crc.org.ar\/w\/wp-json\/wp\/v2\/categories?post=34166"},{"taxonomy":"post_tag","embeddable":true,"href":"https:\/\/crc.org.ar\/w\/wp-json\/wp\/v2\/tags?post=34166"}],"curies":[{"name":"wp","href":"https:\/\/api.w.org\/{rel}","templated":true}]}}