{"id":34224,"date":"2022-11-08T10:22:06","date_gmt":"2022-11-08T13:22:06","guid":{"rendered":"https:\/\/crc.org.ar\/w\/?p=34224"},"modified":"2022-11-08T10:22:22","modified_gmt":"2022-11-08T13:22:22","slug":"regatas-presente-en-el-aniversario-de-nautico-zarate","status":"publish","type":"post","link":"https:\/\/crc.org.ar\/w\/regatas-presente-en-el-aniversario-de-nautico-zarate\/","title":{"rendered":"Regatas presente en el aniversario de N\u00e1utico Z\u00e1rate"},"content":{"rendered":"\n<p>(Martes 8 de noviembre de 2022). Deportistas regatenses lograron muy buenos resultados con podios en diversas categor\u00edas y pruebas, adem\u00e1s de contar con una numerosa delegaci\u00f3n.<\/p>\n\n\n\n<!--more-->\n\n\n\n<figure class=\"wp-block-image alignwide size-full\"><img decoding=\"async\" src=\"https:\/\/crc.org.ar\/w\/wp-content\/uploads\/2022\/11\/Equipo-CRC.jpeg\" alt=\"\" class=\"wp-image-34225\"\/><\/figure>\n\n\n\n<p>El fin de semana se llev\u00f3 adelante la Regata Oficial \u201c94\u00b0 Aniversario\u201d del Club N\u00e1utico Z\u00e1rate en donde el Club de Regatas Corrientes se hizo presente con una delegaci\u00f3n de 28 remeros, quienes tuvieron un gran desempe\u00f1o en las competencias.<\/p>\n\n\n\n<p>En total fueron 16 los podios logrados por los atletas correntinos en el fin de semana. Fueron siete oros, tres platas y seis bronces, redondeando una gran actuaci\u00f3n del equipo del parque Mitre.<\/p>\n\n\n\n<p>La delegaci\u00f3n de Regatas Corrientes estuvo acompa\u00f1ada por el entrenador y coordinador del remo <strong>Harris Gonz\u00e1lez Escobar. <\/strong>Adem\u00e1s, estuvieron tambi\u00e9n como instructores <strong>Natalia Ch\u00e1vez <\/strong>y <strong>Nicol\u00e1s Ayala.<\/strong><\/p>\n\n\n\n<p>Cabe remarcar que esta competencia fue la \u00faltima regata para los promocionales y para los oficiales de cara al Campeonato Argentino, el cual se desarrollar\u00e1 desde el 22 al 27 de noviembre en Villa Constituci\u00f3n, Santa Fe.<\/p>\n\n\n\n<figure class=\"wp-block-gallery alignwide has-nested-images columns-6 is-cropped wp-block-gallery-1 is-layout-flex wp-block-gallery-is-layout-flex\">\n<figure class=\"wp-block-image size-full\"><a href=\"https:\/\/crc.org.ar\/w\/wp-content\/uploads\/2022\/11\/WhatsApp-Image-2022-11-08-at-09.41.53-1.jpeg\"><img loading=\"lazy\" decoding=\"async\" width=\"721\" height=\"481\" data-id=\"34226\" src=\"https:\/\/crc.org.ar\/w\/wp-content\/uploads\/2022\/11\/WhatsApp-Image-2022-11-08-at-09.41.53-1.jpeg\" alt=\"\" class=\"wp-image-34226\" srcset=\"https:\/\/crc.org.ar\/w\/wp-content\/uploads\/2022\/11\/WhatsApp-Image-2022-11-08-at-09.41.53-1.jpeg 721w, https:\/\/crc.org.ar\/w\/wp-content\/uploads\/2022\/11\/WhatsApp-Image-2022-11-08-at-09.41.53-1-300x200.jpeg 300w\" sizes=\"(max-width: 721px) 100vw, 721px\" \/><\/a><\/figure>\n\n\n\n<figure class=\"wp-block-image size-full\"><a href=\"https:\/\/crc.org.ar\/w\/wp-content\/uploads\/2022\/11\/WhatsApp-Image-2022-11-08-at-09.41.53.jpeg\"><img loading=\"lazy\" decoding=\"async\" width=\"721\" height=\"481\" data-id=\"34236\" src=\"https:\/\/crc.org.ar\/w\/wp-content\/uploads\/2022\/11\/WhatsApp-Image-2022-11-08-at-09.41.53.jpeg\" alt=\"\" class=\"wp-image-34236\" srcset=\"https:\/\/crc.org.ar\/w\/wp-content\/uploads\/2022\/11\/WhatsApp-Image-2022-11-08-at-09.41.53.jpeg 721w, https:\/\/crc.org.ar\/w\/wp-content\/uploads\/2022\/11\/WhatsApp-Image-2022-11-08-at-09.41.53-300x200.jpeg 300w\" sizes=\"(max-width: 721px) 100vw, 721px\" \/><\/a><\/figure>\n\n\n\n<figure class=\"wp-block-image size-full\"><a href=\"https:\/\/crc.org.ar\/w\/wp-content\/uploads\/2022\/11\/WhatsApp-Image-2022-11-08-at-09.41.54-1.jpeg\"><img loading=\"lazy\" decoding=\"async\" width=\"721\" height=\"481\" data-id=\"34235\" src=\"https:\/\/crc.org.ar\/w\/wp-content\/uploads\/2022\/11\/WhatsApp-Image-2022-11-08-at-09.41.54-1.jpeg\" alt=\"\" class=\"wp-image-34235\" srcset=\"https:\/\/crc.org.ar\/w\/wp-content\/uploads\/2022\/11\/WhatsApp-Image-2022-11-08-at-09.41.54-1.jpeg 721w, https:\/\/crc.org.ar\/w\/wp-content\/uploads\/2022\/11\/WhatsApp-Image-2022-11-08-at-09.41.54-1-300x200.jpeg 300w\" sizes=\"(max-width: 721px) 100vw, 721px\" \/><\/a><\/figure>\n\n\n\n<figure class=\"wp-block-image size-full\"><a href=\"https:\/\/crc.org.ar\/w\/wp-content\/uploads\/2022\/11\/WhatsApp-Image-2022-11-08-at-09.41.54-2.jpeg\"><img loading=\"lazy\" decoding=\"async\" width=\"721\" height=\"481\" data-id=\"34234\" src=\"https:\/\/crc.org.ar\/w\/wp-content\/uploads\/2022\/11\/WhatsApp-Image-2022-11-08-at-09.41.54-2.jpeg\" alt=\"\" class=\"wp-image-34234\" srcset=\"https:\/\/crc.org.ar\/w\/wp-content\/uploads\/2022\/11\/WhatsApp-Image-2022-11-08-at-09.41.54-2.jpeg 721w, https:\/\/crc.org.ar\/w\/wp-content\/uploads\/2022\/11\/WhatsApp-Image-2022-11-08-at-09.41.54-2-300x200.jpeg 300w\" sizes=\"(max-width: 721px) 100vw, 721px\" \/><\/a><\/figure>\n\n\n\n<figure class=\"wp-block-image size-full\"><a href=\"https:\/\/crc.org.ar\/w\/wp-content\/uploads\/2022\/11\/WhatsApp-Image-2022-11-08-at-09.41.54.jpeg\"><img loading=\"lazy\" decoding=\"async\" width=\"721\" height=\"481\" data-id=\"34230\" src=\"https:\/\/crc.org.ar\/w\/wp-content\/uploads\/2022\/11\/WhatsApp-Image-2022-11-08-at-09.41.54.jpeg\" alt=\"\" class=\"wp-image-34230\" srcset=\"https:\/\/crc.org.ar\/w\/wp-content\/uploads\/2022\/11\/WhatsApp-Image-2022-11-08-at-09.41.54.jpeg 721w, https:\/\/crc.org.ar\/w\/wp-content\/uploads\/2022\/11\/WhatsApp-Image-2022-11-08-at-09.41.54-300x200.jpeg 300w\" sizes=\"(max-width: 721px) 100vw, 721px\" \/><\/a><\/figure>\n\n\n\n<figure class=\"wp-block-image size-full\"><a href=\"https:\/\/crc.org.ar\/w\/wp-content\/uploads\/2022\/11\/WhatsApp-Image-2022-11-08-at-09.41.55-1.jpeg\"><img loading=\"lazy\" decoding=\"async\" width=\"900\" height=\"1125\" data-id=\"34233\" src=\"https:\/\/crc.org.ar\/w\/wp-content\/uploads\/2022\/11\/WhatsApp-Image-2022-11-08-at-09.41.55-1.jpeg\" alt=\"\" class=\"wp-image-34233\" srcset=\"https:\/\/crc.org.ar\/w\/wp-content\/uploads\/2022\/11\/WhatsApp-Image-2022-11-08-at-09.41.55-1.jpeg 900w, https:\/\/crc.org.ar\/w\/wp-content\/uploads\/2022\/11\/WhatsApp-Image-2022-11-08-at-09.41.55-1-240x300.jpeg 240w, https:\/\/crc.org.ar\/w\/wp-content\/uploads\/2022\/11\/WhatsApp-Image-2022-11-08-at-09.41.55-1-768x960.jpeg 768w\" sizes=\"(max-width: 900px) 100vw, 900px\" \/><\/a><\/figure>\n\n\n\n<figure class=\"wp-block-image size-full\"><a href=\"https:\/\/crc.org.ar\/w\/wp-content\/uploads\/2022\/11\/WhatsApp-Image-2022-11-08-at-09.41.55-2.jpeg\"><img loading=\"lazy\" decoding=\"async\" width=\"721\" height=\"481\" data-id=\"34232\" src=\"https:\/\/crc.org.ar\/w\/wp-content\/uploads\/2022\/11\/WhatsApp-Image-2022-11-08-at-09.41.55-2.jpeg\" alt=\"\" class=\"wp-image-34232\" srcset=\"https:\/\/crc.org.ar\/w\/wp-content\/uploads\/2022\/11\/WhatsApp-Image-2022-11-08-at-09.41.55-2.jpeg 721w, https:\/\/crc.org.ar\/w\/wp-content\/uploads\/2022\/11\/WhatsApp-Image-2022-11-08-at-09.41.55-2-300x200.jpeg 300w\" sizes=\"(max-width: 721px) 100vw, 721px\" \/><\/a><\/figure>\n\n\n\n<figure class=\"wp-block-image size-full\"><a href=\"https:\/\/crc.org.ar\/w\/wp-content\/uploads\/2022\/11\/WhatsApp-Image-2022-11-08-at-09.41.55.jpeg\"><img loading=\"lazy\" decoding=\"async\" width=\"721\" height=\"481\" data-id=\"34228\" src=\"https:\/\/crc.org.ar\/w\/wp-content\/uploads\/2022\/11\/WhatsApp-Image-2022-11-08-at-09.41.55.jpeg\" alt=\"\" class=\"wp-image-34228\" srcset=\"https:\/\/crc.org.ar\/w\/wp-content\/uploads\/2022\/11\/WhatsApp-Image-2022-11-08-at-09.41.55.jpeg 721w, https:\/\/crc.org.ar\/w\/wp-content\/uploads\/2022\/11\/WhatsApp-Image-2022-11-08-at-09.41.55-300x200.jpeg 300w\" sizes=\"(max-width: 721px) 100vw, 721px\" \/><\/a><\/figure>\n\n\n\n<figure class=\"wp-block-image size-full\"><a href=\"https:\/\/crc.org.ar\/w\/wp-content\/uploads\/2022\/11\/WhatsApp-Image-2022-11-08-at-09.41.56-1.jpeg\"><img loading=\"lazy\" decoding=\"async\" width=\"720\" height=\"561\" data-id=\"34227\" src=\"https:\/\/crc.org.ar\/w\/wp-content\/uploads\/2022\/11\/WhatsApp-Image-2022-11-08-at-09.41.56-1.jpeg\" alt=\"\" class=\"wp-image-34227\" srcset=\"https:\/\/crc.org.ar\/w\/wp-content\/uploads\/2022\/11\/WhatsApp-Image-2022-11-08-at-09.41.56-1.jpeg 720w, https:\/\/crc.org.ar\/w\/wp-content\/uploads\/2022\/11\/WhatsApp-Image-2022-11-08-at-09.41.56-1-300x234.jpeg 300w\" sizes=\"(max-width: 720px) 100vw, 720px\" \/><\/a><\/figure>\n\n\n\n<figure class=\"wp-block-image size-full\"><a href=\"https:\/\/crc.org.ar\/w\/wp-content\/uploads\/2022\/11\/WhatsApp-Image-2022-11-08-at-09.41.56.jpeg\"><img loading=\"lazy\" decoding=\"async\" width=\"1080\" height=\"1080\" data-id=\"34231\" src=\"https:\/\/crc.org.ar\/w\/wp-content\/uploads\/2022\/11\/WhatsApp-Image-2022-11-08-at-09.41.56.jpeg\" alt=\"\" class=\"wp-image-34231\" srcset=\"https:\/\/crc.org.ar\/w\/wp-content\/uploads\/2022\/11\/WhatsApp-Image-2022-11-08-at-09.41.56.jpeg 1080w, https:\/\/crc.org.ar\/w\/wp-content\/uploads\/2022\/11\/WhatsApp-Image-2022-11-08-at-09.41.56-300x300.jpeg 300w, https:\/\/crc.org.ar\/w\/wp-content\/uploads\/2022\/11\/WhatsApp-Image-2022-11-08-at-09.41.56-150x150.jpeg 150w, https:\/\/crc.org.ar\/w\/wp-content\/uploads\/2022\/11\/WhatsApp-Image-2022-11-08-at-09.41.56-768x768.jpeg 768w\" sizes=\"(max-width: 1080px) 100vw, 1080px\" \/><\/a><\/figure>\n\n\n\n<figure class=\"wp-block-image size-full\"><a href=\"https:\/\/crc.org.ar\/w\/wp-content\/uploads\/2022\/11\/WhatsApp-Image-2022-11-08-at-09.41.57.jpeg\"><img loading=\"lazy\" decoding=\"async\" width=\"720\" height=\"709\" data-id=\"34229\" src=\"https:\/\/crc.org.ar\/w\/wp-content\/uploads\/2022\/11\/WhatsApp-Image-2022-11-08-at-09.41.57.jpeg\" alt=\"\" class=\"wp-image-34229\" srcset=\"https:\/\/crc.org.ar\/w\/wp-content\/uploads\/2022\/11\/WhatsApp-Image-2022-11-08-at-09.41.57.jpeg 720w, https:\/\/crc.org.ar\/w\/wp-content\/uploads\/2022\/11\/WhatsApp-Image-2022-11-08-at-09.41.57-300x295.jpeg 300w\" sizes=\"(max-width: 720px) 100vw, 720px\" \/><\/a><\/figure>\n<\/figure>\n\n\n\n<h2 class=\"has-text-align-center wp-block-heading\"><strong>Resultados de las regatas<\/strong><\/h2>\n\n\n\n<p><strong>Primer puesto<\/strong><\/p>\n\n\n\n<p>2x libre masculino Tomas Romero y Mat\u00edas Leconte<\/p>\n\n\n\n<p>1x sub 23 femenino Agostina Manzotti<\/p>\n\n\n\n<p>2x libre femenino Natalia Chavez y Luz Fedullo<\/p>\n\n\n\n<p>2x sub 23 femenino Luz Fedullo y Agostina Manzotti<\/p>\n\n\n\n<p>1x sub 23 masculino Tom\u00e1s Romero<\/p>\n\n\n\n<p>1x clinker libre femenino Oriana Meza<\/p>\n\n\n\n<p>1x clinker masculino Juan Mat\u00edas Slootmans<\/p>\n\n\n\n<p><strong>Segundo puesto<\/strong><\/p>\n\n\n\n<p>Paseo libre femenino Luz Gonz\u00e1lez<\/p>\n\n\n\n<p>Peseo sub 16 femenino Malena Almir\u00f3n<\/p>\n\n\n\n<p>Paseo libre masculino Juan Cruz Aguayo<\/p>\n\n\n\n<p><strong>Tercer puesto<\/strong><\/p>\n\n\n\n<p>2x menor masculino Tob\u00edas Roncati y Enzo Lujan<\/p>\n\n\n\n<p>2x menor femenino Sabrina Zibelman y Fiorela Mendez<\/p>\n\n\n\n<p>Paseo sub 14 femenino Guillermina Lencina<\/p>\n\n\n\n<p>Paseo sub 14 masculino Tob\u00edas Galarza<\/p>\n\n\n\n<p>Paseo libre femenino Leticia Gonz\u00e1lez<\/p>\n\n\n\n<p>1x clinker masculino Lautaro Valenzuela<\/p>\n\n\n\n<p><strong>Cuartos puestos<\/strong><\/p>\n\n\n\n<p>Paseo sub 12 femenino Luana Irup\u00e9 Rodr\u00edguez<\/p>\n\n\n\n<p>Paseo libre masculino Gustavo Sotelo y Sebasti\u00e1n Pineda<\/p>\n\n\n\n<p>2x menor masculino Juan Cruz Sandoval e Ignacio Alarc\u00f3n<\/p>\n\n\n\n<p>Paseo sub 14 masculino Gabriel Villalba<\/p>\n\n\n\n<p><strong>Quinto puesto<\/strong><\/p>\n\n\n\n<p>2x libre masculino Nicol\u00e1s Ver\u00f3n y Fausto Dom\u00ednguez<\/p>\n\n\n\n<p>2x menor masculino Vicente Zimbalist y Juan Pablo Canet Fages<\/p>\n","protected":false},"excerpt":{"rendered":"<p>(Martes 8 de noviembre de 2022). Deportistas regatenses lograron muy buenos resultados con podios en diversas categor\u00edas y pruebas, adem\u00e1s de contar con una numerosa delegaci\u00f3n. El fin de semana se llev\u00f3 adelante la Regata Oficial \u201c94\u00b0 Aniversario\u201d del Club N\u00e1utico Z\u00e1rate en donde el Club de Regatas Corrientes se hizo presente con una delegaci\u00f3n &hellip;<\/p>\n","protected":false},"author":6,"featured_media":34225,"comment_status":"closed","ping_status":"closed","sticky":false,"template":"","format":"standard","meta":{"footnotes":""},"categories":[156,18],"tags":[],"_links":{"self":[{"href":"https:\/\/crc.org.ar\/w\/wp-json\/wp\/v2\/posts\/34224"}],"collection":[{"href":"https:\/\/crc.org.ar\/w\/wp-json\/wp\/v2\/posts"}],"about":[{"href":"https:\/\/crc.org.ar\/w\/wp-json\/wp\/v2\/types\/post"}],"author":[{"embeddable":true,"href":"https:\/\/crc.org.ar\/w\/wp-json\/wp\/v2\/users\/6"}],"replies":[{"embeddable":true,"href":"https:\/\/crc.org.ar\/w\/wp-json\/wp\/v2\/comments?post=34224"}],"version-history":[{"count":1,"href":"https:\/\/crc.org.ar\/w\/wp-json\/wp\/v2\/posts\/34224\/revisions"}],"predecessor-version":[{"id":34237,"href":"https:\/\/crc.org.ar\/w\/wp-json\/wp\/v2\/posts\/34224\/revisions\/34237"}],"wp:featuredmedia":[{"embeddable":true,"href":"https:\/\/crc.org.ar\/w\/wp-json\/wp\/v2\/media\/34225"}],"wp:attachment":[{"href":"https:\/\/crc.org.ar\/w\/wp-json\/wp\/v2\/media?parent=34224"}],"wp:term":[{"taxonomy":"category","embeddable":true,"href":"https:\/\/crc.org.ar\/w\/wp-json\/wp\/v2\/categories?post=34224"},{"taxonomy":"post_tag","embeddable":true,"href":"https:\/\/crc.org.ar\/w\/wp-json\/wp\/v2\/tags?post=34224"}],"curies":[{"name":"wp","href":"https:\/\/api.w.org\/{rel}","templated":true}]}}