{"id":34300,"date":"2022-11-18T13:08:26","date_gmt":"2022-11-18T16:08:26","guid":{"rendered":"https:\/\/crc.org.ar\/w\/?p=34300"},"modified":"2022-11-18T13:08:28","modified_gmt":"2022-11-18T16:08:28","slug":"guillermina-blanco-entreno-con-la-preseleccion-y-quedo-a-la-espera-de-definiciones","status":"publish","type":"post","link":"https:\/\/crc.org.ar\/w\/guillermina-blanco-entreno-con-la-preseleccion-y-quedo-a-la-espera-de-definiciones\/","title":{"rendered":"Guillermina Blanco entren\u00f3 con la preselecci\u00f3n y qued\u00f3 a la espera de definiciones"},"content":{"rendered":"\n<p>(Viernes 18 de noviembre de 2022). La jugadora regatense estuvo presente en el entrenamiento de la preselecci\u00f3n argentina de cesto en La Pedrera de cara al primer Mundial del deporte.<\/p>\n\n\n\n<!--more-->\n\n\n\n<figure class=\"wp-block-image alignwide size-full\"><img decoding=\"async\" src=\"https:\/\/crc.org.ar\/w\/wp-content\/uploads\/2022\/11\/WhatsApp-Image-2022-11-15-at-09.02.10.jpeg\" alt=\"\" class=\"wp-image-34301\"\/><\/figure>\n\n\n\n<p>En La Pedrera, San Luis, se llev\u00f3 a cabo la primera concentraci\u00f3n de la lista preliminar de la Selecci\u00f3n Argentina de Cestoball de cara al primer Mundial de la disciplina. All\u00ed estuvo presente <strong>Guillermina Blanco, <\/strong>la jugadora del Club de Regatas Corrientes.<\/p>\n\n\n\n<p>La cita se desarroll\u00f3 del 5 al 7 de noviembre pasado, y tuvo a 27 jugadoras de todo el pa\u00eds convocadas y luchando por un lugar en la lista definitiva para integrar la Selecci\u00f3n Nacional.<\/p>\n\n\n\n<p>La jugadora Remera ven\u00eda de una gran tarea en el Argentino de selecciones, donde defendi\u00f3 la camiseta de la Provincia, y eso le vali\u00f3 la convocatoria a la preselecci\u00f3n, junto con <strong>Juliana Mi\u00f1o, <\/strong>la otra correntina del Club Boca Unidos.<\/p>\n\n\n<div class=\"wp-block-image\">\n<figure class=\"aligncenter size-full\"><img loading=\"lazy\" decoding=\"async\" width=\"1600\" height=\"1102\" src=\"https:\/\/crc.org.ar\/w\/wp-content\/uploads\/2022\/11\/WhatsApp-Image-2022-11-15-at-09.02.12.jpeg\" alt=\"\" class=\"wp-image-34302\" srcset=\"https:\/\/crc.org.ar\/w\/wp-content\/uploads\/2022\/11\/WhatsApp-Image-2022-11-15-at-09.02.12.jpeg 1600w, https:\/\/crc.org.ar\/w\/wp-content\/uploads\/2022\/11\/WhatsApp-Image-2022-11-15-at-09.02.12-300x207.jpeg 300w, https:\/\/crc.org.ar\/w\/wp-content\/uploads\/2022\/11\/WhatsApp-Image-2022-11-15-at-09.02.12-768x529.jpeg 768w, https:\/\/crc.org.ar\/w\/wp-content\/uploads\/2022\/11\/WhatsApp-Image-2022-11-15-at-09.02.12-1536x1058.jpeg 1536w\" sizes=\"(max-width: 1600px) 100vw, 1600px\" \/><\/figure><\/div>\n\n\n<p>Fueron tres d\u00edas a puro cesto, con trabajos t\u00e9cnicos, t\u00e1cticos y tambi\u00e9n f\u00edsicos en el estadio Arena de La Pedrera. El evento m\u00e1s importante se dio el s\u00e1bado por la tarde, donde se armaron dos equipos con las jugadoras y llevaron adelante un partido para ver las condiciones de cada una en la cancha.<\/p>\n\n\n\n<p>Tras su participaci\u00f3n, <strong>Blanco <\/strong>cont\u00f3 que \u201cfue una experiencia \u00fanica. Di lo todo lo que ten\u00eda y espero que el resultado haya sido el que esperaba. S\u00e9 que estaba con las mejores jugadoras del pa\u00eds, son todas muy buenas, pero tengo esperanzas de poder quedar en la lista definitiva\u201d.<\/p>\n\n\n<div class=\"wp-block-image\">\n<figure class=\"aligncenter size-full is-resized\"><img loading=\"lazy\" decoding=\"async\" src=\"https:\/\/crc.org.ar\/w\/wp-content\/uploads\/2022\/11\/Guillermina-Blanco1-768x990-1.jpg\" alt=\"\" class=\"wp-image-34303\" width=\"401\" height=\"517\" srcset=\"https:\/\/crc.org.ar\/w\/wp-content\/uploads\/2022\/11\/Guillermina-Blanco1-768x990-1.jpg 768w, https:\/\/crc.org.ar\/w\/wp-content\/uploads\/2022\/11\/Guillermina-Blanco1-768x990-1-233x300.jpg 233w\" sizes=\"(max-width: 401px) 100vw, 401px\" \/><\/figure><\/div>\n\n\n<p>Adem\u00e1s, en los \u00faltimos d\u00edas la Asociaci\u00f3n Internacional de Cesto (ICA) llev\u00f3 a cabo una reuni\u00f3n con los miembros de las diferentes confederaciones participantes, y se defini\u00f3 la fecha para el Mundial India 2023, el cual se jugar\u00e1 en la ciudad de Bangalore del 24 al 28 de abril.<\/p>\n","protected":false},"excerpt":{"rendered":"<p>(Viernes 18 de noviembre de 2022). La jugadora regatense estuvo presente en el entrenamiento de la preselecci\u00f3n argentina de cesto en La Pedrera de cara al primer Mundial del deporte. En La Pedrera, San Luis, se llev\u00f3 a cabo la primera concentraci\u00f3n de la lista preliminar de la Selecci\u00f3n Argentina de Cestoball de cara al &hellip;<\/p>\n","protected":false},"author":6,"featured_media":34301,"comment_status":"closed","ping_status":"closed","sticky":false,"template":"","format":"standard","meta":{"footnotes":""},"categories":[82,156],"tags":[],"_links":{"self":[{"href":"https:\/\/crc.org.ar\/w\/wp-json\/wp\/v2\/posts\/34300"}],"collection":[{"href":"https:\/\/crc.org.ar\/w\/wp-json\/wp\/v2\/posts"}],"about":[{"href":"https:\/\/crc.org.ar\/w\/wp-json\/wp\/v2\/types\/post"}],"author":[{"embeddable":true,"href":"https:\/\/crc.org.ar\/w\/wp-json\/wp\/v2\/users\/6"}],"replies":[{"embeddable":true,"href":"https:\/\/crc.org.ar\/w\/wp-json\/wp\/v2\/comments?post=34300"}],"version-history":[{"count":1,"href":"https:\/\/crc.org.ar\/w\/wp-json\/wp\/v2\/posts\/34300\/revisions"}],"predecessor-version":[{"id":34304,"href":"https:\/\/crc.org.ar\/w\/wp-json\/wp\/v2\/posts\/34300\/revisions\/34304"}],"wp:featuredmedia":[{"embeddable":true,"href":"https:\/\/crc.org.ar\/w\/wp-json\/wp\/v2\/media\/34301"}],"wp:attachment":[{"href":"https:\/\/crc.org.ar\/w\/wp-json\/wp\/v2\/media?parent=34300"}],"wp:term":[{"taxonomy":"category","embeddable":true,"href":"https:\/\/crc.org.ar\/w\/wp-json\/wp\/v2\/categories?post=34300"},{"taxonomy":"post_tag","embeddable":true,"href":"https:\/\/crc.org.ar\/w\/wp-json\/wp\/v2\/tags?post=34300"}],"curies":[{"name":"wp","href":"https:\/\/api.w.org\/{rel}","templated":true}]}}