{"id":34397,"date":"2022-11-28T11:24:46","date_gmt":"2022-11-28T14:24:46","guid":{"rendered":"https:\/\/crc.org.ar\/w\/?p=34397"},"modified":"2022-11-28T11:26:18","modified_gmt":"2022-11-28T14:26:18","slug":"gran-actuacion-de-gimnastas-regatenses-en-barraqueras","status":"publish","type":"post","link":"https:\/\/crc.org.ar\/w\/gran-actuacion-de-gimnastas-regatenses-en-barraqueras\/","title":{"rendered":"Gran actuaci\u00f3n de gimnastas regatenses en Barranqueras"},"content":{"rendered":"\n<p>Una nutrida delegaci\u00f3n de gimnastas del Club de Regatas Corrientes particip\u00f3 de la 2da Copa Trampol\u00edn organizada por Aereal Barranqueras.<\/p>\n\n\n\n<!--more-->\n\n\n\n<figure class=\"wp-block-image size-full\"><img loading=\"lazy\" decoding=\"async\" width=\"1600\" height=\"800\" src=\"https:\/\/crc.org.ar\/w\/wp-content\/uploads\/2022\/11\/WhatsApp-Image-2022-11-27-at-11.57.38.jpeg\" alt=\"\" class=\"wp-image-34398\" srcset=\"https:\/\/crc.org.ar\/w\/wp-content\/uploads\/2022\/11\/WhatsApp-Image-2022-11-27-at-11.57.38.jpeg 1600w, https:\/\/crc.org.ar\/w\/wp-content\/uploads\/2022\/11\/WhatsApp-Image-2022-11-27-at-11.57.38-300x150.jpeg 300w, https:\/\/crc.org.ar\/w\/wp-content\/uploads\/2022\/11\/WhatsApp-Image-2022-11-27-at-11.57.38-768x384.jpeg 768w, https:\/\/crc.org.ar\/w\/wp-content\/uploads\/2022\/11\/WhatsApp-Image-2022-11-27-at-11.57.38-1536x768.jpeg 1536w\" sizes=\"(max-width: 1600px) 100vw, 1600px\" \/><\/figure>\n\n\n\n<p>El Club de Regatas Corrientes dijo presente el pasado fin de semana de la 2da Copa Trampol\u00edn organizada por el gimnasio Aereal Barranqueras. La delegaci\u00f3n regatense se meti\u00f3 en el podio finalizando en el 3er puesto por equipos.<\/p>\n\n\n\n<p>El evento se realiz\u00f3 el d\u00eda domingo en el Club Don Orione. Regatas particip\u00f3 con 31 gimnastas desde los 5 a\u00f1os en adelante en la modalidad Tumbling que se destacaron consiguiendo varios podios. <\/p>\n\n\n\n<figure class=\"wp-block-gallery alignwide has-nested-images columns-default is-cropped wp-block-gallery-1 is-layout-flex wp-block-gallery-is-layout-flex\">\n<figure class=\"wp-block-image size-large\"><a href=\"https:\/\/crc.org.ar\/w\/wp-content\/uploads\/2022\/11\/WhatsApp-Image-2022-11-28-at-08.58.46-2.jpeg\"><img loading=\"lazy\" decoding=\"async\" width=\"1431\" height=\"1600\" data-id=\"34403\" src=\"https:\/\/crc.org.ar\/w\/wp-content\/uploads\/2022\/11\/WhatsApp-Image-2022-11-28-at-08.58.46-2.jpeg\" alt=\"\" class=\"wp-image-34403\" srcset=\"https:\/\/crc.org.ar\/w\/wp-content\/uploads\/2022\/11\/WhatsApp-Image-2022-11-28-at-08.58.46-2.jpeg 1431w, https:\/\/crc.org.ar\/w\/wp-content\/uploads\/2022\/11\/WhatsApp-Image-2022-11-28-at-08.58.46-2-268x300.jpeg 268w, https:\/\/crc.org.ar\/w\/wp-content\/uploads\/2022\/11\/WhatsApp-Image-2022-11-28-at-08.58.46-2-768x859.jpeg 768w, https:\/\/crc.org.ar\/w\/wp-content\/uploads\/2022\/11\/WhatsApp-Image-2022-11-28-at-08.58.46-2-1374x1536.jpeg 1374w\" sizes=\"(max-width: 1431px) 100vw, 1431px\" \/><\/a><\/figure>\n\n\n\n<figure class=\"wp-block-image size-large\"><a href=\"https:\/\/crc.org.ar\/w\/wp-content\/uploads\/2022\/11\/WhatsApp-Image-2022-11-28-at-08.58.46-1.jpeg\"><img loading=\"lazy\" decoding=\"async\" width=\"1600\" height=\"1080\" data-id=\"34400\" src=\"https:\/\/crc.org.ar\/w\/wp-content\/uploads\/2022\/11\/WhatsApp-Image-2022-11-28-at-08.58.46-1.jpeg\" alt=\"\" class=\"wp-image-34400\" srcset=\"https:\/\/crc.org.ar\/w\/wp-content\/uploads\/2022\/11\/WhatsApp-Image-2022-11-28-at-08.58.46-1.jpeg 1600w, https:\/\/crc.org.ar\/w\/wp-content\/uploads\/2022\/11\/WhatsApp-Image-2022-11-28-at-08.58.46-1-300x203.jpeg 300w, https:\/\/crc.org.ar\/w\/wp-content\/uploads\/2022\/11\/WhatsApp-Image-2022-11-28-at-08.58.46-1-768x518.jpeg 768w, https:\/\/crc.org.ar\/w\/wp-content\/uploads\/2022\/11\/WhatsApp-Image-2022-11-28-at-08.58.46-1-1536x1037.jpeg 1536w, https:\/\/crc.org.ar\/w\/wp-content\/uploads\/2022\/11\/WhatsApp-Image-2022-11-28-at-08.58.46-1-220x150.jpeg 220w\" sizes=\"(max-width: 1600px) 100vw, 1600px\" \/><\/a><\/figure>\n\n\n\n<figure class=\"wp-block-image size-large\"><a href=\"https:\/\/crc.org.ar\/w\/?attachment_id=34404\"><img loading=\"lazy\" decoding=\"async\" width=\"1600\" height=\"1200\" data-id=\"34404\" src=\"https:\/\/crc.org.ar\/w\/wp-content\/uploads\/2022\/11\/WhatsApp-Image-2022-11-28-at-08.58.46.jpeg\" alt=\"\" class=\"wp-image-34404\" srcset=\"https:\/\/crc.org.ar\/w\/wp-content\/uploads\/2022\/11\/WhatsApp-Image-2022-11-28-at-08.58.46.jpeg 1600w, https:\/\/crc.org.ar\/w\/wp-content\/uploads\/2022\/11\/WhatsApp-Image-2022-11-28-at-08.58.46-300x225.jpeg 300w, https:\/\/crc.org.ar\/w\/wp-content\/uploads\/2022\/11\/WhatsApp-Image-2022-11-28-at-08.58.46-768x576.jpeg 768w, https:\/\/crc.org.ar\/w\/wp-content\/uploads\/2022\/11\/WhatsApp-Image-2022-11-28-at-08.58.46-1536x1152.jpeg 1536w\" sizes=\"(max-width: 1600px) 100vw, 1600px\" \/><\/a><\/figure>\n\n\n\n<figure class=\"wp-block-image size-large\"><a href=\"https:\/\/crc.org.ar\/w\/wp-content\/uploads\/2022\/11\/WhatsApp-Image-2022-11-27-at-11.57.39.jpeg\"><img loading=\"lazy\" decoding=\"async\" width=\"1600\" height=\"1181\" data-id=\"34406\" src=\"https:\/\/crc.org.ar\/w\/wp-content\/uploads\/2022\/11\/WhatsApp-Image-2022-11-27-at-11.57.39.jpeg\" alt=\"\" class=\"wp-image-34406\" srcset=\"https:\/\/crc.org.ar\/w\/wp-content\/uploads\/2022\/11\/WhatsApp-Image-2022-11-27-at-11.57.39.jpeg 1600w, https:\/\/crc.org.ar\/w\/wp-content\/uploads\/2022\/11\/WhatsApp-Image-2022-11-27-at-11.57.39-300x221.jpeg 300w, https:\/\/crc.org.ar\/w\/wp-content\/uploads\/2022\/11\/WhatsApp-Image-2022-11-27-at-11.57.39-768x567.jpeg 768w, https:\/\/crc.org.ar\/w\/wp-content\/uploads\/2022\/11\/WhatsApp-Image-2022-11-27-at-11.57.39-1536x1134.jpeg 1536w\" sizes=\"(max-width: 1600px) 100vw, 1600px\" \/><\/a><\/figure>\n\n\n\n<figure class=\"wp-block-image size-large\"><a href=\"https:\/\/crc.org.ar\/w\/wp-content\/uploads\/2022\/11\/WhatsApp-Image-2022-11-27-at-11.57.38-1.jpeg\"><img loading=\"lazy\" decoding=\"async\" width=\"1600\" height=\"940\" data-id=\"34399\" src=\"https:\/\/crc.org.ar\/w\/wp-content\/uploads\/2022\/11\/WhatsApp-Image-2022-11-27-at-11.57.38-1.jpeg\" alt=\"\" class=\"wp-image-34399\" srcset=\"https:\/\/crc.org.ar\/w\/wp-content\/uploads\/2022\/11\/WhatsApp-Image-2022-11-27-at-11.57.38-1.jpeg 1600w, https:\/\/crc.org.ar\/w\/wp-content\/uploads\/2022\/11\/WhatsApp-Image-2022-11-27-at-11.57.38-1-300x176.jpeg 300w, https:\/\/crc.org.ar\/w\/wp-content\/uploads\/2022\/11\/WhatsApp-Image-2022-11-27-at-11.57.38-1-768x451.jpeg 768w, https:\/\/crc.org.ar\/w\/wp-content\/uploads\/2022\/11\/WhatsApp-Image-2022-11-27-at-11.57.38-1-1536x902.jpeg 1536w\" sizes=\"(max-width: 1600px) 100vw, 1600px\" \/><\/a><\/figure>\n\n\n\n<figure class=\"wp-block-image size-large\"><a href=\"https:\/\/crc.org.ar\/w\/wp-content\/uploads\/2022\/11\/WhatsApp-Image-2022-11-27-at-11.06.56.jpeg\"><img loading=\"lazy\" decoding=\"async\" width=\"1600\" height=\"828\" data-id=\"34401\" src=\"https:\/\/crc.org.ar\/w\/wp-content\/uploads\/2022\/11\/WhatsApp-Image-2022-11-27-at-11.06.56.jpeg\" alt=\"\" class=\"wp-image-34401\" srcset=\"https:\/\/crc.org.ar\/w\/wp-content\/uploads\/2022\/11\/WhatsApp-Image-2022-11-27-at-11.06.56.jpeg 1600w, https:\/\/crc.org.ar\/w\/wp-content\/uploads\/2022\/11\/WhatsApp-Image-2022-11-27-at-11.06.56-300x155.jpeg 300w, https:\/\/crc.org.ar\/w\/wp-content\/uploads\/2022\/11\/WhatsApp-Image-2022-11-27-at-11.06.56-768x397.jpeg 768w, https:\/\/crc.org.ar\/w\/wp-content\/uploads\/2022\/11\/WhatsApp-Image-2022-11-27-at-11.06.56-1536x795.jpeg 1536w\" sizes=\"(max-width: 1600px) 100vw, 1600px\" \/><\/a><\/figure>\n\n\n\n<figure class=\"wp-block-image size-large\"><a href=\"https:\/\/crc.org.ar\/w\/wp-content\/uploads\/2022\/11\/WhatsApp-Image-2022-11-27-at-11.03.47-1.jpeg\"><img loading=\"lazy\" decoding=\"async\" width=\"1600\" height=\"1200\" data-id=\"34405\" src=\"https:\/\/crc.org.ar\/w\/wp-content\/uploads\/2022\/11\/WhatsApp-Image-2022-11-27-at-11.03.47-1.jpeg\" alt=\"\" class=\"wp-image-34405\" srcset=\"https:\/\/crc.org.ar\/w\/wp-content\/uploads\/2022\/11\/WhatsApp-Image-2022-11-27-at-11.03.47-1.jpeg 1600w, https:\/\/crc.org.ar\/w\/wp-content\/uploads\/2022\/11\/WhatsApp-Image-2022-11-27-at-11.03.47-1-300x225.jpeg 300w, https:\/\/crc.org.ar\/w\/wp-content\/uploads\/2022\/11\/WhatsApp-Image-2022-11-27-at-11.03.47-1-768x576.jpeg 768w, https:\/\/crc.org.ar\/w\/wp-content\/uploads\/2022\/11\/WhatsApp-Image-2022-11-27-at-11.03.47-1-1536x1152.jpeg 1536w\" sizes=\"(max-width: 1600px) 100vw, 1600px\" \/><\/a><\/figure>\n\n\n\n<figure class=\"wp-block-image size-large\"><a href=\"https:\/\/crc.org.ar\/w\/wp-content\/uploads\/2022\/11\/WhatsApp-Image-2022-11-27-at-11.03.47.jpeg\"><img loading=\"lazy\" decoding=\"async\" width=\"1600\" height=\"1277\" data-id=\"34402\" src=\"https:\/\/crc.org.ar\/w\/wp-content\/uploads\/2022\/11\/WhatsApp-Image-2022-11-27-at-11.03.47.jpeg\" alt=\"\" class=\"wp-image-34402\" srcset=\"https:\/\/crc.org.ar\/w\/wp-content\/uploads\/2022\/11\/WhatsApp-Image-2022-11-27-at-11.03.47.jpeg 1600w, https:\/\/crc.org.ar\/w\/wp-content\/uploads\/2022\/11\/WhatsApp-Image-2022-11-27-at-11.03.47-300x239.jpeg 300w, https:\/\/crc.org.ar\/w\/wp-content\/uploads\/2022\/11\/WhatsApp-Image-2022-11-27-at-11.03.47-768x613.jpeg 768w, https:\/\/crc.org.ar\/w\/wp-content\/uploads\/2022\/11\/WhatsApp-Image-2022-11-27-at-11.03.47-1536x1226.jpeg 1536w\" sizes=\"(max-width: 1600px) 100vw, 1600px\" \/><\/a><\/figure>\n<\/figure>\n\n\n\n<h2 class=\"wp-block-heading\">PODIOS REGATENSES<\/h2>\n\n\n\n<p><strong>Modalidad Tumbling D1 Todas las categor\u00edas<\/strong><\/p>\n\n\n\n<p>M\u00eda Aldetere 4to puesto<\/p>\n\n\n\n<p>Brianna Vargas 1er puesto<\/p>\n\n\n\n<p>Emilia Benitez 5to puesto<\/p>\n\n\n\n<p>Sigalit Shoijet 6to puesto<\/p>\n\n\n\n<p>Evangelina Levatti 6to puesto<\/p>\n\n\n\n<p>Lina Cendra Ver\u00f3n 3er puesto<\/p>\n\n\n\n<p>Guillermina Yardin 4to puesto<\/p>\n\n\n\n<p>Juanita Villalba 6to puesto<\/p>\n\n\n\n<p>Morena G\u00f3mez Almir\u00f3n 3er puesto<\/p>\n\n\n\n<p>Kiara G\u00f3mez 4to puesto<\/p>\n\n\n\n<p>Hellen Montenegro 5to puesto<\/p>\n\n\n\n<p>Bianca Barboza 1er puesto<\/p>\n\n\n\n<p>Adriana Mroginski 2do puesto<\/p>\n\n\n\n<p>Podio por equipos<\/p>\n\n\n\n<p>Primer puesto fue para Gimnasio Pocholo Aguilar (Resistencia), segundo para Serie Libre (Corrientes) y tercero Regatas Corrientes.<\/p>\n","protected":false},"excerpt":{"rendered":"<p>Una nutrida delegaci\u00f3n de gimnastas del Club de Regatas Corrientes particip\u00f3 de la 2da Copa Trampol\u00edn organizada por Aereal Barranqueras. El Club de Regatas Corrientes dijo presente el pasado fin de semana de la 2da Copa Trampol\u00edn organizada por el gimnasio Aereal Barranqueras. La delegaci\u00f3n regatense se meti\u00f3 en el podio finalizando en el 3er &hellip;<\/p>\n","protected":false},"author":6,"featured_media":34398,"comment_status":"closed","ping_status":"closed","sticky":false,"template":"","format":"standard","meta":{"footnotes":""},"categories":[156,64],"tags":[222,332,191,269],"_links":{"self":[{"href":"https:\/\/crc.org.ar\/w\/wp-json\/wp\/v2\/posts\/34397"}],"collection":[{"href":"https:\/\/crc.org.ar\/w\/wp-json\/wp\/v2\/posts"}],"about":[{"href":"https:\/\/crc.org.ar\/w\/wp-json\/wp\/v2\/types\/post"}],"author":[{"embeddable":true,"href":"https:\/\/crc.org.ar\/w\/wp-json\/wp\/v2\/users\/6"}],"replies":[{"embeddable":true,"href":"https:\/\/crc.org.ar\/w\/wp-json\/wp\/v2\/comments?post=34397"}],"version-history":[{"count":3,"href":"https:\/\/crc.org.ar\/w\/wp-json\/wp\/v2\/posts\/34397\/revisions"}],"predecessor-version":[{"id":34410,"href":"https:\/\/crc.org.ar\/w\/wp-json\/wp\/v2\/posts\/34397\/revisions\/34410"}],"wp:featuredmedia":[{"embeddable":true,"href":"https:\/\/crc.org.ar\/w\/wp-json\/wp\/v2\/media\/34398"}],"wp:attachment":[{"href":"https:\/\/crc.org.ar\/w\/wp-json\/wp\/v2\/media?parent=34397"}],"wp:term":[{"taxonomy":"category","embeddable":true,"href":"https:\/\/crc.org.ar\/w\/wp-json\/wp\/v2\/categories?post=34397"},{"taxonomy":"post_tag","embeddable":true,"href":"https:\/\/crc.org.ar\/w\/wp-json\/wp\/v2\/tags?post=34397"}],"curies":[{"name":"wp","href":"https:\/\/api.w.org\/{rel}","templated":true}]}}