{"id":34557,"date":"2022-12-12T19:12:53","date_gmt":"2022-12-12T22:12:53","guid":{"rendered":"https:\/\/crc.org.ar\/w\/?p=34557"},"modified":"2022-12-12T19:12:56","modified_gmt":"2022-12-12T22:12:56","slug":"lafuente-y-escobar-trajeron-medallas-del-sudamericano-escolar","status":"publish","type":"post","link":"https:\/\/crc.org.ar\/w\/lafuente-y-escobar-trajeron-medallas-del-sudamericano-escolar\/","title":{"rendered":"Lafuente y Escobar trajeron medallas del Sudamericano Escolar"},"content":{"rendered":"\n<p>(Lunes 12 de diciembre de 2022). Los nadadores regatenses tuvieron una gran actuaci\u00f3n representando a la Argentina en el torneo desarrollado en Asunci\u00f3n.<\/p>\n\n\n\n<!--more-->\n\n\n\n<figure class=\"wp-block-image alignwide size-full\"><img decoding=\"async\" src=\"https:\/\/crc.org.ar\/w\/wp-content\/uploads\/2022\/12\/Lafuente-Escobar-posta.jpeg\" alt=\"\" class=\"wp-image-34558\"\/><\/figure>\n\n\n\n<p>Desde el pasado martes 6 hasta el domingo 11 se llevaron a cabo la XXVI edici\u00f3n de los Juegos Sudamericanos Escolares en la ciudad de Asunci\u00f3n, Paraguay. All\u00ed, representando a Argentina estuvieron los nadadores del Club de Regatas Corrientes <strong>Ezequiel Lafuente <\/strong>y <strong>Joaqu\u00edn Escobar.<\/strong><\/p>\n\n\n\n<p>Ambos coronaron su tremendo 2022 consiguiendo colgarse preseas en la competencia internacional, demostrando porque fueron considerados para representar al pa\u00eds.<\/p>\n\n\n\n<p>La actuaci\u00f3n m\u00e1s sobresaliente fue la de <strong>Lafuente, <\/strong>quien se trajo medallas para el pa\u00eds, una de plata y tres de bronce. Por su parte, <strong>Escobar <\/strong>consigui\u00f3 colgarse tambi\u00e9n una de plata.<\/p>\n\n\n<div class=\"wp-block-image\">\n<figure class=\"aligncenter size-full is-resized\"><img loading=\"lazy\" decoding=\"async\" src=\"https:\/\/crc.org.ar\/w\/wp-content\/uploads\/2022\/12\/www.instagram.com_p_Cl43AngLXFM__igshidMDJmNzVkMjY3D.png\" alt=\"\" class=\"wp-image-34559\" width=\"502\" height=\"547\" srcset=\"https:\/\/crc.org.ar\/w\/wp-content\/uploads\/2022\/12\/www.instagram.com_p_Cl43AngLXFM__igshidMDJmNzVkMjY3D.png 656w, https:\/\/crc.org.ar\/w\/wp-content\/uploads\/2022\/12\/www.instagram.com_p_Cl43AngLXFM__igshidMDJmNzVkMjY3D-275x300.png 275w\" sizes=\"(max-width: 502px) 100vw, 502px\" \/><\/figure><\/div>\n\n\n<p><strong>Ezequiel <\/strong>y <strong>Joaqu\u00edn <\/strong>compartieron la posta de 4x50metros combinados donde terminaron 2\u00b0 junto con <strong>Leonel Silva <\/strong>y <strong>Santiago Castillo.<\/strong><\/p>\n\n\n\n<p>Adem\u00e1s, <strong>Lafuente <\/strong>se subi\u00f3 al podio consiguiendo la de bronce en los 50 metros pecho, quedando en el 4\u00b0 lugar <strong>Joaqu\u00edn Escobar, <\/strong>en los 200 metros combinados y en los 100 metros pecho<strong>. <\/strong>Por su parte, <strong>Escobar <\/strong>termin\u00f3 4\u00b0 a un paso del podio en los 50 metros espalda, en la posta 4&#215;50 metros libres, y finaliz\u00f3 6\u00b0 en los 100 metros pecho.<\/p>\n\n\n<div class=\"wp-block-image\">\n<figure class=\"aligncenter size-full is-resized\"><img loading=\"lazy\" decoding=\"async\" src=\"https:\/\/crc.org.ar\/w\/wp-content\/uploads\/2022\/12\/Escobar.png\" alt=\"\" class=\"wp-image-34560\" width=\"458\" height=\"352\" srcset=\"https:\/\/crc.org.ar\/w\/wp-content\/uploads\/2022\/12\/Escobar.png 686w, https:\/\/crc.org.ar\/w\/wp-content\/uploads\/2022\/12\/Escobar-300x230.png 300w\" sizes=\"(max-width: 458px) 100vw, 458px\" \/><\/figure><\/div>\n\n\n<p>Recordemos que el certamen est\u00e1 destinado para deportistas de \u00e9lite de entre 12 y 14 a\u00f1os de diferentes y congreg\u00f3 a m\u00e1s de 1500 atletas de diferentes deportes y de 12 pa\u00edses de Am\u00e9rica del Sur.<\/p>\n\n\n\n<p>En cuanto a la nataci\u00f3n, Argentina termin\u00f3 en la 4\u00b0 posici\u00f3n en le medallero de la disciplina.<\/p>\n\n\n\n<h2 class=\"has-text-align-center wp-block-heading\"><strong>Nacional de infantiles y menores<\/strong><\/h2>\n\n\n\n<p>Desde el 14 al 17 de diciembre se desarrollar\u00e1 en el Parque Ol\u00edmpico de Buenos Aires el Campeonato Nacional de la Rep\u00fablica para Infantiles y Menores, donde estar\u00e1 participando el equipo del Club de Regatas Corrientes.<\/p>\n\n\n\n<p>Los nadadores que competir\u00e1n ser\u00e1n <strong>Tania Ferreyra, Lucila Baldoni, Sof\u00eda Fages, Lara Almir\u00f3n, Ana Paula Cabral, Zoe Ram\u00edrez Encina <\/strong>y <strong>Emanuel Trossero.<\/strong><\/p>\n\n\n\n<p>La delegaci\u00f3n que partir\u00e1 rumbo a Buenos Aires el lunes cerca de la media noche, estar\u00e1 acompa\u00f1ada por los entrenadores <strong>Leonardo Cabral <\/strong>y <strong>Soledad Schultheins<\/strong>.<\/p>\n","protected":false},"excerpt":{"rendered":"<p>(Lunes 12 de diciembre de 2022). Los nadadores regatenses tuvieron una gran actuaci\u00f3n representando a la Argentina en el torneo desarrollado en Asunci\u00f3n. Desde el pasado martes 6 hasta el domingo 11 se llevaron a cabo la XXVI edici\u00f3n de los Juegos Sudamericanos Escolares en la ciudad de Asunci\u00f3n, Paraguay. All\u00ed, representando a Argentina estuvieron &hellip;<\/p>\n","protected":false},"author":6,"featured_media":34558,"comment_status":"closed","ping_status":"closed","sticky":false,"template":"","format":"standard","meta":{"footnotes":""},"categories":[69,156],"tags":[],"_links":{"self":[{"href":"https:\/\/crc.org.ar\/w\/wp-json\/wp\/v2\/posts\/34557"}],"collection":[{"href":"https:\/\/crc.org.ar\/w\/wp-json\/wp\/v2\/posts"}],"about":[{"href":"https:\/\/crc.org.ar\/w\/wp-json\/wp\/v2\/types\/post"}],"author":[{"embeddable":true,"href":"https:\/\/crc.org.ar\/w\/wp-json\/wp\/v2\/users\/6"}],"replies":[{"embeddable":true,"href":"https:\/\/crc.org.ar\/w\/wp-json\/wp\/v2\/comments?post=34557"}],"version-history":[{"count":1,"href":"https:\/\/crc.org.ar\/w\/wp-json\/wp\/v2\/posts\/34557\/revisions"}],"predecessor-version":[{"id":34561,"href":"https:\/\/crc.org.ar\/w\/wp-json\/wp\/v2\/posts\/34557\/revisions\/34561"}],"wp:featuredmedia":[{"embeddable":true,"href":"https:\/\/crc.org.ar\/w\/wp-json\/wp\/v2\/media\/34558"}],"wp:attachment":[{"href":"https:\/\/crc.org.ar\/w\/wp-json\/wp\/v2\/media?parent=34557"}],"wp:term":[{"taxonomy":"category","embeddable":true,"href":"https:\/\/crc.org.ar\/w\/wp-json\/wp\/v2\/categories?post=34557"},{"taxonomy":"post_tag","embeddable":true,"href":"https:\/\/crc.org.ar\/w\/wp-json\/wp\/v2\/tags?post=34557"}],"curies":[{"name":"wp","href":"https:\/\/api.w.org\/{rel}","templated":true}]}}