{"id":34706,"date":"2023-01-11T10:25:35","date_gmt":"2023-01-11T13:25:35","guid":{"rendered":"https:\/\/crc.org.ar\/w\/?p=34706"},"modified":"2023-01-11T10:25:36","modified_gmt":"2023-01-11T13:25:36","slug":"la-escuela-de-remo-regatense-continua-a-pleno","status":"publish","type":"post","link":"https:\/\/crc.org.ar\/w\/la-escuela-de-remo-regatense-continua-a-pleno\/","title":{"rendered":"La escuela de remo regatense contin\u00faa a pleno"},"content":{"rendered":"\n<p>(Mi\u00e9rcoles 11 de enero de 2023). La escuela de remo de verano de Regatas Corrientes es la oportunidad perfecta para aprender un deporte que combina actividad f\u00edsica con naturaleza.<\/p>\n\n\n\n<!--more-->\n\n\n\n<figure class=\"wp-block-image alignwide size-large\"><img decoding=\"async\" src=\"https:\/\/crc.org.ar\/w\/wp-content\/uploads\/2023\/01\/Regata-2-2048x1366.jpg\" alt=\"\" class=\"wp-image-34707\"\/><\/figure>\n\n\n\n<p>El Club de Regatas Corrientes informa que se encuentra funcionando la Escuela de Remo de verano de la instituci\u00f3n, cuyas actividades se realizan en distintos d\u00edas y horarios de acuerdo a los grupos y edades.<\/p>\n\n\n\n<h2 class=\"has-text-align-center wp-block-heading\"><strong>REQUISITOS<\/strong><\/h2>\n\n\n\n<p>La actividad destinada para los socios de la instituci\u00f3n de 10 a 17 a\u00f1os, tiene como requisito indispensable saber nadar. Adem\u00e1s, deber\u00e1 presentar apto m\u00e9dico, presentado al d\u00eda de inicio de la instrucci\u00f3n y autorizaci\u00f3n para realizar la actividad firmada por los padres o tutores.<\/p>\n\n\n\n<p>La inscripci\u00f3n se realiza en el Galp\u00f3n de Botes del club del Parque Mitre. Son con cupos por grupos (10 alumnos) y todav\u00eda hay lugares disponibles. Se recomienda traer ropa y calzado adecuado, adem\u00e1s de asistir con protector solar, repelente y botella de agua para hidratarse.<\/p>\n\n\n\n<h2 class=\"has-text-align-center wp-block-heading\"><strong>D\u00cdAS Y HORARIOS<\/strong><\/h2>\n\n\n\n<p>Los grupos quedaron establecidos de la siguiente manera seg\u00fan los d\u00edas y horarios correspondientes:<\/p>\n\n\n\n<p>Grupo de 10 a 13 a\u00f1os &#8211; Martes y jueves de 16:00 a 17:30hs.<\/p>\n\n\n\n<p>Grupo de 14 y 15 a\u00f1os &#8211; Lunes y mi\u00e9rcoles de 16:00 a 17:30hs.<\/p>\n\n\n\n<p>Grupo 16 a 17 a\u00f1os &#8211; Lunes y mi\u00e9rcoles de 17:30 a 19:00hs.<\/p>\n\n\n\n<h2 class=\"has-text-align-center wp-block-heading\"><strong>OBJETIVOS<\/strong><\/h2>\n\n\n\n<p>La Escuela de verano, tradicional en Regatas Corrientes, est\u00e1 orientada, en principio, para que los interesados sepan remar, para disfrutar del r\u00edo y la naturaleza, y como actividad recreativa y de esparcimiento.<\/p>\n\n\n\n<p>Sin embargo, todos aquellos que tengan condiciones y ganas, en su b\u00fasqueda de sumar j\u00f3venes a la actividad, el Club los invitar\u00e1 a incorporarse al pre plantel, para all\u00ed ver y potenciar sus destrezas.<\/p>\n\n\n\n<p>Todos aquellos que quieran tomar parte de las clases de remo, se los invita a concurrir al Galp\u00f3n de Botes de la instituci\u00f3n, en los horarios se\u00f1alados.<\/p>\n","protected":false},"excerpt":{"rendered":"<p>(Mi\u00e9rcoles 11 de enero de 2023). La escuela de remo de verano de Regatas Corrientes es la oportunidad perfecta para aprender un deporte que combina actividad f\u00edsica con naturaleza. El Club de Regatas Corrientes informa que se encuentra funcionando la Escuela de Remo de verano de la instituci\u00f3n, cuyas actividades se realizan en distintos d\u00edas &hellip;<\/p>\n","protected":false},"author":6,"featured_media":34707,"comment_status":"closed","ping_status":"closed","sticky":false,"template":"","format":"standard","meta":{"footnotes":""},"categories":[156,18],"tags":[],"_links":{"self":[{"href":"https:\/\/crc.org.ar\/w\/wp-json\/wp\/v2\/posts\/34706"}],"collection":[{"href":"https:\/\/crc.org.ar\/w\/wp-json\/wp\/v2\/posts"}],"about":[{"href":"https:\/\/crc.org.ar\/w\/wp-json\/wp\/v2\/types\/post"}],"author":[{"embeddable":true,"href":"https:\/\/crc.org.ar\/w\/wp-json\/wp\/v2\/users\/6"}],"replies":[{"embeddable":true,"href":"https:\/\/crc.org.ar\/w\/wp-json\/wp\/v2\/comments?post=34706"}],"version-history":[{"count":1,"href":"https:\/\/crc.org.ar\/w\/wp-json\/wp\/v2\/posts\/34706\/revisions"}],"predecessor-version":[{"id":34708,"href":"https:\/\/crc.org.ar\/w\/wp-json\/wp\/v2\/posts\/34706\/revisions\/34708"}],"wp:featuredmedia":[{"embeddable":true,"href":"https:\/\/crc.org.ar\/w\/wp-json\/wp\/v2\/media\/34707"}],"wp:attachment":[{"href":"https:\/\/crc.org.ar\/w\/wp-json\/wp\/v2\/media?parent=34706"}],"wp:term":[{"taxonomy":"category","embeddable":true,"href":"https:\/\/crc.org.ar\/w\/wp-json\/wp\/v2\/categories?post=34706"},{"taxonomy":"post_tag","embeddable":true,"href":"https:\/\/crc.org.ar\/w\/wp-json\/wp\/v2\/tags?post=34706"}],"curies":[{"name":"wp","href":"https:\/\/api.w.org\/{rel}","templated":true}]}}