{"id":34975,"date":"2023-02-13T20:48:49","date_gmt":"2023-02-13T23:48:49","guid":{"rendered":"https:\/\/crc.org.ar\/w\/?p=34975"},"modified":"2023-02-13T20:48:51","modified_gmt":"2023-02-13T23:48:51","slug":"regatas-hizo-entrega-de-elementos-para-la-disciplina-de-remo","status":"publish","type":"post","link":"https:\/\/crc.org.ar\/w\/regatas-hizo-entrega-de-elementos-para-la-disciplina-de-remo\/","title":{"rendered":"Regatas hizo entrega de elementos para la disciplina de remo"},"content":{"rendered":"\n<p>(Lunes 13 de febrero de 2023). El remo regatense recibi\u00f3 un remoerg\u00f3metro, un bote y otros elementos para continuar fortaleciendo los trabajos deportivos.<\/p>\n\n\n\n<!--more-->\n\n\n\n<figure class=\"wp-block-image alignwide size-large\"><img decoding=\"async\" src=\"https:\/\/crc.org.ar\/w\/wp-content\/uploads\/2023\/02\/Entrega-elementos-2048x1362.jpg\" alt=\"\" class=\"wp-image-34976\"\/><\/figure>\n\n\n\n<p>El lunes por la tarde en el Club de Regatas Corrientes la Honorable Comisi\u00f3n Directiva de la instituci\u00f3n hizo entrega de nuevos elementos para la disciplina de remo en un simb\u00f3lico acto que se desarroll\u00f3 en la terraza del Sal\u00f3n Multiusos.<\/p>\n\n\n\n<p>Los materiales entregados fueron un remoerg\u00f3metro de marca especializada Concept 2, un bote single de fibra de vidrio, carritos, rieles, toletes y zapatillas, todo para la alta competencia. Adem\u00e1s, se compraron nuevos pares de remo que estar\u00e1n llegando en los pr\u00f3ximos d\u00edas, y se anunci\u00f3 que se comprar\u00e1n dos botes m\u00e1s, un single y un doble.<\/p>\n\n\n\n<figure class=\"wp-block-gallery alignfull has-nested-images columns-default is-cropped wp-block-gallery-1 is-layout-flex wp-block-gallery-is-layout-flex\">\n<figure class=\"wp-block-image size-full\"><a href=\"https:\/\/crc.org.ar\/w\/wp-content\/uploads\/2023\/02\/Elementos-1-scaled.jpg\"><img loading=\"lazy\" decoding=\"async\" width=\"2560\" height=\"1708\" data-id=\"34981\" src=\"https:\/\/crc.org.ar\/w\/wp-content\/uploads\/2023\/02\/Elementos-1-scaled.jpg\" alt=\"\" class=\"wp-image-34981\" srcset=\"https:\/\/crc.org.ar\/w\/wp-content\/uploads\/2023\/02\/Elementos-1-scaled.jpg 2560w, https:\/\/crc.org.ar\/w\/wp-content\/uploads\/2023\/02\/Elementos-1-300x200.jpg 300w, https:\/\/crc.org.ar\/w\/wp-content\/uploads\/2023\/02\/Elementos-1-2048x1366.jpg 2048w, https:\/\/crc.org.ar\/w\/wp-content\/uploads\/2023\/02\/Elementos-1-768x512.jpg 768w, https:\/\/crc.org.ar\/w\/wp-content\/uploads\/2023\/02\/Elementos-1-1536x1025.jpg 1536w\" sizes=\"(max-width: 2560px) 100vw, 2560px\" \/><\/a><\/figure>\n\n\n\n<figure class=\"wp-block-image size-full\"><a href=\"https:\/\/crc.org.ar\/w\/wp-content\/uploads\/2023\/02\/Bote-scaled.jpg\"><img loading=\"lazy\" decoding=\"async\" width=\"2560\" height=\"1708\" data-id=\"34980\" src=\"https:\/\/crc.org.ar\/w\/wp-content\/uploads\/2023\/02\/Bote-scaled.jpg\" alt=\"\" class=\"wp-image-34980\" srcset=\"https:\/\/crc.org.ar\/w\/wp-content\/uploads\/2023\/02\/Bote-scaled.jpg 2560w, https:\/\/crc.org.ar\/w\/wp-content\/uploads\/2023\/02\/Bote-300x200.jpg 300w, https:\/\/crc.org.ar\/w\/wp-content\/uploads\/2023\/02\/Bote-2048x1366.jpg 2048w, https:\/\/crc.org.ar\/w\/wp-content\/uploads\/2023\/02\/Bote-768x512.jpg 768w, https:\/\/crc.org.ar\/w\/wp-content\/uploads\/2023\/02\/Bote-1536x1025.jpg 1536w\" sizes=\"(max-width: 2560px) 100vw, 2560px\" \/><\/a><\/figure>\n\n\n\n<figure class=\"wp-block-image size-full\"><a href=\"https:\/\/crc.org.ar\/w\/wp-content\/uploads\/2023\/02\/Remoergometro-scaled.jpg\"><img loading=\"lazy\" decoding=\"async\" width=\"2560\" height=\"1708\" data-id=\"34982\" src=\"https:\/\/crc.org.ar\/w\/wp-content\/uploads\/2023\/02\/Remoergometro-scaled.jpg\" alt=\"\" class=\"wp-image-34982\" srcset=\"https:\/\/crc.org.ar\/w\/wp-content\/uploads\/2023\/02\/Remoergometro-scaled.jpg 2560w, https:\/\/crc.org.ar\/w\/wp-content\/uploads\/2023\/02\/Remoergometro-300x200.jpg 300w, https:\/\/crc.org.ar\/w\/wp-content\/uploads\/2023\/02\/Remoergometro-2048x1366.jpg 2048w, https:\/\/crc.org.ar\/w\/wp-content\/uploads\/2023\/02\/Remoergometro-768x512.jpg 768w, https:\/\/crc.org.ar\/w\/wp-content\/uploads\/2023\/02\/Remoergometro-1536x1025.jpg 1536w\" sizes=\"(max-width: 2560px) 100vw, 2560px\" \/><\/a><\/figure>\n<\/figure>\n\n\n\n<p>En el evento estuvo el presidente de la instituci\u00f3n, Dr. <strong>Eduardo Tassano<\/strong>, acompa\u00f1ado por el vicepresidente <strong>Francisco Mac\u00edas <\/strong>y el vocal 1\u00b0 <strong>Juan Jos\u00e9 L\u00f3pez Desimoni<\/strong>. Adem\u00e1s, se hicieron presentes <strong>Jorge Terrile<\/strong>, secretario de deportes de la Provincia de Corrientes, <strong>Juan Enrique Braillard Poccard<\/strong>, secretario de turismo y deportes de la municipalidad, <strong>Mat\u00edas Bocal\u00f3n<\/strong>, subsecretario de deportes y eventos grandes y <strong>Ram\u00f3n Vallejos<\/strong>, secretario de deporte comunitario de la ciudad.<\/p>\n\n\n<div class=\"wp-block-image\">\n<figure class=\"aligncenter size-large is-resized\"><img loading=\"lazy\" decoding=\"async\" src=\"https:\/\/crc.org.ar\/w\/wp-content\/uploads\/2023\/02\/Secretario-2048x1448.jpg\" alt=\"\" class=\"wp-image-34977\" width=\"553\" height=\"390\" srcset=\"https:\/\/crc.org.ar\/w\/wp-content\/uploads\/2023\/02\/Secretario-2048x1448.jpg 2048w, https:\/\/crc.org.ar\/w\/wp-content\/uploads\/2023\/02\/Secretario-300x212.jpg 300w, https:\/\/crc.org.ar\/w\/wp-content\/uploads\/2023\/02\/Secretario-768x543.jpg 768w, https:\/\/crc.org.ar\/w\/wp-content\/uploads\/2023\/02\/Secretario-1536x1086.jpg 1536w\" sizes=\"(max-width: 553px) 100vw, 553px\" \/><\/figure><\/div>\n\n\n<p>Por su parte, estuvieron deportistas, padres, profesores y socios del club, quienes fueron los beneficiarios de los nuevos elementos para continuar con los trabajos deportivos en una de las actividades fundacionales.<\/p>\n\n\n\n<p>En el acto comenz\u00f3 brindando unas palabras la remera <strong>Agostina Manzotti<\/strong>, luego le sigui\u00f3 el coordinador e instructor de remo,<strong> Harris Gonz\u00e1lez Escobar<\/strong>, quien mostr\u00f3 su agradecimiento por el apoyo. Despu\u00e9s tom\u00f3 la posta el secretario de deportes provincial, y por \u00faltimo habl\u00f3 el presidente del club, <strong>Eduardo Tassano<\/strong>.<\/p>\n\n\n\n<p>El mandatario expres\u00f3 en la oportunidad: \u201cEste tipo de actos de reencuentros con las disciplinas deportivas tienen un profundo significado para nosotros y est\u00e1n enmarcados dentro de la celebraci\u00f3n de los primeros 100 a\u00f1os de nuestro club\u201d.<\/p>\n\n\n\n<figure class=\"wp-block-image alignwide size-large\"><img loading=\"lazy\" decoding=\"async\" width=\"2048\" height=\"1367\" src=\"https:\/\/crc.org.ar\/w\/wp-content\/uploads\/2023\/02\/Tassano-2-2048x1367.jpg\" alt=\"\" class=\"wp-image-34979\" srcset=\"https:\/\/crc.org.ar\/w\/wp-content\/uploads\/2023\/02\/Tassano-2-2048x1367.jpg 2048w, https:\/\/crc.org.ar\/w\/wp-content\/uploads\/2023\/02\/Tassano-2-300x200.jpg 300w, https:\/\/crc.org.ar\/w\/wp-content\/uploads\/2023\/02\/Tassano-2-768x513.jpg 768w, https:\/\/crc.org.ar\/w\/wp-content\/uploads\/2023\/02\/Tassano-2-1536x1025.jpg 1536w\" sizes=\"(max-width: 2048px) 100vw, 2048px\" \/><\/figure>\n\n\n\n<p>Tambi\u00e9n, aprovech\u00f3 para destacar el trabajo que se viene haciendo desde lo deportivo en la disciplina: \u201cDespu\u00e9s de mucho tiempo estamos teniendo 45 remeros federados, y eso es algo que nos da satisfacci\u00f3n porque nos da la pauta que se est\u00e1 haciendo un gran trabajo\u201d.<\/p>\n\n\n\n<p>Por otro lado, aprovech\u00f3 para mencionar que se est\u00e1 trabajando con donaciones del empresariado privado de la ciudad, y que en este caso, el remoerg\u00f3metro tuvo un importante aporte de la empresa SyK.<\/p>\n\n\n\n<p>Est\u00e1 entrega de materiales se enmarca en los eventos que comenzaron a realizarse en festejo de los 100 a\u00f1os del Club de Regatas, y que adem\u00e1s son una muestra de la apuesta que realiza la instituci\u00f3n para uno de sus deportes m\u00e1s importantes y fundacional como lo es el remo, que viene de tener un gran 2022 donde consigui\u00f3 el Regatas de Oro de la mano de Agostina Manzotti.<\/p>\n","protected":false},"excerpt":{"rendered":"<p>(Lunes 13 de febrero de 2023). El remo regatense recibi\u00f3 un remoerg\u00f3metro, un bote y otros elementos para continuar fortaleciendo los trabajos deportivos. El lunes por la tarde en el Club de Regatas Corrientes la Honorable Comisi\u00f3n Directiva de la instituci\u00f3n hizo entrega de nuevos elementos para la disciplina de remo en un simb\u00f3lico acto &hellip;<\/p>\n","protected":false},"author":6,"featured_media":34976,"comment_status":"closed","ping_status":"closed","sticky":false,"template":"","format":"standard","meta":{"footnotes":""},"categories":[156,18],"tags":[],"_links":{"self":[{"href":"https:\/\/crc.org.ar\/w\/wp-json\/wp\/v2\/posts\/34975"}],"collection":[{"href":"https:\/\/crc.org.ar\/w\/wp-json\/wp\/v2\/posts"}],"about":[{"href":"https:\/\/crc.org.ar\/w\/wp-json\/wp\/v2\/types\/post"}],"author":[{"embeddable":true,"href":"https:\/\/crc.org.ar\/w\/wp-json\/wp\/v2\/users\/6"}],"replies":[{"embeddable":true,"href":"https:\/\/crc.org.ar\/w\/wp-json\/wp\/v2\/comments?post=34975"}],"version-history":[{"count":1,"href":"https:\/\/crc.org.ar\/w\/wp-json\/wp\/v2\/posts\/34975\/revisions"}],"predecessor-version":[{"id":34983,"href":"https:\/\/crc.org.ar\/w\/wp-json\/wp\/v2\/posts\/34975\/revisions\/34983"}],"wp:featuredmedia":[{"embeddable":true,"href":"https:\/\/crc.org.ar\/w\/wp-json\/wp\/v2\/media\/34976"}],"wp:attachment":[{"href":"https:\/\/crc.org.ar\/w\/wp-json\/wp\/v2\/media?parent=34975"}],"wp:term":[{"taxonomy":"category","embeddable":true,"href":"https:\/\/crc.org.ar\/w\/wp-json\/wp\/v2\/categories?post=34975"},{"taxonomy":"post_tag","embeddable":true,"href":"https:\/\/crc.org.ar\/w\/wp-json\/wp\/v2\/tags?post=34975"}],"curies":[{"name":"wp","href":"https:\/\/api.w.org\/{rel}","templated":true}]}}