{"id":3509,"date":"2017-07-04T23:43:37","date_gmt":"2017-07-05T02:43:37","guid":{"rendered":"http:\/\/www.crc.org.ar\/w\/?p=3509"},"modified":"2017-07-17T15:27:12","modified_gmt":"2017-07-17T18:27:12","slug":"el-perico-aquino-prepara-su-xv-edicion","status":"publish","type":"post","link":"https:\/\/crc.org.ar\/w\/el-perico-aquino-prepara-su-xv-edicion\/","title":{"rendered":"El &#8220;Perico Aquino&#8221; prepara su XV edici\u00f3n"},"content":{"rendered":"<p>(Martes 4 de julio de 2017). La XV edici\u00f3n del Encuentro de Minib\u00e1squetbol \u201cPerico Aquino\u201d, que en la oportunidad tendr\u00e1 car\u00e1cter Nacional, se llevar\u00e1 a cabo del 20 al 23 de julio pr\u00f3ximo, organizado por la subcomisi\u00f3n de b\u00e1squetbol del Club de Regatas Corrientes.<\/p>\n<p><!--more--><\/p>\n<p>Ya en la cuenta regresiva de una de las marcas registradas del Club de Regatas Corrientes, se contin\u00faa trabajando intensamente para el tradicional Encuentro de Minib\u00e1squetbol, \u201cPerico Aquino\u201d, en su XV edici\u00f3n.<\/p>\n<p><a href=\"http:\/\/www.crc.org.ar\/w\/wp-content\/uploads\/2017\/07\/Tostado_opt.jpg\"><img loading=\"lazy\" decoding=\"async\" class=\"alignleft size-medium wp-image-3510\" src=\"http:\/\/www.crc.org.ar\/w\/wp-content\/uploads\/2017\/07\/Tostado_opt-300x182.jpg\" alt=\"\" width=\"300\" height=\"182\" srcset=\"https:\/\/crc.org.ar\/w\/wp-content\/uploads\/2017\/07\/Tostado_opt-300x182.jpg 300w, https:\/\/crc.org.ar\/w\/wp-content\/uploads\/2017\/07\/Tostado_opt.jpg 400w\" sizes=\"(max-width: 300px) 100vw, 300px\" \/><\/a>El Encuentro regatense que tendr\u00e1 seis circuitos, en donde se involucrar\u00e1 a una docena de clubes de la capital correntina, se llevar\u00e1 a cabo entre el 20 al 23 de julio pr\u00f3ximo, aprovechando las vacaciones escolares de invierno.<\/p>\n<p>Tras el cierre de inscripci\u00f3n, ya hace varios d\u00edas atr\u00e1s, comenz\u00f3 el proceso de ratificaci\u00f3n de inscripciones para ir armando las parejas de clubes visitantes y receptores; adem\u00e1s de habilitar la lista de espera para sumar nuevos clubes, por posibles bajas.<\/p>\n<p>De all\u00ed que se est\u00e1 ultimando detalles para la confirmaci\u00f3n de la grilla definitiva, aunque a modo de adelanto se puede confirmar que dir\u00e1n presentes 70 clubes del NEA, y de otros puntos cardinales del pa\u00eds, como as\u00ed tambi\u00e9n de la Rep\u00fablica del Paraguay.<\/p>\n<p>Esto permitir\u00e1 contar con m\u00e1s de ciento cuarenta (140) equipos, entre las categor\u00edas Premini y Mini, por lo estar\u00e1n jugando en la capital correntina m\u00e1s de mil seiscientos chicos, aproximadamente.<\/p>\n<p>La modalidad ser\u00e1 la de siempre, con los equipos de capital y de Resistencia como receptores de los clubes visitantes; con el Acto Central el s\u00e1bado 22 a las 18.30 horas, y la cena de bienvenida el jueves 20 a las 21.30 hs.<\/p>\n","protected":false},"excerpt":{"rendered":"<p>(Martes 4 de julio de 2017). La XV edici\u00f3n del Encuentro de Minib\u00e1squetbol \u201cPerico Aquino\u201d, que en la oportunidad tendr\u00e1 car\u00e1cter Nacional, se llevar\u00e1 a cabo del 20 al 23 de julio pr\u00f3ximo, organizado por la subcomisi\u00f3n de b\u00e1squetbol del Club de Regatas Corrientes. Ya en la cuenta regresiva de una de las marcas registradas &hellip;<\/p>\n","protected":false},"author":1,"featured_media":3510,"comment_status":"closed","ping_status":"open","sticky":false,"template":"","format":"standard","meta":{"footnotes":""},"categories":[66,133],"tags":[],"_links":{"self":[{"href":"https:\/\/crc.org.ar\/w\/wp-json\/wp\/v2\/posts\/3509"}],"collection":[{"href":"https:\/\/crc.org.ar\/w\/wp-json\/wp\/v2\/posts"}],"about":[{"href":"https:\/\/crc.org.ar\/w\/wp-json\/wp\/v2\/types\/post"}],"author":[{"embeddable":true,"href":"https:\/\/crc.org.ar\/w\/wp-json\/wp\/v2\/users\/1"}],"replies":[{"embeddable":true,"href":"https:\/\/crc.org.ar\/w\/wp-json\/wp\/v2\/comments?post=3509"}],"version-history":[{"count":1,"href":"https:\/\/crc.org.ar\/w\/wp-json\/wp\/v2\/posts\/3509\/revisions"}],"predecessor-version":[{"id":3511,"href":"https:\/\/crc.org.ar\/w\/wp-json\/wp\/v2\/posts\/3509\/revisions\/3511"}],"wp:featuredmedia":[{"embeddable":true,"href":"https:\/\/crc.org.ar\/w\/wp-json\/wp\/v2\/media\/3510"}],"wp:attachment":[{"href":"https:\/\/crc.org.ar\/w\/wp-json\/wp\/v2\/media?parent=3509"}],"wp:term":[{"taxonomy":"category","embeddable":true,"href":"https:\/\/crc.org.ar\/w\/wp-json\/wp\/v2\/categories?post=3509"},{"taxonomy":"post_tag","embeddable":true,"href":"https:\/\/crc.org.ar\/w\/wp-json\/wp\/v2\/tags?post=3509"}],"curies":[{"name":"wp","href":"https:\/\/api.w.org\/{rel}","templated":true}]}}