{"id":35203,"date":"2023-03-07T11:21:04","date_gmt":"2023-03-07T14:21:04","guid":{"rendered":"https:\/\/crc.org.ar\/w\/?p=35203"},"modified":"2023-03-07T12:08:53","modified_gmt":"2023-03-07T15:08:53","slug":"regatas-dijo-presente-en-el-torneo-de-verano-de-la-acast","status":"publish","type":"post","link":"https:\/\/crc.org.ar\/w\/regatas-dijo-presente-en-el-torneo-de-verano-de-la-acast\/","title":{"rendered":"Regatas dijo presente en el torneo de verano de la ACAST"},"content":{"rendered":"\n<p>(Martes 7 de marzo de 2023). El Club de Regatas Corrientes particip\u00f3 del Torneo de Verano de la ACAST consiguiendo varios logros.<\/p>\n\n\n\n<!--more-->\n\n\n<div class=\"wp-block-image\">\n<figure class=\"aligncenter size-full is-resized\"><img loading=\"lazy\" decoding=\"async\" src=\"https:\/\/crc.org.ar\/w\/wp-content\/uploads\/2023\/03\/WhatsApp-Image-2023-03-06-at-17.49.30-1.jpeg\" alt=\"\" class=\"wp-image-35204\" width=\"823\" height=\"497\" srcset=\"https:\/\/crc.org.ar\/w\/wp-content\/uploads\/2023\/03\/WhatsApp-Image-2023-03-06-at-17.49.30-1.jpeg 1080w, https:\/\/crc.org.ar\/w\/wp-content\/uploads\/2023\/03\/WhatsApp-Image-2023-03-06-at-17.49.30-1-300x181.jpeg 300w, https:\/\/crc.org.ar\/w\/wp-content\/uploads\/2023\/03\/WhatsApp-Image-2023-03-06-at-17.49.30-1-768x464.jpeg 768w, https:\/\/crc.org.ar\/w\/wp-content\/uploads\/2023\/03\/WhatsApp-Image-2023-03-06-at-17.49.30-1-780x470.jpeg 780w\" sizes=\"(max-width: 823px) 100vw, 823px\" \/><\/figure><\/div>\n\n\n<p>El pasado domingo en las instalaciones del Club San Martin se realiz\u00f3 el tradicional torneo de verano organizado por la Asociaci\u00f3n Civil Academia Superior de Taekwondo (ACAST). All\u00ed dijo presente el equipo de taekwondo del Club de Regatas Corrientes.<\/p>\n\n\n\n<p>Este fue el primer torneo de la temporada 2023 y fue con grandes resultados. En la categoria Dan (cintos negros), el equipo regatense integrado por <strong>Eduardo Parras<\/strong>, <strong>Omar Ortiz<\/strong>, <strong>Benjam\u00edn Sanchez<\/strong>, <strong>Erik Rivarola<\/strong> y <strong>Bruno Meneses<\/strong> fue subcampe\u00f3n.<\/p>\n\n\n\n<p>En la categor\u00eda individual <strong>Bruno Meneses<\/strong> obtuvo en 3er puesto en Forma y Lucha. <strong>Benjam\u00edn S\u00e1nchez Morales<\/strong> fue 1ro en Lucha y <strong>Erik Rivarola<\/strong> 2do puesto en Lucha.<\/p>\n\n\n<div class=\"wp-block-image\">\n<figure class=\"alignright size-full is-resized\"><img loading=\"lazy\" decoding=\"async\" src=\"https:\/\/crc.org.ar\/w\/wp-content\/uploads\/2023\/03\/WhatsApp-Image-2023-03-06-at-17.49.30.jpeg\" alt=\"\" class=\"wp-image-35205\" width=\"544\" height=\"725\" srcset=\"https:\/\/crc.org.ar\/w\/wp-content\/uploads\/2023\/03\/WhatsApp-Image-2023-03-06-at-17.49.30.jpeg 1200w, https:\/\/crc.org.ar\/w\/wp-content\/uploads\/2023\/03\/WhatsApp-Image-2023-03-06-at-17.49.30-225x300.jpeg 225w, https:\/\/crc.org.ar\/w\/wp-content\/uploads\/2023\/03\/WhatsApp-Image-2023-03-06-at-17.49.30-768x1024.jpeg 768w, https:\/\/crc.org.ar\/w\/wp-content\/uploads\/2023\/03\/WhatsApp-Image-2023-03-06-at-17.49.30-1152x1536.jpeg 1152w\" sizes=\"(max-width: 544px) 100vw, 544px\" \/><\/figure><\/div>\n\n\n<p>En la categor\u00eda Gups (color) <strong>Juan Pablo Gonz\u00e1lez<\/strong> fue 1ro en Luca y 2do en Formas. En tanto <strong>Aar\u00f3n Molina<\/strong> termin\u00f3 2do en Lucha y 1ro en Formas.<\/p>\n\n\n\n<h2 class=\"wp-block-heading\"><strong>Nuevos horarios de la disciplina<\/strong><\/h2>\n\n\n\n<p>El taekwondo regatense actualiz\u00f3 sus horarios de entrenamientos, dejando atr\u00e1s el horario de verano.<\/p>\n\n\n\n<p>Para infantiles (5 a 9 a\u00f1os) ser\u00e1 lunes, mi\u00e9rcoles y viernes a las 18:30hs, cadetes (10 a 13 a\u00f1os) lunes, mi\u00e9rcoles y viernes a las 19:30hs, y para los juveniles y adultos (14 a\u00f1os en adelante) lunes, mi\u00e9rcoles y viernes a las 20:30hs. La actividad se desarrolla en el 3er piso del edificio deportivo de la instituci\u00f3n del Parque Mitre con la instructora Laura Perazzelli.<\/p>\n","protected":false},"excerpt":{"rendered":"<p>(Martes 7 de marzo de 2023). El Club de Regatas Corrientes particip\u00f3 del Torneo de Verano de la ACAST consiguiendo varios logros. El pasado domingo en las instalaciones del Club San Martin se realiz\u00f3 el tradicional torneo de verano organizado por la Asociaci\u00f3n Civil Academia Superior de Taekwondo (ACAST). All\u00ed dijo presente el equipo de &hellip;<\/p>\n","protected":false},"author":6,"featured_media":35207,"comment_status":"closed","ping_status":"closed","sticky":false,"template":"","format":"standard","meta":{"footnotes":""},"categories":[72,156,74],"tags":[262,222,191,247],"_links":{"self":[{"href":"https:\/\/crc.org.ar\/w\/wp-json\/wp\/v2\/posts\/35203"}],"collection":[{"href":"https:\/\/crc.org.ar\/w\/wp-json\/wp\/v2\/posts"}],"about":[{"href":"https:\/\/crc.org.ar\/w\/wp-json\/wp\/v2\/types\/post"}],"author":[{"embeddable":true,"href":"https:\/\/crc.org.ar\/w\/wp-json\/wp\/v2\/users\/6"}],"replies":[{"embeddable":true,"href":"https:\/\/crc.org.ar\/w\/wp-json\/wp\/v2\/comments?post=35203"}],"version-history":[{"count":1,"href":"https:\/\/crc.org.ar\/w\/wp-json\/wp\/v2\/posts\/35203\/revisions"}],"predecessor-version":[{"id":35206,"href":"https:\/\/crc.org.ar\/w\/wp-json\/wp\/v2\/posts\/35203\/revisions\/35206"}],"wp:featuredmedia":[{"embeddable":true,"href":"https:\/\/crc.org.ar\/w\/wp-json\/wp\/v2\/media\/35207"}],"wp:attachment":[{"href":"https:\/\/crc.org.ar\/w\/wp-json\/wp\/v2\/media?parent=35203"}],"wp:term":[{"taxonomy":"category","embeddable":true,"href":"https:\/\/crc.org.ar\/w\/wp-json\/wp\/v2\/categories?post=35203"},{"taxonomy":"post_tag","embeddable":true,"href":"https:\/\/crc.org.ar\/w\/wp-json\/wp\/v2\/tags?post=35203"}],"curies":[{"name":"wp","href":"https:\/\/api.w.org\/{rel}","templated":true}]}}