{"id":35864,"date":"2023-05-30T11:52:15","date_gmt":"2023-05-30T14:52:15","guid":{"rendered":"https:\/\/crc.org.ar\/w\/?p=35864"},"modified":"2023-05-30T11:52:17","modified_gmt":"2023-05-30T14:52:17","slug":"gran-exito-en-el-encuentro-revolucion-remera","status":"publish","type":"post","link":"https:\/\/crc.org.ar\/w\/gran-exito-en-el-encuentro-revolucion-remera\/","title":{"rendered":"Gran \u00e9xito en el encuentro Revoluci\u00f3n Remera"},"content":{"rendered":"\n<p>(Martes 30 de mayo de 2023). El encuentro de remo regatense se vivi\u00f3 con dos jornadas llenas de diversi\u00f3n, deporte y confraternidad entre los anfitriones y los visitantes.<\/p>\n\n\n\n<!--more-->\n\n\n\n<figure class=\"wp-block-image alignwide size-large\"><img decoding=\"async\" src=\"https:\/\/crc.org.ar\/w\/wp-content\/uploads\/2023\/05\/DSC_0454-2048x1367.jpg\" alt=\"\" class=\"wp-image-35865\"\/><\/figure>\n\n\n\n<p>El pasado s\u00e1bado y domingo se llev\u00f3 a cabo la segunda edici\u00f3n del encuentro de remo Revoluci\u00f3n Remera, el cual estuvo organizado por el Club de Regatas Corrientes. Hubo regatas y competencia de remo erg\u00f3metro.<\/p>\n\n\n\n<p>Para la oportunidad la instituci\u00f3n anfitriona recibi\u00f3 la visita de dos clubes internacionales. Desde Uruguay lleg\u00f3 el Club de Pescadores Paysand\u00fa, mientras que de Paraguay llegaron deportistas del Club de Pesca Pac\u00fa Cu\u00e1.<\/p>\n\n\n\n<figure class=\"wp-block-image alignwide size-large\"><img loading=\"lazy\" decoding=\"async\" width=\"2048\" height=\"1366\" src=\"https:\/\/crc.org.ar\/w\/wp-content\/uploads\/2023\/05\/DSC_0200-2048x1366.jpg\" alt=\"\" class=\"wp-image-35866\" srcset=\"https:\/\/crc.org.ar\/w\/wp-content\/uploads\/2023\/05\/DSC_0200-2048x1366.jpg 2048w, https:\/\/crc.org.ar\/w\/wp-content\/uploads\/2023\/05\/DSC_0200-300x200.jpg 300w, https:\/\/crc.org.ar\/w\/wp-content\/uploads\/2023\/05\/DSC_0200-768x512.jpg 768w, https:\/\/crc.org.ar\/w\/wp-content\/uploads\/2023\/05\/DSC_0200-1536x1025.jpg 1536w\" sizes=\"(max-width: 2048px) 100vw, 2048px\" \/><\/figure>\n\n\n\n<p>El evento dividi\u00f3 su actividad en dos jornadas. En primera instancia, el s\u00e1bado el clima no acompa\u00f1\u00f3, por lo que se debi\u00f3 trasladar la jornada en el agua al Play\u00f3n 2 de la instituci\u00f3n, donde se vivi\u00f3 un encuentro de remo erg\u00f3metro. Hubo competencias individuales y por equipos, todo con finalidad l\u00fadica.<\/p>\n\n\n\n<p>Por su parte, el domingo las condiciones mejoraron y pudieron llevarse adelante las regatas en el r\u00edo Paran\u00e1. Con la cancha delimitada en frente al Club de Regatas, se corrieron categor\u00edas singles, dobles y hasta de cuatro. Formaron equipos mezclados en diferentes clubes haciendo que reine el compa\u00f1erismo.<\/p>\n\n\n\n<figure class=\"wp-block-image alignwide size-large\"><img loading=\"lazy\" decoding=\"async\" width=\"2048\" height=\"1367\" src=\"https:\/\/crc.org.ar\/w\/wp-content\/uploads\/2023\/05\/DSC_0536-2048x1367.jpg\" alt=\"\" class=\"wp-image-35867\" srcset=\"https:\/\/crc.org.ar\/w\/wp-content\/uploads\/2023\/05\/DSC_0536-2048x1367.jpg 2048w, https:\/\/crc.org.ar\/w\/wp-content\/uploads\/2023\/05\/DSC_0536-300x200.jpg 300w, https:\/\/crc.org.ar\/w\/wp-content\/uploads\/2023\/05\/DSC_0536-768x513.jpg 768w, https:\/\/crc.org.ar\/w\/wp-content\/uploads\/2023\/05\/DSC_0536-1536x1025.jpg 1536w\" sizes=\"(max-width: 2048px) 100vw, 2048px\" \/><\/figure>\n\n\n\n<p>Luego, todos los participantes recibieron certificado de participaci\u00f3n, y cerraron la jornada con un almuerzo de camarader\u00eda entre las tres entidades.<\/p>\n\n\n\n<figure class=\"wp-block-gallery alignfull has-nested-images columns-default is-cropped wp-block-gallery-1 is-layout-flex wp-block-gallery-is-layout-flex\">\n<figure class=\"wp-block-image size-large\"><img loading=\"lazy\" decoding=\"async\" width=\"2048\" height=\"1342\" data-id=\"35869\" src=\"https:\/\/crc.org.ar\/w\/wp-content\/uploads\/2023\/05\/DSC_0273-2048x1342.jpg\" alt=\"\" class=\"wp-image-35869\" srcset=\"https:\/\/crc.org.ar\/w\/wp-content\/uploads\/2023\/05\/DSC_0273-2048x1342.jpg 2048w, https:\/\/crc.org.ar\/w\/wp-content\/uploads\/2023\/05\/DSC_0273-300x197.jpg 300w, https:\/\/crc.org.ar\/w\/wp-content\/uploads\/2023\/05\/DSC_0273-768x503.jpg 768w, https:\/\/crc.org.ar\/w\/wp-content\/uploads\/2023\/05\/DSC_0273-1536x1007.jpg 1536w\" sizes=\"(max-width: 2048px) 100vw, 2048px\" \/><\/figure>\n\n\n\n<figure class=\"wp-block-image size-large\"><img loading=\"lazy\" decoding=\"async\" width=\"2048\" height=\"1373\" data-id=\"35872\" src=\"https:\/\/crc.org.ar\/w\/wp-content\/uploads\/2023\/05\/DSC_0206-2048x1373.jpg\" alt=\"\" class=\"wp-image-35872\" srcset=\"https:\/\/crc.org.ar\/w\/wp-content\/uploads\/2023\/05\/DSC_0206-2048x1373.jpg 2048w, https:\/\/crc.org.ar\/w\/wp-content\/uploads\/2023\/05\/DSC_0206-300x201.jpg 300w, https:\/\/crc.org.ar\/w\/wp-content\/uploads\/2023\/05\/DSC_0206-768x515.jpg 768w, https:\/\/crc.org.ar\/w\/wp-content\/uploads\/2023\/05\/DSC_0206-1536x1029.jpg 1536w\" sizes=\"(max-width: 2048px) 100vw, 2048px\" \/><\/figure>\n\n\n\n<figure class=\"wp-block-image size-large\"><img loading=\"lazy\" decoding=\"async\" width=\"2048\" height=\"1366\" data-id=\"35871\" src=\"https:\/\/crc.org.ar\/w\/wp-content\/uploads\/2023\/05\/DSC_0188-2048x1366.jpg\" alt=\"\" class=\"wp-image-35871\" srcset=\"https:\/\/crc.org.ar\/w\/wp-content\/uploads\/2023\/05\/DSC_0188-2048x1366.jpg 2048w, https:\/\/crc.org.ar\/w\/wp-content\/uploads\/2023\/05\/DSC_0188-300x200.jpg 300w, https:\/\/crc.org.ar\/w\/wp-content\/uploads\/2023\/05\/DSC_0188-768x512.jpg 768w, https:\/\/crc.org.ar\/w\/wp-content\/uploads\/2023\/05\/DSC_0188-1536x1024.jpg 1536w\" sizes=\"(max-width: 2048px) 100vw, 2048px\" \/><\/figure>\n\n\n\n<figure class=\"wp-block-image size-large\"><img loading=\"lazy\" decoding=\"async\" width=\"2048\" height=\"1366\" data-id=\"35875\" src=\"https:\/\/crc.org.ar\/w\/wp-content\/uploads\/2023\/05\/DSC_0496-2048x1366.jpg\" alt=\"\" class=\"wp-image-35875\" srcset=\"https:\/\/crc.org.ar\/w\/wp-content\/uploads\/2023\/05\/DSC_0496-2048x1366.jpg 2048w, https:\/\/crc.org.ar\/w\/wp-content\/uploads\/2023\/05\/DSC_0496-300x200.jpg 300w, https:\/\/crc.org.ar\/w\/wp-content\/uploads\/2023\/05\/DSC_0496-768x512.jpg 768w, https:\/\/crc.org.ar\/w\/wp-content\/uploads\/2023\/05\/DSC_0496-1536x1025.jpg 1536w\" sizes=\"(max-width: 2048px) 100vw, 2048px\" \/><\/figure>\n\n\n\n<figure class=\"wp-block-image size-large\"><img loading=\"lazy\" decoding=\"async\" width=\"2048\" height=\"1367\" data-id=\"35870\" src=\"https:\/\/crc.org.ar\/w\/wp-content\/uploads\/2023\/05\/DSC_0571-2048x1367.jpg\" alt=\"\" class=\"wp-image-35870\" srcset=\"https:\/\/crc.org.ar\/w\/wp-content\/uploads\/2023\/05\/DSC_0571-2048x1367.jpg 2048w, https:\/\/crc.org.ar\/w\/wp-content\/uploads\/2023\/05\/DSC_0571-300x200.jpg 300w, https:\/\/crc.org.ar\/w\/wp-content\/uploads\/2023\/05\/DSC_0571-768x512.jpg 768w, https:\/\/crc.org.ar\/w\/wp-content\/uploads\/2023\/05\/DSC_0571-1536x1025.jpg 1536w\" sizes=\"(max-width: 2048px) 100vw, 2048px\" \/><\/figure>\n\n\n\n<figure class=\"wp-block-image size-large\"><img loading=\"lazy\" decoding=\"async\" width=\"2048\" height=\"1366\" data-id=\"35873\" src=\"https:\/\/crc.org.ar\/w\/wp-content\/uploads\/2023\/05\/DSC_0284-2048x1366.jpg\" alt=\"\" class=\"wp-image-35873\" srcset=\"https:\/\/crc.org.ar\/w\/wp-content\/uploads\/2023\/05\/DSC_0284-2048x1366.jpg 2048w, https:\/\/crc.org.ar\/w\/wp-content\/uploads\/2023\/05\/DSC_0284-300x200.jpg 300w, https:\/\/crc.org.ar\/w\/wp-content\/uploads\/2023\/05\/DSC_0284-768x512.jpg 768w, https:\/\/crc.org.ar\/w\/wp-content\/uploads\/2023\/05\/DSC_0284-1536x1025.jpg 1536w\" sizes=\"(max-width: 2048px) 100vw, 2048px\" \/><\/figure>\n<\/figure>\n","protected":false},"excerpt":{"rendered":"<p>(Martes 30 de mayo de 2023). El encuentro de remo regatense se vivi\u00f3 con dos jornadas llenas de diversi\u00f3n, deporte y confraternidad entre los anfitriones y los visitantes. El pasado s\u00e1bado y domingo se llev\u00f3 a cabo la segunda edici\u00f3n del encuentro de remo Revoluci\u00f3n Remera, el cual estuvo organizado por el Club de Regatas &hellip;<\/p>\n","protected":false},"author":7,"featured_media":35865,"comment_status":"closed","ping_status":"closed","sticky":false,"template":"","format":"standard","meta":{"footnotes":""},"categories":[156,18],"tags":[],"_links":{"self":[{"href":"https:\/\/crc.org.ar\/w\/wp-json\/wp\/v2\/posts\/35864"}],"collection":[{"href":"https:\/\/crc.org.ar\/w\/wp-json\/wp\/v2\/posts"}],"about":[{"href":"https:\/\/crc.org.ar\/w\/wp-json\/wp\/v2\/types\/post"}],"author":[{"embeddable":true,"href":"https:\/\/crc.org.ar\/w\/wp-json\/wp\/v2\/users\/7"}],"replies":[{"embeddable":true,"href":"https:\/\/crc.org.ar\/w\/wp-json\/wp\/v2\/comments?post=35864"}],"version-history":[{"count":1,"href":"https:\/\/crc.org.ar\/w\/wp-json\/wp\/v2\/posts\/35864\/revisions"}],"predecessor-version":[{"id":35876,"href":"https:\/\/crc.org.ar\/w\/wp-json\/wp\/v2\/posts\/35864\/revisions\/35876"}],"wp:featuredmedia":[{"embeddable":true,"href":"https:\/\/crc.org.ar\/w\/wp-json\/wp\/v2\/media\/35865"}],"wp:attachment":[{"href":"https:\/\/crc.org.ar\/w\/wp-json\/wp\/v2\/media?parent=35864"}],"wp:term":[{"taxonomy":"category","embeddable":true,"href":"https:\/\/crc.org.ar\/w\/wp-json\/wp\/v2\/categories?post=35864"},{"taxonomy":"post_tag","embeddable":true,"href":"https:\/\/crc.org.ar\/w\/wp-json\/wp\/v2\/tags?post=35864"}],"curies":[{"name":"wp","href":"https:\/\/api.w.org\/{rel}","templated":true}]}}