{"id":36055,"date":"2023-06-27T12:15:13","date_gmt":"2023-06-27T15:15:13","guid":{"rendered":"https:\/\/crc.org.ar\/w\/?p=36055"},"modified":"2023-06-27T12:15:15","modified_gmt":"2023-06-27T15:15:15","slug":"regatas-estuvo-presente-en-el-tigre","status":"publish","type":"post","link":"https:\/\/crc.org.ar\/w\/regatas-estuvo-presente-en-el-tigre\/","title":{"rendered":"Regatas estuvo presente en el Tigre"},"content":{"rendered":"\n<p>(Martes 27 de junio de 2023). Remeros regatenses participaron de las regatas oficiales y promocionales en la Pista Nacional de Remo del Tigre y trajeron buenos resultados.<\/p>\n\n\n\n<!--more-->\n\n\n\n<figure class=\"wp-block-image alignwide size-full\"><img decoding=\"async\" src=\"https:\/\/crc.org.ar\/w\/wp-content\/uploads\/2023\/06\/WhatsApp-Image-2023-06-27-at-11.16.09.jpeg\" alt=\"\" class=\"wp-image-36056\"\/><\/figure>\n\n\n\n<p>El pasado s\u00e1bado y domingo se llev\u00f3 a cabo una nueva Regata Oficial y tambi\u00e9n la Promocional en la Pista Nacional de Remo en el Tigre, organizada y fiscalizada por la Comisi\u00f3n de la Regata Internacional del Tigre (CRIT), competencia donde estuvo presente el equipo del Club de Regatas Corrientes.<\/p>\n\n\n\n<p>La instituci\u00f3n correntina particip\u00f3 con una delegaci\u00f3n compuesta de siete remeros, entre promocionales y oficiales. <strong>Juan Cruz Sandoval, \u00c1ngeles Ayala, Sabrina Zibelman,<\/strong><\/p>\n\n\n\n<p><strong>Celia Rodr\u00edguez, Oriana Meza, Natalia Ch\u00e1vez, Tom\u00e1s Romero, Agostina Manzotti y Harris Gonz\u00e1lez Escobar<\/strong> (Entrenador) fueron quienes representaron al Club de Regatas y a la provincia.<\/p>\n\n\n<div class=\"wp-block-image\">\n<figure class=\"aligncenter size-full is-resized\"><img loading=\"lazy\" decoding=\"async\" src=\"https:\/\/crc.org.ar\/w\/wp-content\/uploads\/2023\/06\/WhatsApp-Image-2023-06-27-at-10.58.07-1.jpeg\" alt=\"\" class=\"wp-image-36057\" width=\"649\" height=\"487\" srcset=\"https:\/\/crc.org.ar\/w\/wp-content\/uploads\/2023\/06\/WhatsApp-Image-2023-06-27-at-10.58.07-1.jpeg 1280w, https:\/\/crc.org.ar\/w\/wp-content\/uploads\/2023\/06\/WhatsApp-Image-2023-06-27-at-10.58.07-1-300x225.jpeg 300w, https:\/\/crc.org.ar\/w\/wp-content\/uploads\/2023\/06\/WhatsApp-Image-2023-06-27-at-10.58.07-1-768x576.jpeg 768w\" sizes=\"(max-width: 649px) 100vw, 649px\" \/><\/figure><\/div>\n\n\n<p>Cabe destacar que los deportistas lograron sumar gran experiencia en una regata de dicha envergadura, sobre todo muchos de los promocionales, quienes tuvieron su primera experiencia en este tipo de eventos. Y para el plantel oficial fue una nueva prueba para seguir en competencia de alto nivel.<\/p>\n\n\n\n<p><strong>Sandoval <\/strong>finaliz\u00f3 1\u00b0 en single categor\u00eda sub14 y luego qued\u00f3 3\u00b0 en single sub16. Por otro lado, hubo tres 2\u00b0 puestos con <strong>Ayala <\/strong>y <strong>Meza <\/strong>en doble par sub18, <strong>Rodr\u00edguez <\/strong>y <strong>Zibelman <\/strong>en doble par sub16, y <strong>Ayala <\/strong>que repiti\u00f3 en single sub16.<\/p>\n\n\n\n<figure class=\"wp-block-gallery alignwide has-nested-images columns-default is-cropped wp-block-gallery-1 is-layout-flex wp-block-gallery-is-layout-flex\">\n<figure class=\"wp-block-image size-large\"><img loading=\"lazy\" decoding=\"async\" width=\"960\" height=\"1280\" data-id=\"36059\" src=\"https:\/\/crc.org.ar\/w\/wp-content\/uploads\/2023\/06\/WhatsApp-Image-2023-06-27-at-10.58.07.jpeg\" alt=\"\" class=\"wp-image-36059\" srcset=\"https:\/\/crc.org.ar\/w\/wp-content\/uploads\/2023\/06\/WhatsApp-Image-2023-06-27-at-10.58.07.jpeg 960w, https:\/\/crc.org.ar\/w\/wp-content\/uploads\/2023\/06\/WhatsApp-Image-2023-06-27-at-10.58.07-225x300.jpeg 225w, https:\/\/crc.org.ar\/w\/wp-content\/uploads\/2023\/06\/WhatsApp-Image-2023-06-27-at-10.58.07-768x1024.jpeg 768w\" sizes=\"(max-width: 960px) 100vw, 960px\" \/><\/figure>\n\n\n\n<figure class=\"wp-block-image size-large\"><img loading=\"lazy\" decoding=\"async\" width=\"1024\" height=\"768\" data-id=\"36058\" src=\"https:\/\/crc.org.ar\/w\/wp-content\/uploads\/2023\/06\/WhatsApp-Image-2023-06-27-at-11.23.27.jpeg\" alt=\"\" class=\"wp-image-36058\" srcset=\"https:\/\/crc.org.ar\/w\/wp-content\/uploads\/2023\/06\/WhatsApp-Image-2023-06-27-at-11.23.27.jpeg 1024w, https:\/\/crc.org.ar\/w\/wp-content\/uploads\/2023\/06\/WhatsApp-Image-2023-06-27-at-11.23.27-300x225.jpeg 300w, https:\/\/crc.org.ar\/w\/wp-content\/uploads\/2023\/06\/WhatsApp-Image-2023-06-27-at-11.23.27-768x576.jpeg 768w\" sizes=\"(max-width: 1024px) 100vw, 1024px\" \/><\/figure>\n<\/figure>\n\n\n\n<p>Por su parte, en la Regata Oficial, <strong>Tom\u00e1s Romero <\/strong>finaliz\u00f3 4\u00b0 en single sub23, <strong>Agostina Manzotti <\/strong>fue 6\u00b0 en single senior y <strong>Natalia Ch\u00e1vez <\/strong>termin\u00f3 7\u00b0 en single senior. <strong>Ch\u00e1vez <\/strong>y <strong>Manzotti <\/strong>compitieron en doble par senior y quedaron en la 4\u00b0 posici\u00f3n.<\/p>\n\n\n\n<h2 class=\"has-text-align-center wp-block-heading\"><strong>Bote de la AARA<\/strong><\/h2>\n\n\n\n<figure class=\"wp-block-image alignwide size-full\"><img loading=\"lazy\" decoding=\"async\" width=\"1600\" height=\"1200\" src=\"https:\/\/crc.org.ar\/w\/wp-content\/uploads\/2023\/06\/WhatsApp-Image-2023-06-27-at-11.30.02.jpeg\" alt=\"\" class=\"wp-image-36060\" srcset=\"https:\/\/crc.org.ar\/w\/wp-content\/uploads\/2023\/06\/WhatsApp-Image-2023-06-27-at-11.30.02.jpeg 1600w, https:\/\/crc.org.ar\/w\/wp-content\/uploads\/2023\/06\/WhatsApp-Image-2023-06-27-at-11.30.02-300x225.jpeg 300w, https:\/\/crc.org.ar\/w\/wp-content\/uploads\/2023\/06\/WhatsApp-Image-2023-06-27-at-11.30.02-768x576.jpeg 768w, https:\/\/crc.org.ar\/w\/wp-content\/uploads\/2023\/06\/WhatsApp-Image-2023-06-27-at-11.30.02-1536x1152.jpeg 1536w\" sizes=\"(max-width: 1600px) 100vw, 1600px\" \/><\/figure>\n\n\n\n<p>Vale destacar tambi\u00e9n que la Asociaci\u00f3n Argentina de Remeros Aficionados don\u00f3 para el Club de Regatas Corrientes una embarcaci\u00f3n destinada a la competencia y desarrollo de futuros deportistas, acompa\u00f1ando as\u00ed el gran trabajo que se est\u00e1 realizando desde la instituci\u00f3n para dicho deporte.<\/p>\n\n\n\n<p>El bote cedido se trata de un 1x Shell single, el cual ya se encuentra en las instalaciones regatenses, ya que se aprovech\u00f3 el viaje al Tigre para traerlo en el tr\u00e1iler junto con los dem\u00e1s botes de la instituci\u00f3n. &nbsp;<\/p>\n","protected":false},"excerpt":{"rendered":"<p>(Martes 27 de junio de 2023). Remeros regatenses participaron de las regatas oficiales y promocionales en la Pista Nacional de Remo del Tigre y trajeron buenos resultados. El pasado s\u00e1bado y domingo se llev\u00f3 a cabo una nueva Regata Oficial y tambi\u00e9n la Promocional en la Pista Nacional de Remo en el Tigre, organizada y &hellip;<\/p>\n","protected":false},"author":7,"featured_media":36056,"comment_status":"closed","ping_status":"closed","sticky":false,"template":"","format":"standard","meta":{"footnotes":""},"categories":[156,18],"tags":[],"_links":{"self":[{"href":"https:\/\/crc.org.ar\/w\/wp-json\/wp\/v2\/posts\/36055"}],"collection":[{"href":"https:\/\/crc.org.ar\/w\/wp-json\/wp\/v2\/posts"}],"about":[{"href":"https:\/\/crc.org.ar\/w\/wp-json\/wp\/v2\/types\/post"}],"author":[{"embeddable":true,"href":"https:\/\/crc.org.ar\/w\/wp-json\/wp\/v2\/users\/7"}],"replies":[{"embeddable":true,"href":"https:\/\/crc.org.ar\/w\/wp-json\/wp\/v2\/comments?post=36055"}],"version-history":[{"count":1,"href":"https:\/\/crc.org.ar\/w\/wp-json\/wp\/v2\/posts\/36055\/revisions"}],"predecessor-version":[{"id":36061,"href":"https:\/\/crc.org.ar\/w\/wp-json\/wp\/v2\/posts\/36055\/revisions\/36061"}],"wp:featuredmedia":[{"embeddable":true,"href":"https:\/\/crc.org.ar\/w\/wp-json\/wp\/v2\/media\/36056"}],"wp:attachment":[{"href":"https:\/\/crc.org.ar\/w\/wp-json\/wp\/v2\/media?parent=36055"}],"wp:term":[{"taxonomy":"category","embeddable":true,"href":"https:\/\/crc.org.ar\/w\/wp-json\/wp\/v2\/categories?post=36055"},{"taxonomy":"post_tag","embeddable":true,"href":"https:\/\/crc.org.ar\/w\/wp-json\/wp\/v2\/tags?post=36055"}],"curies":[{"name":"wp","href":"https:\/\/api.w.org\/{rel}","templated":true}]}}