{"id":36062,"date":"2023-06-29T10:35:32","date_gmt":"2023-06-29T13:35:32","guid":{"rendered":"https:\/\/crc.org.ar\/w\/?p=36062"},"modified":"2023-06-29T10:35:33","modified_gmt":"2023-06-29T13:35:33","slug":"bender-sumo-una-gran-experiencia-en-su-paso-por-el-campus-de-nba-y-fiba","status":"publish","type":"post","link":"https:\/\/crc.org.ar\/w\/bender-sumo-una-gran-experiencia-en-su-paso-por-el-campus-de-nba-y-fiba\/","title":{"rendered":"Bender sum\u00f3 una gran experiencia en su paso por el campus de NBA y FIBA"},"content":{"rendered":"\n<p>(Jueves 29 de junio de 2023). El jugador Remero particip\u00f3 del programa de entrenamiento B\u00e1squet Sin Fronteras realizado en Montreal, Canad\u00e1, junto a los mejores prospectos de Am\u00e9rica.<\/p>\n\n\n\n<!--more-->\n\n\n\n<figure class=\"wp-block-image alignwide size-full\"><img decoding=\"async\" src=\"https:\/\/crc.org.ar\/w\/wp-content\/uploads\/2023\/06\/WhatsApp-Image-2023-06-23-at-15.48.54.jpeg\" alt=\"\" class=\"wp-image-36063\"\/><\/figure>\n\n\n\n<p><strong>Viktor Bender <\/strong>es una de las joyas de las divisiones formativas del Club de Regatas Corrientes, pero tambi\u00e9n ha demostrado que su talento y su proyecci\u00f3n son gigantes transform\u00e1ndose en uno de los prospectos m\u00e1s interesantes de su categor\u00eda a nivel nacional. Por ese motivo fue invitado y particip\u00f3 del campus B\u00e1squet Sin Fronteras, organizado por la NBA y la FIBA.<\/p>\n\n\n\n<p>El joven correntino de 16 a\u00f1os estuvo desde el 22 al 25 de junio en Montreal, Canad\u00e1, participando de la 12\u00b0 edici\u00f3n de dicho evento, el cual se desarroll\u00f3 en el C\u00e9gep \u00c9douard-Montpetit de Longueuil. All\u00ed, entren\u00f3 junto a jugadores y entrenadores destacados de la NBA, WNBA y FIBA.<\/p>\n\n\n<div class=\"wp-block-image\">\n<figure class=\"alignright size-full is-resized\"><img loading=\"lazy\" decoding=\"async\" src=\"https:\/\/crc.org.ar\/w\/wp-content\/uploads\/2023\/06\/WhatsApp-Image-2023-06-23-at-15.48.54-1.jpeg\" alt=\"\" class=\"wp-image-36064\" width=\"415\" height=\"622\" srcset=\"https:\/\/crc.org.ar\/w\/wp-content\/uploads\/2023\/06\/WhatsApp-Image-2023-06-23-at-15.48.54-1.jpeg 1066w, https:\/\/crc.org.ar\/w\/wp-content\/uploads\/2023\/06\/WhatsApp-Image-2023-06-23-at-15.48.54-1-200x300.jpeg 200w, https:\/\/crc.org.ar\/w\/wp-content\/uploads\/2023\/06\/WhatsApp-Image-2023-06-23-at-15.48.54-1-768x1153.jpeg 768w, https:\/\/crc.org.ar\/w\/wp-content\/uploads\/2023\/06\/WhatsApp-Image-2023-06-23-at-15.48.54-1-1023x1536.jpeg 1023w\" sizes=\"(max-width: 415px) 100vw, 415px\" \/><\/figure><\/div>\n\n\n<p>Tras su regreso a la ciudad y a los entrenamientos con el club Remero, donde ahora se prepara para afrontar lo que le queda al equipo en el torneo de primera divisi\u00f3n de la Asociaci\u00f3n de B\u00e1squet de la Ciudad de Corrientes y tambi\u00e9n los torneos de su categor\u00eda (U17), aprovech\u00f3 para contar sobre su grata experiencia.<\/p>\n\n\n\n<p>En primer lugar, respecto a c\u00f3mo se desarroll\u00f3 el campus, dijo: \u201cFueron cuatro d\u00edas de entrenamientos muy duros, turnos largos de trabajos. Los entrenamientos eran s\u00faper intensos y duraba de cuatro a cinco horas. Los primeros tres d\u00edas fueron aspectos de t\u00e9cnica individual y desarrollo dividido por equipos, y en el \u00faltimo d\u00eda se jugaron partidos donde mi equipo pudo ser campe\u00f3n\u201d.<\/p>\n\n\n\n<p>\u201cHab\u00eda jugadores y entrenadores de la NBA, y en cada circuito de entrenamiento donde \u00edbamos rotando siempre hab\u00eda uno de ellos para ayudarte y corregir cosas. La verdad que fue todo un nivel que nunca hab\u00eda visto. Hab\u00eda jugadores que por ah\u00ed solo lo vemos en televisi\u00f3n, en videos, y son incre\u00edbles. Adem\u00e1s, ah\u00ed nos enfrentamos entre todos\u201d, agreg\u00f3 <strong>Viktor<\/strong>.<\/p>\n\n\n\n<p>En relaci\u00f3n al lugar donde se llev\u00f3 adelante, el jugador Fantasma expres\u00f3: \u201cEl lugar de los entrenamientos es muy parecido a la t\u00edpica escuela norteamericana que vemos en las pel\u00edculas. Era una escuela con un gimnasio deportivo gigante, con tres canchas de b\u00e1squet y ah\u00ed entren\u00e1bamos todos juntos\u201d.<\/p>\n\n\n\n<p>Adem\u00e1s de \u00e9l, hubo otros siete argentinos invitados. Del b\u00e1squet femenino estuvieron <strong>Alma Bourgarel, Julia Bosque, Malena Maggi y Stephanie Smidt Falter<\/strong>, mientras que del masculino tambi\u00e9n se presentaron <strong>Thiago Sucatzky, Alonso Easterling y Tom\u00e1s Fern\u00e1ndez Lang<\/strong>.<\/p>\n\n\n\n<p>\u201c\u00c9ramos ocho argentinos en total, aunque del pa\u00eds salimos solo seis porque los otros dos est\u00e1n jugando afuera. Nos encontramos todos en el aeropuerto y de ah\u00ed hicimos todo juntos. Yo no los conoc\u00eda y la verdad que nos terminamos haciendo amigos en pocos d\u00edas, al igual que con los dem\u00e1s latinoamericanos\u201d, finaliz\u00f3 la promesa del b\u00e1squet correntino.<\/p>\n\n\n\n<p>Cabe recordar que <strong>Bender <\/strong>tambi\u00e9n particip\u00f3 en el mes de febrero de un campus de entrenamiento de la CAB, por lo que estar\u00eda en consideraci\u00f3n para integrar la selecci\u00f3n nacional U17, la cual tendr\u00e1 el sudamericano en este 2023.<\/p>\n\n\n\n<figure class=\"wp-block-gallery alignwide has-nested-images columns-default is-cropped wp-block-gallery-1 is-layout-flex wp-block-gallery-is-layout-flex\">\n<figure class=\"wp-block-image size-full\"><a href=\"https:\/\/crc.org.ar\/w\/wp-content\/uploads\/2023\/06\/WhatsApp-Image-2023-06-28-at-18.54.44.jpeg\"><img loading=\"lazy\" decoding=\"async\" width=\"1600\" height=\"1066\" data-id=\"36067\" src=\"https:\/\/crc.org.ar\/w\/wp-content\/uploads\/2023\/06\/WhatsApp-Image-2023-06-28-at-18.54.44.jpeg\" alt=\"\" class=\"wp-image-36067\" srcset=\"https:\/\/crc.org.ar\/w\/wp-content\/uploads\/2023\/06\/WhatsApp-Image-2023-06-28-at-18.54.44.jpeg 1600w, https:\/\/crc.org.ar\/w\/wp-content\/uploads\/2023\/06\/WhatsApp-Image-2023-06-28-at-18.54.44-300x200.jpeg 300w, https:\/\/crc.org.ar\/w\/wp-content\/uploads\/2023\/06\/WhatsApp-Image-2023-06-28-at-18.54.44-768x512.jpeg 768w, https:\/\/crc.org.ar\/w\/wp-content\/uploads\/2023\/06\/WhatsApp-Image-2023-06-28-at-18.54.44-1536x1023.jpeg 1536w\" sizes=\"(max-width: 1600px) 100vw, 1600px\" \/><\/a><\/figure>\n\n\n\n<figure class=\"wp-block-image size-full\"><a href=\"https:\/\/crc.org.ar\/w\/wp-content\/uploads\/2023\/06\/WhatsApp-Image-2023-06-28-at-18.54.40.jpeg\"><img loading=\"lazy\" decoding=\"async\" width=\"1600\" height=\"1066\" data-id=\"36066\" src=\"https:\/\/crc.org.ar\/w\/wp-content\/uploads\/2023\/06\/WhatsApp-Image-2023-06-28-at-18.54.40.jpeg\" alt=\"\" class=\"wp-image-36066\" srcset=\"https:\/\/crc.org.ar\/w\/wp-content\/uploads\/2023\/06\/WhatsApp-Image-2023-06-28-at-18.54.40.jpeg 1600w, https:\/\/crc.org.ar\/w\/wp-content\/uploads\/2023\/06\/WhatsApp-Image-2023-06-28-at-18.54.40-300x200.jpeg 300w, https:\/\/crc.org.ar\/w\/wp-content\/uploads\/2023\/06\/WhatsApp-Image-2023-06-28-at-18.54.40-768x512.jpeg 768w, https:\/\/crc.org.ar\/w\/wp-content\/uploads\/2023\/06\/WhatsApp-Image-2023-06-28-at-18.54.40-1536x1023.jpeg 1536w\" sizes=\"(max-width: 1600px) 100vw, 1600px\" \/><\/a><\/figure>\n\n\n\n<figure class=\"wp-block-image size-full\"><a href=\"https:\/\/crc.org.ar\/w\/wp-content\/uploads\/2023\/06\/WhatsApp-Image-2023-06-23-at-15.48.53.jpeg\"><img loading=\"lazy\" decoding=\"async\" width=\"1600\" height=\"1066\" data-id=\"36065\" src=\"https:\/\/crc.org.ar\/w\/wp-content\/uploads\/2023\/06\/WhatsApp-Image-2023-06-23-at-15.48.53.jpeg\" alt=\"\" class=\"wp-image-36065\" srcset=\"https:\/\/crc.org.ar\/w\/wp-content\/uploads\/2023\/06\/WhatsApp-Image-2023-06-23-at-15.48.53.jpeg 1600w, https:\/\/crc.org.ar\/w\/wp-content\/uploads\/2023\/06\/WhatsApp-Image-2023-06-23-at-15.48.53-300x200.jpeg 300w, https:\/\/crc.org.ar\/w\/wp-content\/uploads\/2023\/06\/WhatsApp-Image-2023-06-23-at-15.48.53-768x512.jpeg 768w, https:\/\/crc.org.ar\/w\/wp-content\/uploads\/2023\/06\/WhatsApp-Image-2023-06-23-at-15.48.53-1536x1023.jpeg 1536w\" sizes=\"(max-width: 1600px) 100vw, 1600px\" \/><\/a><\/figure>\n<\/figure>\n","protected":false},"excerpt":{"rendered":"<p>(Jueves 29 de junio de 2023). El jugador Remero particip\u00f3 del programa de entrenamiento B\u00e1squet Sin Fronteras realizado en Montreal, Canad\u00e1, junto a los mejores prospectos de Am\u00e9rica. Viktor Bender es una de las joyas de las divisiones formativas del Club de Regatas Corrientes, pero tambi\u00e9n ha demostrado que su talento y su proyecci\u00f3n son &hellip;<\/p>\n","protected":false},"author":7,"featured_media":36063,"comment_status":"closed","ping_status":"closed","sticky":false,"template":"","format":"standard","meta":{"footnotes":""},"categories":[66,156,1],"tags":[],"_links":{"self":[{"href":"https:\/\/crc.org.ar\/w\/wp-json\/wp\/v2\/posts\/36062"}],"collection":[{"href":"https:\/\/crc.org.ar\/w\/wp-json\/wp\/v2\/posts"}],"about":[{"href":"https:\/\/crc.org.ar\/w\/wp-json\/wp\/v2\/types\/post"}],"author":[{"embeddable":true,"href":"https:\/\/crc.org.ar\/w\/wp-json\/wp\/v2\/users\/7"}],"replies":[{"embeddable":true,"href":"https:\/\/crc.org.ar\/w\/wp-json\/wp\/v2\/comments?post=36062"}],"version-history":[{"count":2,"href":"https:\/\/crc.org.ar\/w\/wp-json\/wp\/v2\/posts\/36062\/revisions"}],"predecessor-version":[{"id":36069,"href":"https:\/\/crc.org.ar\/w\/wp-json\/wp\/v2\/posts\/36062\/revisions\/36069"}],"wp:featuredmedia":[{"embeddable":true,"href":"https:\/\/crc.org.ar\/w\/wp-json\/wp\/v2\/media\/36063"}],"wp:attachment":[{"href":"https:\/\/crc.org.ar\/w\/wp-json\/wp\/v2\/media?parent=36062"}],"wp:term":[{"taxonomy":"category","embeddable":true,"href":"https:\/\/crc.org.ar\/w\/wp-json\/wp\/v2\/categories?post=36062"},{"taxonomy":"post_tag","embeddable":true,"href":"https:\/\/crc.org.ar\/w\/wp-json\/wp\/v2\/tags?post=36062"}],"curies":[{"name":"wp","href":"https:\/\/api.w.org\/{rel}","templated":true}]}}