{"id":36384,"date":"2023-08-26T12:48:18","date_gmt":"2023-08-26T15:48:18","guid":{"rendered":"https:\/\/crc.org.ar\/w\/?p=36384"},"modified":"2023-08-26T12:48:19","modified_gmt":"2023-08-26T15:48:19","slug":"el-anfitrion-festejo-en-su-regata-centenario","status":"publish","type":"post","link":"https:\/\/crc.org.ar\/w\/el-anfitrion-festejo-en-su-regata-centenario\/","title":{"rendered":"El anfitri\u00f3n festej\u00f3 en su Regata Centenario"},"content":{"rendered":"\n<p>(S\u00e1bado 26 de agosto de 2023). Regatas Corrientes celebr\u00f3 por partida doble en su deporte fundacional sus 100 a\u00f1os de vida, llevando a cabo la Regata Especial Centenario y adue\u00f1\u00e1ndose de todos los premios por equipo.<\/p>\n\n\n\n<!--more-->\n\n\n\n<figure class=\"wp-block-image alignwide size-large\"><img loading=\"lazy\" decoding=\"async\" width=\"2048\" height=\"1367\" src=\"https:\/\/crc.org.ar\/w\/wp-content\/uploads\/2023\/08\/Copa-General-2048x1367.jpg\" alt=\"\" class=\"wp-image-36385\" srcset=\"https:\/\/crc.org.ar\/w\/wp-content\/uploads\/2023\/08\/Copa-General-2048x1367.jpg 2048w, https:\/\/crc.org.ar\/w\/wp-content\/uploads\/2023\/08\/Copa-General-300x200.jpg 300w, https:\/\/crc.org.ar\/w\/wp-content\/uploads\/2023\/08\/Copa-General-768x513.jpg 768w, https:\/\/crc.org.ar\/w\/wp-content\/uploads\/2023\/08\/Copa-General-1536x1025.jpg 1536w\" sizes=\"(max-width: 2048px) 100vw, 2048px\" \/><\/figure>\n\n\n\n<p>El domingo 20 de agosto se desarroll\u00f3 la Regata Especial Centenario, organizada por el Club de Regatas Corrientes en el marco de los m\u00faltiples eventos que festejan los primeros 100 a\u00f1os de vida de la instituci\u00f3n del parque Mitre.<\/p>\n\n\n\n<p>El evento que estuvo dentro del calendario oficial de la AARA marc\u00f3 el regreso de una Regata de esta envergadura a la instituci\u00f3n tras varios a\u00f1os. Adem\u00e1s, el certamen estuvo fiscalizado por la Comisi\u00f3n de Remo Internacional del Litoral (CRIL).<\/p>\n\n\n\n<p>Vale remarcar, que todo comenz\u00f3 el d\u00eda s\u00e1bado por la noche, cuando se desarroll\u00f3 la cena de bienvenida para las delegaciones visitantes en el Play\u00f3n II. En amena velada se aprovech\u00f3 para servir platos t\u00edpicos a los for\u00e1neos compartiendo un momento de confraternidad entre los deportistas, entrenadores, \u00e1rbitros, dirigentes y familiares. Tambi\u00e9n, se pudo hacer una exposici\u00f3n de danzas folcl\u00f3ricas de la regi\u00f3n a cargo de la Academia Mataco Lemos.<\/p>\n\n\n\n<figure class=\"wp-block-gallery alignwide has-nested-images columns-default is-cropped wp-block-gallery-1 is-layout-flex wp-block-gallery-is-layout-flex\">\n<figure class=\"wp-block-image size-large\"><img loading=\"lazy\" decoding=\"async\" width=\"2048\" height=\"1366\" data-id=\"36386\" src=\"https:\/\/crc.org.ar\/w\/wp-content\/uploads\/2023\/08\/Cena-1-2048x1366.jpg\" alt=\"\" class=\"wp-image-36386\" srcset=\"https:\/\/crc.org.ar\/w\/wp-content\/uploads\/2023\/08\/Cena-1-2048x1366.jpg 2048w, https:\/\/crc.org.ar\/w\/wp-content\/uploads\/2023\/08\/Cena-1-300x200.jpg 300w, https:\/\/crc.org.ar\/w\/wp-content\/uploads\/2023\/08\/Cena-1-768x512.jpg 768w, https:\/\/crc.org.ar\/w\/wp-content\/uploads\/2023\/08\/Cena-1-1536x1025.jpg 1536w\" sizes=\"(max-width: 2048px) 100vw, 2048px\" \/><\/figure>\n\n\n\n<figure class=\"wp-block-image size-large\"><img loading=\"lazy\" decoding=\"async\" width=\"2048\" height=\"1366\" data-id=\"36387\" src=\"https:\/\/crc.org.ar\/w\/wp-content\/uploads\/2023\/08\/Cena-2-2048x1366.jpg\" alt=\"\" class=\"wp-image-36387\" srcset=\"https:\/\/crc.org.ar\/w\/wp-content\/uploads\/2023\/08\/Cena-2-2048x1366.jpg 2048w, https:\/\/crc.org.ar\/w\/wp-content\/uploads\/2023\/08\/Cena-2-300x200.jpg 300w, https:\/\/crc.org.ar\/w\/wp-content\/uploads\/2023\/08\/Cena-2-768x512.jpg 768w, https:\/\/crc.org.ar\/w\/wp-content\/uploads\/2023\/08\/Cena-2-1536x1025.jpg 1536w\" sizes=\"(max-width: 2048px) 100vw, 2048px\" \/><\/figure>\n<\/figure>\n\n\n\n<p>En cuanto a lo deportivo, participaron m\u00e1s de 80 atletas y que se cont\u00f3 con la visita del Club N\u00e1utico Z\u00e1rate y de la Escuela Tup\u00e1 Remo y Triatl\u00f3n desde el \u00e1mbito nacional, mientras que tambi\u00e9n el Club de Pescadores Paysand\u00fa de Uruguay le dio marco internacional a la competencia.<\/p>\n\n\n\n<p>Ya en la jornada del domingo se desarrollaron m\u00e1s de 30 pruebas en las diferentes clases y categor\u00edas, donde al final de cuentas el equipo de remo de la instituci\u00f3n fantasma logr\u00f3 quedarse con los tres trofeos en disputa: por equipo masculino, femenino y la copa por equipos en general, festejando as\u00ed a lo grande su Centenario.<\/p>\n\n\n\n<figure class=\"wp-block-gallery alignwide has-nested-images columns-default is-cropped wp-block-gallery-2 is-layout-flex wp-block-gallery-is-layout-flex\">\n<figure class=\"wp-block-image size-large\"><img loading=\"lazy\" decoding=\"async\" width=\"2048\" height=\"1366\" data-id=\"36388\" src=\"https:\/\/crc.org.ar\/w\/wp-content\/uploads\/2023\/08\/Copa-Femenina-2048x1366.jpg\" alt=\"\" class=\"wp-image-36388\" srcset=\"https:\/\/crc.org.ar\/w\/wp-content\/uploads\/2023\/08\/Copa-Femenina-2048x1366.jpg 2048w, https:\/\/crc.org.ar\/w\/wp-content\/uploads\/2023\/08\/Copa-Femenina-300x200.jpg 300w, https:\/\/crc.org.ar\/w\/wp-content\/uploads\/2023\/08\/Copa-Femenina-768x512.jpg 768w, https:\/\/crc.org.ar\/w\/wp-content\/uploads\/2023\/08\/Copa-Femenina-1536x1025.jpg 1536w\" sizes=\"(max-width: 2048px) 100vw, 2048px\" \/><\/figure>\n\n\n\n<figure class=\"wp-block-image size-large\"><img decoding=\"async\" data-id=\"36389\" src=\"https:\/\/crc.org.ar\/w\/wp-content\/uploads\/2023\/08\/Copa-Masculina-2048x1366.jpg\" alt=\"\" class=\"wp-image-36389\"\/><\/figure>\n<\/figure>\n\n\n\n<p>En total la delegaci\u00f3n anfitriona logr\u00f3 colgarse un total de 40 medallas en las diferentes regatas de las distintas clases y categor\u00edas que se llevaron adelante, recordaron que se corrieron en infantiles, cadetes, menores, junior, senior, m\u00e1ster, y remo adaptado.<\/p>\n\n\n\n<p>Los conseguidos por el plantel Remero fueron 24 primeros puestos, 9 segundos puestos y 7 terceros puestos.<\/p>\n\n\n\n<p>Para cerrar una verdadera fiesta del remo se llev\u00f3 a cabo un show en la playa regatense a cargo de la Escuela de Samba de Sapucay.<\/p>\n\n\n\n<figure class=\"wp-block-gallery alignfull has-nested-images columns-default is-cropped wp-block-gallery-3 is-layout-flex wp-block-gallery-is-layout-flex\">\n<figure class=\"wp-block-image size-large\"><img loading=\"lazy\" decoding=\"async\" width=\"2048\" height=\"1366\" data-id=\"36393\" src=\"https:\/\/crc.org.ar\/w\/wp-content\/uploads\/2023\/08\/Publico-1-2048x1366.jpg\" alt=\"\" class=\"wp-image-36393\" srcset=\"https:\/\/crc.org.ar\/w\/wp-content\/uploads\/2023\/08\/Publico-1-2048x1366.jpg 2048w, https:\/\/crc.org.ar\/w\/wp-content\/uploads\/2023\/08\/Publico-1-300x200.jpg 300w, https:\/\/crc.org.ar\/w\/wp-content\/uploads\/2023\/08\/Publico-1-768x512.jpg 768w, https:\/\/crc.org.ar\/w\/wp-content\/uploads\/2023\/08\/Publico-1-1536x1025.jpg 1536w\" sizes=\"(max-width: 2048px) 100vw, 2048px\" \/><\/figure>\n\n\n\n<figure class=\"wp-block-image size-large\"><img loading=\"lazy\" decoding=\"async\" width=\"2048\" height=\"1367\" data-id=\"36390\" src=\"https:\/\/crc.org.ar\/w\/wp-content\/uploads\/2023\/08\/Regata-1-2048x1367.jpg\" alt=\"\" class=\"wp-image-36390\" srcset=\"https:\/\/crc.org.ar\/w\/wp-content\/uploads\/2023\/08\/Regata-1-2048x1367.jpg 2048w, https:\/\/crc.org.ar\/w\/wp-content\/uploads\/2023\/08\/Regata-1-300x200.jpg 300w, https:\/\/crc.org.ar\/w\/wp-content\/uploads\/2023\/08\/Regata-1-768x513.jpg 768w, https:\/\/crc.org.ar\/w\/wp-content\/uploads\/2023\/08\/Regata-1-1536x1025.jpg 1536w\" sizes=\"(max-width: 2048px) 100vw, 2048px\" \/><\/figure>\n\n\n\n<figure class=\"wp-block-image size-large\"><img loading=\"lazy\" decoding=\"async\" width=\"2048\" height=\"1366\" data-id=\"36391\" src=\"https:\/\/crc.org.ar\/w\/wp-content\/uploads\/2023\/08\/Regata-2-2-2048x1366.jpg\" alt=\"\" class=\"wp-image-36391\" srcset=\"https:\/\/crc.org.ar\/w\/wp-content\/uploads\/2023\/08\/Regata-2-2-2048x1366.jpg 2048w, https:\/\/crc.org.ar\/w\/wp-content\/uploads\/2023\/08\/Regata-2-2-300x200.jpg 300w, https:\/\/crc.org.ar\/w\/wp-content\/uploads\/2023\/08\/Regata-2-2-768x512.jpg 768w, https:\/\/crc.org.ar\/w\/wp-content\/uploads\/2023\/08\/Regata-2-2-1536x1025.jpg 1536w\" sizes=\"(max-width: 2048px) 100vw, 2048px\" \/><\/figure>\n\n\n\n<figure class=\"wp-block-image size-large\"><img loading=\"lazy\" decoding=\"async\" width=\"2048\" height=\"1366\" data-id=\"36392\" src=\"https:\/\/crc.org.ar\/w\/wp-content\/uploads\/2023\/08\/Regata-2-2048x1366.jpg\" alt=\"\" class=\"wp-image-36392\" srcset=\"https:\/\/crc.org.ar\/w\/wp-content\/uploads\/2023\/08\/Regata-2-2048x1366.jpg 2048w, https:\/\/crc.org.ar\/w\/wp-content\/uploads\/2023\/08\/Regata-2-300x200.jpg 300w, https:\/\/crc.org.ar\/w\/wp-content\/uploads\/2023\/08\/Regata-2-768x512.jpg 768w, https:\/\/crc.org.ar\/w\/wp-content\/uploads\/2023\/08\/Regata-2-1536x1025.jpg 1536w\" sizes=\"(max-width: 2048px) 100vw, 2048px\" \/><\/figure>\n<\/figure>\n","protected":false},"excerpt":{"rendered":"<p>(S\u00e1bado 26 de agosto de 2023). Regatas Corrientes celebr\u00f3 por partida doble en su deporte fundacional sus 100 a\u00f1os de vida, llevando a cabo la Regata Especial Centenario y adue\u00f1\u00e1ndose de todos los premios por equipo. El domingo 20 de agosto se desarroll\u00f3 la Regata Especial Centenario, organizada por el Club de Regatas Corrientes en &hellip;<\/p>\n","protected":false},"author":6,"featured_media":36389,"comment_status":"closed","ping_status":"closed","sticky":false,"template":"","format":"standard","meta":{"footnotes":""},"categories":[156,18],"tags":[],"_links":{"self":[{"href":"https:\/\/crc.org.ar\/w\/wp-json\/wp\/v2\/posts\/36384"}],"collection":[{"href":"https:\/\/crc.org.ar\/w\/wp-json\/wp\/v2\/posts"}],"about":[{"href":"https:\/\/crc.org.ar\/w\/wp-json\/wp\/v2\/types\/post"}],"author":[{"embeddable":true,"href":"https:\/\/crc.org.ar\/w\/wp-json\/wp\/v2\/users\/6"}],"replies":[{"embeddable":true,"href":"https:\/\/crc.org.ar\/w\/wp-json\/wp\/v2\/comments?post=36384"}],"version-history":[{"count":1,"href":"https:\/\/crc.org.ar\/w\/wp-json\/wp\/v2\/posts\/36384\/revisions"}],"predecessor-version":[{"id":36394,"href":"https:\/\/crc.org.ar\/w\/wp-json\/wp\/v2\/posts\/36384\/revisions\/36394"}],"wp:featuredmedia":[{"embeddable":true,"href":"https:\/\/crc.org.ar\/w\/wp-json\/wp\/v2\/media\/36389"}],"wp:attachment":[{"href":"https:\/\/crc.org.ar\/w\/wp-json\/wp\/v2\/media?parent=36384"}],"wp:term":[{"taxonomy":"category","embeddable":true,"href":"https:\/\/crc.org.ar\/w\/wp-json\/wp\/v2\/categories?post=36384"},{"taxonomy":"post_tag","embeddable":true,"href":"https:\/\/crc.org.ar\/w\/wp-json\/wp\/v2\/tags?post=36384"}],"curies":[{"name":"wp","href":"https:\/\/api.w.org\/{rel}","templated":true}]}}