{"id":36452,"date":"2023-09-05T10:04:53","date_gmt":"2023-09-05T13:04:53","guid":{"rendered":"https:\/\/crc.org.ar\/w\/?p=36452"},"modified":"2023-09-05T10:04:54","modified_gmt":"2023-09-05T13:04:54","slug":"el-encuentro-infantil-de-ajedrez-tuvo-un-gran-desempeno-regatense","status":"publish","type":"post","link":"https:\/\/crc.org.ar\/w\/el-encuentro-infantil-de-ajedrez-tuvo-un-gran-desempeno-regatense\/","title":{"rendered":"El Encuentro Infantil de ajedrez tuvo un gran desempe\u00f1o regatense"},"content":{"rendered":"\n<p>(Martes 5 de septiembre de 2023). <strong>Tom\u00e1s Pueyo y Pueyo<\/strong> fue el campe\u00f3n del torneo de manera invicta, y <strong>Nahiara Galeano<\/strong> recibi\u00f3 el premio a la mejor en la categor\u00eda Sub17. <strong>Agustino Vega Arengo<\/strong> qued\u00f3 en el tercer puesto en Sub8.<\/p>\n\n\n\n<!--more-->\n\n\n\n<figure class=\"wp-block-image alignwide size-full\"><img decoding=\"async\" src=\"https:\/\/crc.org.ar\/w\/wp-content\/uploads\/2023\/09\/Sub17.jpeg\" alt=\"\" class=\"wp-image-36453\"\/><\/figure>\n\n\n\n<p>El pasado s\u00e1bado en el sal\u00f3n de conferencias del Club de Regatas Corrientes se llev\u00f3 adelante el Encuentro y Torneo Infantil de ajedrez organizado por la escuela de la instituci\u00f3n anfitriona. Los locales se adue\u00f1aron de varios premios.<\/p>\n\n\n\n<p>En primer lugar, <strong>Tom\u00e1s Pueyo y Pueyo <\/strong>se consagr\u00f3 como campe\u00f3n del certamen de las categor\u00edas Sub20 y Sub17, ganando de manera invicta. En Sub17, adem\u00e1s, el segundo puesto qued\u00f3 para la tambi\u00e9n regatense <strong>Nahiara Galeano<\/strong>, quien recibi\u00f3 el premio a la mejor jugadora Sub17<strong>.<\/strong><\/p>\n\n\n\n<p>En categor\u00eda Sub14\/11 Benicio Culpian de Bella Vista fue el flamante campe\u00f3n. En otras categor\u00edas disputadas como Sub8, <strong>Agustino Vega Arengo <\/strong>se subi\u00f3 al podio ubic\u00e1ndose en el tercer lugar. &nbsp;&nbsp;&nbsp;<\/p>\n\n\n\n<figure class=\"wp-block-gallery alignwide has-nested-images columns-default is-cropped wp-block-gallery-1 is-layout-flex wp-block-gallery-is-layout-flex\">\n<figure class=\"wp-block-image size-large\"><img loading=\"lazy\" decoding=\"async\" width=\"649\" height=\"1285\" data-id=\"36454\" src=\"https:\/\/crc.org.ar\/w\/wp-content\/uploads\/2023\/09\/Pueyo-y-Pueyo.jpeg\" alt=\"\" class=\"wp-image-36454\" srcset=\"https:\/\/crc.org.ar\/w\/wp-content\/uploads\/2023\/09\/Pueyo-y-Pueyo.jpeg 649w, https:\/\/crc.org.ar\/w\/wp-content\/uploads\/2023\/09\/Pueyo-y-Pueyo-152x300.jpeg 152w\" sizes=\"(max-width: 649px) 100vw, 649px\" \/><\/figure>\n\n\n\n<figure class=\"wp-block-image size-large\"><img loading=\"lazy\" decoding=\"async\" width=\"963\" height=\"1600\" data-id=\"36455\" src=\"https:\/\/crc.org.ar\/w\/wp-content\/uploads\/2023\/09\/Galeano.jpeg\" alt=\"\" class=\"wp-image-36455\" srcset=\"https:\/\/crc.org.ar\/w\/wp-content\/uploads\/2023\/09\/Galeano.jpeg 963w, https:\/\/crc.org.ar\/w\/wp-content\/uploads\/2023\/09\/Galeano-181x300.jpeg 181w, https:\/\/crc.org.ar\/w\/wp-content\/uploads\/2023\/09\/Galeano-768x1276.jpeg 768w, https:\/\/crc.org.ar\/w\/wp-content\/uploads\/2023\/09\/Galeano-924x1536.jpeg 924w\" sizes=\"(max-width: 963px) 100vw, 963px\" \/><\/figure>\n\n\n\n<figure class=\"wp-block-image size-large\"><img loading=\"lazy\" decoding=\"async\" width=\"1112\" height=\"1600\" data-id=\"36456\" src=\"https:\/\/crc.org.ar\/w\/wp-content\/uploads\/2023\/09\/Sub14-11.jpeg\" alt=\"\" class=\"wp-image-36456\" srcset=\"https:\/\/crc.org.ar\/w\/wp-content\/uploads\/2023\/09\/Sub14-11.jpeg 1112w, https:\/\/crc.org.ar\/w\/wp-content\/uploads\/2023\/09\/Sub14-11-209x300.jpeg 209w, https:\/\/crc.org.ar\/w\/wp-content\/uploads\/2023\/09\/Sub14-11-768x1105.jpeg 768w, https:\/\/crc.org.ar\/w\/wp-content\/uploads\/2023\/09\/Sub14-11-1068x1536.jpeg 1068w\" sizes=\"(max-width: 1112px) 100vw, 1112px\" \/><\/figure>\n<\/figure>\n\n\n\n<p>El Encuentro, que estuvo organizado por el instructor <strong>Jorge G\u00f3mez Baillo,<\/strong> cont\u00f3 adem\u00e1s con la presencia de delegaciones de Santa Ana, de Riachuelo y de otras escuelas de ajedrez de la Ciudad de Corrientes.<\/p>\n","protected":false},"excerpt":{"rendered":"<p>(Martes 5 de septiembre de 2023). Tom\u00e1s Pueyo y Pueyo fue el campe\u00f3n del torneo de manera invicta, y Nahiara Galeano recibi\u00f3 el premio a la mejor en la categor\u00eda Sub17. Agustino Vega Arengo qued\u00f3 en el tercer puesto en Sub8. El pasado s\u00e1bado en el sal\u00f3n de conferencias del Club de Regatas Corrientes se &hellip;<\/p>\n","protected":false},"author":7,"featured_media":36453,"comment_status":"closed","ping_status":"closed","sticky":false,"template":"","format":"standard","meta":{"footnotes":""},"categories":[106,156],"tags":[],"_links":{"self":[{"href":"https:\/\/crc.org.ar\/w\/wp-json\/wp\/v2\/posts\/36452"}],"collection":[{"href":"https:\/\/crc.org.ar\/w\/wp-json\/wp\/v2\/posts"}],"about":[{"href":"https:\/\/crc.org.ar\/w\/wp-json\/wp\/v2\/types\/post"}],"author":[{"embeddable":true,"href":"https:\/\/crc.org.ar\/w\/wp-json\/wp\/v2\/users\/7"}],"replies":[{"embeddable":true,"href":"https:\/\/crc.org.ar\/w\/wp-json\/wp\/v2\/comments?post=36452"}],"version-history":[{"count":1,"href":"https:\/\/crc.org.ar\/w\/wp-json\/wp\/v2\/posts\/36452\/revisions"}],"predecessor-version":[{"id":36457,"href":"https:\/\/crc.org.ar\/w\/wp-json\/wp\/v2\/posts\/36452\/revisions\/36457"}],"wp:featuredmedia":[{"embeddable":true,"href":"https:\/\/crc.org.ar\/w\/wp-json\/wp\/v2\/media\/36453"}],"wp:attachment":[{"href":"https:\/\/crc.org.ar\/w\/wp-json\/wp\/v2\/media?parent=36452"}],"wp:term":[{"taxonomy":"category","embeddable":true,"href":"https:\/\/crc.org.ar\/w\/wp-json\/wp\/v2\/categories?post=36452"},{"taxonomy":"post_tag","embeddable":true,"href":"https:\/\/crc.org.ar\/w\/wp-json\/wp\/v2\/tags?post=36452"}],"curies":[{"name":"wp","href":"https:\/\/api.w.org\/{rel}","templated":true}]}}