{"id":36464,"date":"2023-09-06T10:27:48","date_gmt":"2023-09-06T13:27:48","guid":{"rendered":"https:\/\/crc.org.ar\/w\/?p=36464"},"modified":"2023-09-06T10:27:49","modified_gmt":"2023-09-06T13:27:49","slug":"todo-listo-para-la-xxv-edicion-del-torneo-anual-de-taekwon-do-itf","status":"publish","type":"post","link":"https:\/\/crc.org.ar\/w\/todo-listo-para-la-xxv-edicion-del-torneo-anual-de-taekwon-do-itf\/","title":{"rendered":"Todo listo para la XXV edici\u00f3n del Torneo anual de Taekwon-do ITF"},"content":{"rendered":"\n<p>(Mi\u00e9rcoles 6 de septiembre de 2023). El pr\u00f3ximo s\u00e1bado 9 y domingo 10, el Club de Regatas Corrientes ser\u00e1 escenario de la XXV edici\u00f3n del Torneo Anual de Taekwondo ITF. Organizado por la Asociaci\u00f3n Civil Academia Superior de Taekwondo (ACAST).<\/p>\n\n\n\n<!--more-->\n\n\n<div class=\"wp-block-image\">\n<figure class=\"aligncenter size-full\"><img loading=\"lazy\" decoding=\"async\" width=\"1889\" height=\"1261\" src=\"https:\/\/crc.org.ar\/w\/wp-content\/uploads\/2022\/08\/Torneo-Anual-1.jpg\" alt=\"\" class=\"wp-image-33359\" srcset=\"https:\/\/crc.org.ar\/w\/wp-content\/uploads\/2022\/08\/Torneo-Anual-1.jpg 1889w, https:\/\/crc.org.ar\/w\/wp-content\/uploads\/2022\/08\/Torneo-Anual-1-300x200.jpg 300w, https:\/\/crc.org.ar\/w\/wp-content\/uploads\/2022\/08\/Torneo-Anual-1-768x513.jpg 768w, https:\/\/crc.org.ar\/w\/wp-content\/uploads\/2022\/08\/Torneo-Anual-1-1536x1025.jpg 1536w\" sizes=\"(max-width: 1889px) 100vw, 1889px\" \/><\/figure><\/div>\n\n\n<p>El estadio Jos\u00e9 Jorge Contte ser\u00e1 sede de la XXV edici\u00f3n del Torneo Anual de Taekwondo ITF. Ser\u00e1n los d\u00edas s\u00e1bado 9 y domingo 10 bajo la organizaci\u00f3n de la Asociaci\u00f3n Civil Academia Superior de Taekwon-do (ACAST), al frente del Master Jorge Demarchi.<\/p>\n\n\n\n<p>La competencia que ser\u00e1 de car\u00e1cter internacional, contar\u00e1 con delegaciones de Paraguay, Misiones, Formosa, Santa Fe, Chaco y Corrientes que contar\u00e1 con los clubes, San Mart\u00edn, Boca Unidos, Hurac\u00e1n, Club Esportivo y el anfitri\u00f3n Regatas Corrientes.<\/p>\n\n\n\n<p>Por lo que se esperan alrededor de 1500 competidores entre Danes y Gups, lo que marca el gran nivel de competencia que se espera.<\/p>\n\n\n\n<p>El torneo iniciar\u00e1 el s\u00e1bado a las 10 horas donde competir\u00e1n Gups (colores) de 12 a\u00f1os en adelante (cadetes, juveniles A y B, adultos y seniors) y Danes (todas las categor\u00edas). En tanto que el domingo, tambi\u00e9n a las 10 horas, competir\u00e1 la categor\u00eda exhibici\u00f3n y Gups (colores) infantiles hasta 11 a\u00f1os.<\/p>\n\n\n\n<p>En la previa al inicio de cada jornada se realizar\u00e1 un acto central, a las 9.45 horas con la presencia de todos los competidores y la de autoridades locales y provinciales, junto a miembros de la ACAST y de la Honorable Comisi\u00f3n Directiva del club anfitri\u00f3n.<\/p>\n","protected":false},"excerpt":{"rendered":"<p>(Mi\u00e9rcoles 6 de septiembre de 2023). El pr\u00f3ximo s\u00e1bado 9 y domingo 10, el Club de Regatas Corrientes ser\u00e1 escenario de la XXV edici\u00f3n del Torneo Anual de Taekwondo ITF. Organizado por la Asociaci\u00f3n Civil Academia Superior de Taekwondo (ACAST). El estadio Jos\u00e9 Jorge Contte ser\u00e1 sede de la XXV edici\u00f3n del Torneo Anual de &hellip;<\/p>\n","protected":false},"author":6,"featured_media":22102,"comment_status":"closed","ping_status":"closed","sticky":false,"template":"","format":"standard","meta":{"footnotes":""},"categories":[72,156,74],"tags":[222,191,247],"_links":{"self":[{"href":"https:\/\/crc.org.ar\/w\/wp-json\/wp\/v2\/posts\/36464"}],"collection":[{"href":"https:\/\/crc.org.ar\/w\/wp-json\/wp\/v2\/posts"}],"about":[{"href":"https:\/\/crc.org.ar\/w\/wp-json\/wp\/v2\/types\/post"}],"author":[{"embeddable":true,"href":"https:\/\/crc.org.ar\/w\/wp-json\/wp\/v2\/users\/6"}],"replies":[{"embeddable":true,"href":"https:\/\/crc.org.ar\/w\/wp-json\/wp\/v2\/comments?post=36464"}],"version-history":[{"count":1,"href":"https:\/\/crc.org.ar\/w\/wp-json\/wp\/v2\/posts\/36464\/revisions"}],"predecessor-version":[{"id":36465,"href":"https:\/\/crc.org.ar\/w\/wp-json\/wp\/v2\/posts\/36464\/revisions\/36465"}],"wp:featuredmedia":[{"embeddable":true,"href":"https:\/\/crc.org.ar\/w\/wp-json\/wp\/v2\/media\/22102"}],"wp:attachment":[{"href":"https:\/\/crc.org.ar\/w\/wp-json\/wp\/v2\/media?parent=36464"}],"wp:term":[{"taxonomy":"category","embeddable":true,"href":"https:\/\/crc.org.ar\/w\/wp-json\/wp\/v2\/categories?post=36464"},{"taxonomy":"post_tag","embeddable":true,"href":"https:\/\/crc.org.ar\/w\/wp-json\/wp\/v2\/tags?post=36464"}],"curies":[{"name":"wp","href":"https:\/\/api.w.org\/{rel}","templated":true}]}}