{"id":37326,"date":"2024-01-25T13:03:23","date_gmt":"2024-01-25T16:03:23","guid":{"rendered":"https:\/\/crc.org.ar\/w\/?p=37326"},"modified":"2024-01-25T13:09:36","modified_gmt":"2024-01-25T16:09:36","slug":"regatas-sumo-un-valioso-triunfo-sobre-el-dueno-de-casa","status":"publish","type":"post","link":"https:\/\/crc.org.ar\/w\/regatas-sumo-un-valioso-triunfo-sobre-el-dueno-de-casa\/","title":{"rendered":"Regatas la gan\u00f3 al due\u00f1o de casa y se asegur\u00f3 ir por el ascenso"},"content":{"rendered":"\n<p>(Jueves 25 de enero de 2024). Regatas Corrientes le gan\u00f3 a Villa Dora 3-1 y logr\u00f3 acomodarse entre los cuatro mejores para avanzar a la pr\u00f3xima ronda. El viernes se medir\u00e1 con Waiwen desde las 9 horas.<\/p>\n\n\n\n<!--more-->\n\n\n\n<figure class=\"wp-block-image alignwide size-full\"><img decoding=\"async\" src=\"https:\/\/crc.org.ar\/w\/wp-content\/uploads\/2024\/01\/Festejo-2.jpg\" alt=\"\" class=\"wp-image-37327\"\/><\/figure>\n\n\n\n<p>Luego de haber sumado su primera ca\u00edda en la Liga Nacional de V\u00f3leibol Masculina y del d\u00eda de descanso el pasado mi\u00e9rcoles, el Club de Regatas Corrientes se levant\u00f3 y pudo quedarse con un importante triunfo por 3-1 sobre Villa Dora, el local y anfitri\u00f3n de la primera fase el jueves cerca del mediod\u00eda.<\/p>\n\n\n\n<p>El Remero estuvo muy s\u00f3lido en todas las facetas durante los primeros dos sets, los cuales los termin\u00f3 ganando 25-20 y 25-19. Sin embargo, los locales pudieron emparejar las acciones en el tercer parcial llev\u00e1ndoselo 25-27, pero el Fantasma no se fue nunca de cabeza y finalmente lo pudo cerrar en el cuarto 25-19.<\/p>\n\n\n\n<p>El partido adem\u00e1s tuvo muchos roces, por lo que los jueces repartieron advertencias y tarjetas para ambos equipos, e incluso el entrenador correntino, <strong>Marcelo Obes, <\/strong>fue expulsado en el cuarto set.<\/p>\n\n\n\n<figure class=\"wp-block-gallery alignfull has-nested-images columns-default is-cropped wp-block-gallery-1 is-layout-flex wp-block-gallery-is-layout-flex\">\n<figure class=\"wp-block-image size-full\"><a href=\"https:\/\/crc.org.ar\/w\/wp-content\/uploads\/2024\/01\/Gomez-Fedrigo.jpg\"><img loading=\"lazy\" decoding=\"async\" width=\"2048\" height=\"1365\" data-id=\"37330\" src=\"https:\/\/crc.org.ar\/w\/wp-content\/uploads\/2024\/01\/Gomez-Fedrigo.jpg\" alt=\"\" class=\"wp-image-37330\" srcset=\"https:\/\/crc.org.ar\/w\/wp-content\/uploads\/2024\/01\/Gomez-Fedrigo.jpg 2048w, https:\/\/crc.org.ar\/w\/wp-content\/uploads\/2024\/01\/Gomez-Fedrigo-300x200.jpg 300w, https:\/\/crc.org.ar\/w\/wp-content\/uploads\/2024\/01\/Gomez-Fedrigo-768x512.jpg 768w, https:\/\/crc.org.ar\/w\/wp-content\/uploads\/2024\/01\/Gomez-Fedrigo-1536x1024.jpg 1536w\" sizes=\"(max-width: 2048px) 100vw, 2048px\" \/><\/a><\/figure>\n\n\n\n<figure class=\"wp-block-image size-full\"><a href=\"https:\/\/crc.org.ar\/w\/wp-content\/uploads\/2024\/01\/Preisler.jpg\"><img loading=\"lazy\" decoding=\"async\" width=\"2048\" height=\"1365\" data-id=\"37328\" src=\"https:\/\/crc.org.ar\/w\/wp-content\/uploads\/2024\/01\/Preisler.jpg\" alt=\"\" class=\"wp-image-37328\" srcset=\"https:\/\/crc.org.ar\/w\/wp-content\/uploads\/2024\/01\/Preisler.jpg 2048w, https:\/\/crc.org.ar\/w\/wp-content\/uploads\/2024\/01\/Preisler-300x200.jpg 300w, https:\/\/crc.org.ar\/w\/wp-content\/uploads\/2024\/01\/Preisler-768x512.jpg 768w, https:\/\/crc.org.ar\/w\/wp-content\/uploads\/2024\/01\/Preisler-1536x1024.jpg 1536w\" sizes=\"(max-width: 2048px) 100vw, 2048px\" \/><\/a><\/figure>\n\n\n\n<figure class=\"wp-block-image size-full\"><a href=\"https:\/\/crc.org.ar\/w\/wp-content\/uploads\/2024\/01\/Festejo-punto.jpg\"><img loading=\"lazy\" decoding=\"async\" width=\"2048\" height=\"1365\" data-id=\"37331\" src=\"https:\/\/crc.org.ar\/w\/wp-content\/uploads\/2024\/01\/Festejo-punto.jpg\" alt=\"\" class=\"wp-image-37331\" srcset=\"https:\/\/crc.org.ar\/w\/wp-content\/uploads\/2024\/01\/Festejo-punto.jpg 2048w, https:\/\/crc.org.ar\/w\/wp-content\/uploads\/2024\/01\/Festejo-punto-300x200.jpg 300w, https:\/\/crc.org.ar\/w\/wp-content\/uploads\/2024\/01\/Festejo-punto-768x512.jpg 768w, https:\/\/crc.org.ar\/w\/wp-content\/uploads\/2024\/01\/Festejo-punto-1536x1024.jpg 1536w\" sizes=\"(max-width: 2048px) 100vw, 2048px\" \/><\/a><\/figure>\n\n\n\n<figure class=\"wp-block-image size-full\"><a href=\"https:\/\/crc.org.ar\/w\/wp-content\/uploads\/2024\/01\/Prieto-1.jpg\"><img loading=\"lazy\" decoding=\"async\" width=\"2048\" height=\"1365\" data-id=\"37329\" src=\"https:\/\/crc.org.ar\/w\/wp-content\/uploads\/2024\/01\/Prieto-1.jpg\" alt=\"\" class=\"wp-image-37329\" srcset=\"https:\/\/crc.org.ar\/w\/wp-content\/uploads\/2024\/01\/Prieto-1.jpg 2048w, https:\/\/crc.org.ar\/w\/wp-content\/uploads\/2024\/01\/Prieto-1-300x200.jpg 300w, https:\/\/crc.org.ar\/w\/wp-content\/uploads\/2024\/01\/Prieto-1-768x512.jpg 768w, https:\/\/crc.org.ar\/w\/wp-content\/uploads\/2024\/01\/Prieto-1-1536x1024.jpg 1536w\" sizes=\"(max-width: 2048px) 100vw, 2048px\" \/><\/a><\/figure>\n<\/figure>\n\n\n\n<p>Con el triunfo Regatas Corrientes lleg\u00f3 a los 9 puntos en cuatro encuentros jugados, y se recuper\u00f3 tras la derrota contra Normal 3 de Rosario. Con estos resultados ya alcanz\u00f3 el primer objetivo de poder meterse en la Ronda campeonato para la segunda etapa de la Liga Nacional.<\/p>\n\n\n\n<p>El viernes desde las 9 horas los Remeros se enfrentar\u00e1n a Waiwen de Comodoro Rivadavia en su ante\u00faltimo enfrentamiento de esta fase, con un partido que ser\u00e1 importante para escalar posiciones en la zona.<\/p>\n\n\n\n<p><\/p>\n\n\n\n<p><\/p>\n\n\n\n<p><\/p>\n","protected":false},"excerpt":{"rendered":"<p>(Jueves 25 de enero de 2024). Regatas Corrientes le gan\u00f3 a Villa Dora 3-1 y logr\u00f3 acomodarse entre los cuatro mejores para avanzar a la pr\u00f3xima ronda. El viernes se medir\u00e1 con Waiwen desde las 9 horas. Luego de haber sumado su primera ca\u00edda en la Liga Nacional de V\u00f3leibol Masculina y del d\u00eda de &hellip;<\/p>\n","protected":false},"author":6,"featured_media":37327,"comment_status":"closed","ping_status":"closed","sticky":false,"template":"","format":"standard","meta":{"footnotes":""},"categories":[376,156],"tags":[],"_links":{"self":[{"href":"https:\/\/crc.org.ar\/w\/wp-json\/wp\/v2\/posts\/37326"}],"collection":[{"href":"https:\/\/crc.org.ar\/w\/wp-json\/wp\/v2\/posts"}],"about":[{"href":"https:\/\/crc.org.ar\/w\/wp-json\/wp\/v2\/types\/post"}],"author":[{"embeddable":true,"href":"https:\/\/crc.org.ar\/w\/wp-json\/wp\/v2\/users\/6"}],"replies":[{"embeddable":true,"href":"https:\/\/crc.org.ar\/w\/wp-json\/wp\/v2\/comments?post=37326"}],"version-history":[{"count":2,"href":"https:\/\/crc.org.ar\/w\/wp-json\/wp\/v2\/posts\/37326\/revisions"}],"predecessor-version":[{"id":37334,"href":"https:\/\/crc.org.ar\/w\/wp-json\/wp\/v2\/posts\/37326\/revisions\/37334"}],"wp:featuredmedia":[{"embeddable":true,"href":"https:\/\/crc.org.ar\/w\/wp-json\/wp\/v2\/media\/37327"}],"wp:attachment":[{"href":"https:\/\/crc.org.ar\/w\/wp-json\/wp\/v2\/media?parent=37326"}],"wp:term":[{"taxonomy":"category","embeddable":true,"href":"https:\/\/crc.org.ar\/w\/wp-json\/wp\/v2\/categories?post=37326"},{"taxonomy":"post_tag","embeddable":true,"href":"https:\/\/crc.org.ar\/w\/wp-json\/wp\/v2\/tags?post=37326"}],"curies":[{"name":"wp","href":"https:\/\/api.w.org\/{rel}","templated":true}]}}