{"id":37618,"date":"2024-04-04T11:09:16","date_gmt":"2024-04-04T14:09:16","guid":{"rendered":"https:\/\/crc.org.ar\/w\/?p=37618"},"modified":"2024-04-04T11:09:18","modified_gmt":"2024-04-04T14:09:18","slug":"regatenses-dijeron-presente-en-la-regata-de-mar-del-plata","status":"publish","type":"post","link":"https:\/\/crc.org.ar\/w\/regatenses-dijeron-presente-en-la-regata-de-mar-del-plata\/","title":{"rendered":"Regatenses dijeron presente en la Regata de Mar del Plata"},"content":{"rendered":"\n<p>(Jueves 4 de abril de 2024). El plantel promocional y oficial del Club de Regatas se present\u00f3 en las competencias celebradas en La Feliz, donde obtuvieron grandes resultados.<\/p>\n\n\n\n<!--more-->\n\n\n\n<figure class=\"wp-block-image alignwide size-large\"><img decoding=\"async\" src=\"https:\/\/crc.org.ar\/w\/wp-content\/uploads\/2024\/04\/WhatsApp-Image-2024-04-03-at-13.46.44-2048x1407.jpeg\" alt=\"\" class=\"wp-image-37619\"\/><\/figure>\n\n\n\n<p>Aprovechando el fin de semana largo, en Mar del Plata se llev\u00f3 a cabo una Regata Oficial y Promocional donde participaron clubes de todo el pa\u00eds, entre los que se encontr\u00f3 el Club de Regatas Corrientes con su equipo.<\/p>\n\n\n\n<p>La competencia se desarroll\u00f3 desde el 29 al 31 de marzo pasados, y la cancha se ubic\u00f3 en la Laguna de los Padres en La Feliz.<\/p>\n\n\n\n<p>El club correntino se present\u00f3 con un numeroso equipo Oficial y tambi\u00e9n uno Promocional, quienes aprovecharon la oportunidad para sumar rodaje y experiencia en lo que fue su primera competencia del a\u00f1o, y para muchos tambi\u00e9n signific\u00f3 la primera vez en un certamen.<\/p>\n\n\n\n<figure class=\"wp-block-gallery has-nested-images columns-default is-cropped wp-block-gallery-1 is-layout-flex wp-block-gallery-is-layout-flex\">\n<figure class=\"wp-block-image size-large\"><img loading=\"lazy\" decoding=\"async\" width=\"2048\" height=\"1250\" data-id=\"37624\" src=\"https:\/\/crc.org.ar\/w\/wp-content\/uploads\/2024\/04\/WhatsApp-Image-2024-04-03-at-13.46.31-1-2048x1250.jpeg\" alt=\"\" class=\"wp-image-37624\" srcset=\"https:\/\/crc.org.ar\/w\/wp-content\/uploads\/2024\/04\/WhatsApp-Image-2024-04-03-at-13.46.31-1-2048x1250.jpeg 2048w, https:\/\/crc.org.ar\/w\/wp-content\/uploads\/2024\/04\/WhatsApp-Image-2024-04-03-at-13.46.31-1-300x183.jpeg 300w, https:\/\/crc.org.ar\/w\/wp-content\/uploads\/2024\/04\/WhatsApp-Image-2024-04-03-at-13.46.31-1-768x469.jpeg 768w, https:\/\/crc.org.ar\/w\/wp-content\/uploads\/2024\/04\/WhatsApp-Image-2024-04-03-at-13.46.31-1-1536x937.jpeg 1536w\" sizes=\"(max-width: 2048px) 100vw, 2048px\" \/><\/figure>\n\n\n\n<figure class=\"wp-block-image size-large\"><img loading=\"lazy\" decoding=\"async\" width=\"2048\" height=\"1536\" data-id=\"37620\" src=\"https:\/\/crc.org.ar\/w\/wp-content\/uploads\/2024\/04\/WhatsApp-Image-2024-04-03-at-13.05.51-2048x1536.jpeg\" alt=\"\" class=\"wp-image-37620\" srcset=\"https:\/\/crc.org.ar\/w\/wp-content\/uploads\/2024\/04\/WhatsApp-Image-2024-04-03-at-13.05.51-2048x1536.jpeg 2048w, https:\/\/crc.org.ar\/w\/wp-content\/uploads\/2024\/04\/WhatsApp-Image-2024-04-03-at-13.05.51-300x225.jpeg 300w, https:\/\/crc.org.ar\/w\/wp-content\/uploads\/2024\/04\/WhatsApp-Image-2024-04-03-at-13.05.51-768x576.jpeg 768w, https:\/\/crc.org.ar\/w\/wp-content\/uploads\/2024\/04\/WhatsApp-Image-2024-04-03-at-13.05.51-1536x1152.jpeg 1536w\" sizes=\"(max-width: 2048px) 100vw, 2048px\" \/><\/figure>\n\n\n\n<figure class=\"wp-block-image size-large\"><img loading=\"lazy\" decoding=\"async\" width=\"2048\" height=\"1153\" data-id=\"37625\" src=\"https:\/\/crc.org.ar\/w\/wp-content\/uploads\/2024\/04\/WhatsApp-Image-2024-04-03-at-13.05.52-1-2048x1153.jpeg\" alt=\"\" class=\"wp-image-37625\" srcset=\"https:\/\/crc.org.ar\/w\/wp-content\/uploads\/2024\/04\/WhatsApp-Image-2024-04-03-at-13.05.52-1-2048x1153.jpeg 2048w, https:\/\/crc.org.ar\/w\/wp-content\/uploads\/2024\/04\/WhatsApp-Image-2024-04-03-at-13.05.52-1-300x169.jpeg 300w, https:\/\/crc.org.ar\/w\/wp-content\/uploads\/2024\/04\/WhatsApp-Image-2024-04-03-at-13.05.52-1-768x432.jpeg 768w, https:\/\/crc.org.ar\/w\/wp-content\/uploads\/2024\/04\/WhatsApp-Image-2024-04-03-at-13.05.52-1-1536x865.jpeg 1536w, https:\/\/crc.org.ar\/w\/wp-content\/uploads\/2024\/04\/WhatsApp-Image-2024-04-03-at-13.05.52-1-390x220.jpeg 390w\" sizes=\"(max-width: 2048px) 100vw, 2048px\" \/><\/figure>\n\n\n\n<figure class=\"wp-block-image size-large\"><img loading=\"lazy\" decoding=\"async\" width=\"2048\" height=\"1536\" data-id=\"37626\" src=\"https:\/\/crc.org.ar\/w\/wp-content\/uploads\/2024\/04\/WhatsApp-Image-2024-04-03-at-13.46.39-1-2048x1536.jpeg\" alt=\"\" class=\"wp-image-37626\" srcset=\"https:\/\/crc.org.ar\/w\/wp-content\/uploads\/2024\/04\/WhatsApp-Image-2024-04-03-at-13.46.39-1-2048x1536.jpeg 2048w, https:\/\/crc.org.ar\/w\/wp-content\/uploads\/2024\/04\/WhatsApp-Image-2024-04-03-at-13.46.39-1-300x225.jpeg 300w, https:\/\/crc.org.ar\/w\/wp-content\/uploads\/2024\/04\/WhatsApp-Image-2024-04-03-at-13.46.39-1-768x576.jpeg 768w, https:\/\/crc.org.ar\/w\/wp-content\/uploads\/2024\/04\/WhatsApp-Image-2024-04-03-at-13.46.39-1-1536x1152.jpeg 1536w\" sizes=\"(max-width: 2048px) 100vw, 2048px\" \/><\/figure>\n<\/figure>\n\n\n\n<p>La numerosa delegaci\u00f3n correntina estuvo compuesta por 19 deportistas, de los cuales siete conformaron el plantel Oficial y el resto Promocional. Adem\u00e1s, estuvieron acompa\u00f1ados por el coordinador de la disciplina <strong>Leandro L\u00f3pez Rivadeneira, <\/strong>y una comitiva numerosa de padres.<\/p>\n\n\n\n<h2 class=\"alignfull has-text-align-center wp-block-heading\"><strong>Los resultados en Mar del Plata<\/strong><\/h2>\n\n\n\n<p><strong>Regatas Promocionales<\/strong><\/p>\n\n\n\n<p>Paseo F Sub 14 Rodriguez Luana: 4to puesto<\/p>\n\n\n\n<p>Paseo M libre \u00c1lvarez Emiliano: 2do puesto<\/p>\n\n\n\n<p>Paseo F libre Reynoso Bel\u00e9n: 2do puesto<\/p>\n\n\n\n<p>2x shell M libre \u00c1lvarez &amp; Valenzuela Lautaro: 3er puesto<\/p>\n\n\n\n<p>2x shell M Sub 16: Villalba Gabriel &amp; Slootmans Juan Mat\u00edas &#8211; 3er puesto<\/p>\n\n\n\n<p>1x shell M libre: Juan Pablo canet &#8211; 5to puesto<\/p>\n\n\n\n<p>2x shell F libre: Rodr\u00edguez Celia &amp; M\u00e9ndez Fiorella (3er puesto)<\/p>\n\n\n\n<p>2x shell F libre: Romero Ariadna &amp; Meza Oriana (5to puesto)<\/p>\n\n\n\n<p>1x paseo M Sub 12 Badaro Rosendo &#8211; 3er puesto<\/p>\n\n\n\n<p>1x paseo M Sub 14 Badaro Rosendo (5to puesto)<\/p>\n\n\n\n<p>1x shell F libre serie 2:<\/p>\n\n\n\n<p>Rodr\u00edguez Celia (1er puesto)<\/p>\n\n\n\n<p>M\u00e9ndez Fiorella (2do puesto)<\/p>\n\n\n\n<p>Zibelman Sabrina (3er puesto)<\/p>\n\n\n\n<p>1x shell Sub 16: Slootmans Juan Mat\u00edas (2do puesto)<\/p>\n\n\n\n<p>1 x paseo ID: Sotelo Gustavo (1er puesto)<\/p>\n\n\n\n<p>Pineda Sebasti\u00e1n (2do puesto)<\/p>\n\n\n\n<p><strong>Regatas Oficiales<\/strong><\/p>\n\n\n\n<p>1x shell menor F: Ayala Angeles (4to puesto)<\/p>\n\n\n\n<p>1x shell menor M: Sandoval Juan cruz (4to puesto)<\/p>\n\n\n\n<p>1x shell intermedio M: Dieringer Santiago (2do puesto)<\/p>\n\n\n\n<p>2x shell menor M: Sandoval Juan cruz &amp; Slootmans Juan Mat\u00edas (2do puesto)<\/p>\n\n\n\n<p>2x shell Junior F: M\u00e9ndez Fiorella &amp; Rodr\u00edguez Celia (4to puesto)<\/p>\n","protected":false},"excerpt":{"rendered":"<p>(Jueves 4 de abril de 2024). El plantel promocional y oficial del Club de Regatas se present\u00f3 en las competencias celebradas en La Feliz, donde obtuvieron grandes resultados. Aprovechando el fin de semana largo, en Mar del Plata se llev\u00f3 a cabo una Regata Oficial y Promocional donde participaron clubes de todo el pa\u00eds, entre &hellip;<\/p>\n","protected":false},"author":7,"featured_media":37619,"comment_status":"closed","ping_status":"closed","sticky":false,"template":"","format":"standard","meta":{"footnotes":""},"categories":[156,18],"tags":[],"_links":{"self":[{"href":"https:\/\/crc.org.ar\/w\/wp-json\/wp\/v2\/posts\/37618"}],"collection":[{"href":"https:\/\/crc.org.ar\/w\/wp-json\/wp\/v2\/posts"}],"about":[{"href":"https:\/\/crc.org.ar\/w\/wp-json\/wp\/v2\/types\/post"}],"author":[{"embeddable":true,"href":"https:\/\/crc.org.ar\/w\/wp-json\/wp\/v2\/users\/7"}],"replies":[{"embeddable":true,"href":"https:\/\/crc.org.ar\/w\/wp-json\/wp\/v2\/comments?post=37618"}],"version-history":[{"count":1,"href":"https:\/\/crc.org.ar\/w\/wp-json\/wp\/v2\/posts\/37618\/revisions"}],"predecessor-version":[{"id":37627,"href":"https:\/\/crc.org.ar\/w\/wp-json\/wp\/v2\/posts\/37618\/revisions\/37627"}],"wp:featuredmedia":[{"embeddable":true,"href":"https:\/\/crc.org.ar\/w\/wp-json\/wp\/v2\/media\/37619"}],"wp:attachment":[{"href":"https:\/\/crc.org.ar\/w\/wp-json\/wp\/v2\/media?parent=37618"}],"wp:term":[{"taxonomy":"category","embeddable":true,"href":"https:\/\/crc.org.ar\/w\/wp-json\/wp\/v2\/categories?post=37618"},{"taxonomy":"post_tag","embeddable":true,"href":"https:\/\/crc.org.ar\/w\/wp-json\/wp\/v2\/tags?post=37618"}],"curies":[{"name":"wp","href":"https:\/\/api.w.org\/{rel}","templated":true}]}}