{"id":3774,"date":"2017-07-14T19:46:12","date_gmt":"2017-07-14T22:46:12","guid":{"rendered":"http:\/\/www.crc.org.ar\/w\/?p=3774"},"modified":"2017-07-14T19:46:12","modified_gmt":"2017-07-14T22:46:12","slug":"regatas-presente-en-la-copa-tokio-en-posadas","status":"publish","type":"post","link":"https:\/\/crc.org.ar\/w\/regatas-presente-en-la-copa-tokio-en-posadas\/","title":{"rendered":"Regatas presente en la Copa Tokio en Posadas"},"content":{"rendered":"<p>(Viernes 14 de julio de 2017). El equipo de judo del Club de Regatas Corrientes participar\u00e1 este s\u00e1bado de la VI edici\u00f3n del Torneo Internacional, \u201cCopa Tokio\u201d, organizado por la Federaci\u00f3n Misionera, fiscalizado por la Confederaci\u00f3n Argentina de Judo (CAJ).<\/p>\n<p><!--more--><\/p>\n<p>Este s\u00e1bado se realizar\u00e1 el torneo de judo \u201cCopa Tokio\u201d en homenaje al gran maestro Yoshihiro Matsumura, en el Concejo del Deporte, ubicado sobre calle C\u00f3rdoba 69 de la ciudad de Posadas, Misiones.<\/p>\n<p><a href=\"http:\/\/www.crc.org.ar\/w\/wp-content\/uploads\/2017\/07\/judo-crc-san-juan.jpg\"><img loading=\"lazy\" decoding=\"async\" class=\"alignleft size-medium wp-image-3775\" src=\"http:\/\/www.crc.org.ar\/w\/wp-content\/uploads\/2017\/07\/judo-crc-san-juan-300x198.jpg\" alt=\"\" width=\"300\" height=\"198\" srcset=\"https:\/\/crc.org.ar\/w\/wp-content\/uploads\/2017\/07\/judo-crc-san-juan-300x198.jpg 300w, https:\/\/crc.org.ar\/w\/wp-content\/uploads\/2017\/07\/judo-crc-san-juan-768x508.jpg 768w, https:\/\/crc.org.ar\/w\/wp-content\/uploads\/2017\/07\/judo-crc-san-juan-310x205.jpg 310w, https:\/\/crc.org.ar\/w\/wp-content\/uploads\/2017\/07\/judo-crc-san-juan.jpg 945w\" sizes=\"(max-width: 300px) 100vw, 300px\" \/><\/a>Estar\u00e1n en el encuentro competidores de los pa\u00edses de Brasil, Paraguay y Uruguay, que le dar\u00e1n jerarqu\u00eda internacional a la competencia, adem\u00e1s de los misioneros, y una delegaci\u00f3n del Club de Regatas Corrientes.<\/p>\n<p>Del certamen participar\u00e1 el uruguayo y actual campe\u00f3n sudamericano clasificado para el mundial de Budapest, David Prestes en la categor\u00eda 66 Cadetes; junto a m\u00e1s de 300 competidores dar\u00e1n un gran espect\u00e1culo en la ciudad capital.<\/p>\n<p>DELEGACI\u00d3N \u201cREMERA\u201d<br \/>\nY entre ellos dir\u00e1 presente el equipo de Regatas Corrientes, integrado por: Juan Enrique Niz (Infantil \u201cB\u201d, -58 kilos), Rodrigo Insaurralde (Infantil \u201cB\u201d, -64 kilos), Luz Oviedo (Infantil \u201cB\u201d, -64 kilos), y Paula Soto (Cadete, -48 kilos).<\/p>\n<p>Adem\u00e1s de Nahuel Insaurralde (Cadete, -60 kilos), Agust\u00edn Insaurralde (Cadete, -60 kilos), y Lautaro Insaurralde (Kyu Nov, -73 kilos).<\/p>\n<p>Y por \u00faltimo, Agustina Rodr\u00edguez Medina (Senior, -57 kilos), Francisco Rabad\u00e1n (Senior, -66 kilos), Dar\u00edo Dalmao (Senior, -66 kilos), y Gast\u00f3n Gonz\u00e1lez (Senior, -73 kilos); todos bajo al conducci\u00f3n t\u00e9cnica de Cristian Torres Fr\u00edas.<\/p>\n","protected":false},"excerpt":{"rendered":"<p>(Viernes 14 de julio de 2017). El equipo de judo del Club de Regatas Corrientes participar\u00e1 este s\u00e1bado de la VI edici\u00f3n del Torneo Internacional, \u201cCopa Tokio\u201d, organizado por la Federaci\u00f3n Misionera, fiscalizado por la Confederaci\u00f3n Argentina de Judo (CAJ). Este s\u00e1bado se realizar\u00e1 el torneo de judo \u201cCopa Tokio\u201d en homenaje al gran maestro &hellip;<\/p>\n","protected":false},"author":1,"featured_media":3775,"comment_status":"closed","ping_status":"open","sticky":false,"template":"","format":"standard","meta":{"footnotes":""},"categories":[17],"tags":[],"_links":{"self":[{"href":"https:\/\/crc.org.ar\/w\/wp-json\/wp\/v2\/posts\/3774"}],"collection":[{"href":"https:\/\/crc.org.ar\/w\/wp-json\/wp\/v2\/posts"}],"about":[{"href":"https:\/\/crc.org.ar\/w\/wp-json\/wp\/v2\/types\/post"}],"author":[{"embeddable":true,"href":"https:\/\/crc.org.ar\/w\/wp-json\/wp\/v2\/users\/1"}],"replies":[{"embeddable":true,"href":"https:\/\/crc.org.ar\/w\/wp-json\/wp\/v2\/comments?post=3774"}],"version-history":[{"count":1,"href":"https:\/\/crc.org.ar\/w\/wp-json\/wp\/v2\/posts\/3774\/revisions"}],"predecessor-version":[{"id":3776,"href":"https:\/\/crc.org.ar\/w\/wp-json\/wp\/v2\/posts\/3774\/revisions\/3776"}],"wp:featuredmedia":[{"embeddable":true,"href":"https:\/\/crc.org.ar\/w\/wp-json\/wp\/v2\/media\/3775"}],"wp:attachment":[{"href":"https:\/\/crc.org.ar\/w\/wp-json\/wp\/v2\/media?parent=3774"}],"wp:term":[{"taxonomy":"category","embeddable":true,"href":"https:\/\/crc.org.ar\/w\/wp-json\/wp\/v2\/categories?post=3774"},{"taxonomy":"post_tag","embeddable":true,"href":"https:\/\/crc.org.ar\/w\/wp-json\/wp\/v2\/tags?post=3774"}],"curies":[{"name":"wp","href":"https:\/\/api.w.org\/{rel}","templated":true}]}}