{"id":37820,"date":"2024-05-21T10:44:40","date_gmt":"2024-05-21T13:44:40","guid":{"rendered":"https:\/\/crc.org.ar\/w\/?p=37820"},"modified":"2024-05-21T10:44:40","modified_gmt":"2024-05-21T13:44:40","slug":"milena-fernandez-fue-subcampeona-en-paraguay","status":"publish","type":"post","link":"https:\/\/crc.org.ar\/w\/milena-fernandez-fue-subcampeona-en-paraguay\/","title":{"rendered":"Milena Fern\u00e1ndez fue subcampeona en Paraguay"},"content":{"rendered":"\n<p>(Martes 21 de mayo de 2024). La nauta regatense corri\u00f3 la Regata Aniversario del Club M\u2019bigu\u00e1 y segunda fecha del circuito paraguayo quedando 2\u00b0 en laser.<\/p>\n\n\n\n<!--more-->\n\n\n\n<figure class=\"wp-block-image alignwide size-full\"><img decoding=\"async\" src=\"https:\/\/crc.org.ar\/w\/wp-content\/uploads\/2024\/05\/WhatsApp-Image-2024-05-21-at-09.52.59.jpeg\" alt=\"\" class=\"wp-image-37821\"\/><\/figure>\n\n\n\n<p>El pasado fin de semana en la Bah\u00eda de Asunci\u00f3n de la capital de Paraguay se llev\u00f3 a cabo la Regata \u201cFiestas Patrias y Aniversario del Club M\u2019bigu\u00e1\u201d que adem\u00e1s fue correspondiente a la segunda fecha del Ranking Nacional 2024 de la Federaci\u00f3n Paraguaya de Vela.<\/p>\n\n\n\n<p>En dicha competencia se present\u00f3 la deportista del Club de Regatas Corrientes <strong>Milena Fern\u00e1ndez, <\/strong>quien tuvo una gran performance y termin\u00f3 2\u00b0 en la categor\u00eda ILCA 4 (laser).<\/p>\n\n\n\n<p>La competencia se desarroll\u00f3 entre el s\u00e1bado y el domingo, donde se corrieron un total de seis regatas con vientos del sur que acompa\u00f1aron a las jornadas.<\/p>\n\n\n\n<p>La nauta regatense tuvo un gran andar durante el domingo, donde sufri\u00f3 la rotura de su embarcaci\u00f3n, pero as\u00ed y todo pudo conseguir el segundo puesto.<\/p>\n\n\n\n<h2 class=\"wp-block-heading has-text-align-center\"><strong>Amanda Capitanich y Mar\u00eda Fern\u00e1ndez presentes en el Argentino de Optimist<\/strong><\/h2>\n\n\n<div class=\"wp-block-image\">\n<figure class=\"aligncenter size-full\"><img loading=\"lazy\" decoding=\"async\" width=\"1600\" height=\"1200\" src=\"https:\/\/crc.org.ar\/w\/wp-content\/uploads\/2024\/05\/WhatsApp-Image-2024-05-21-at-10.15.08.jpeg\" alt=\"\" class=\"wp-image-37822\" srcset=\"https:\/\/crc.org.ar\/w\/wp-content\/uploads\/2024\/05\/WhatsApp-Image-2024-05-21-at-10.15.08.jpeg 1600w, https:\/\/crc.org.ar\/w\/wp-content\/uploads\/2024\/05\/WhatsApp-Image-2024-05-21-at-10.15.08-300x225.jpeg 300w, https:\/\/crc.org.ar\/w\/wp-content\/uploads\/2024\/05\/WhatsApp-Image-2024-05-21-at-10.15.08-768x576.jpeg 768w, https:\/\/crc.org.ar\/w\/wp-content\/uploads\/2024\/05\/WhatsApp-Image-2024-05-21-at-10.15.08-1536x1152.jpeg 1536w\" sizes=\"(max-width: 1600px) 100vw, 1600px\" \/><\/figure><\/div>\n\n\n<p>El Campeonato Argentino de Optimist se llev\u00f3 a cabo en la ciudad de Miramar, desde el 9 al 12 de mayo pasados, donde compitieron dos deportistas regatenses: <strong>Amanda Capitanich <\/strong>y <strong>Mar\u00eda Agostina Fern\u00e1ndez.<\/strong><\/p>\n\n\n\n<p>Ambas corrieron en la categor\u00eda de principiantes, donde la flota total fue de 94 embarcaciones, un n\u00famero m\u00e1s que importante. En total se largaron ocho regatas, las cuales variaron mucho en los vientos, e incluso navegaron con un frente fr\u00edo donde la temperatura lleg\u00f3 a ser de 2\u00b0.<\/p>\n\n\n\n<p><strong>Capitanich <\/strong>tuvo un buen desempe\u00f1o y termin\u00f3 siendo la mejor participante correntina, quedando en el puesto 51. Por su parte, <strong>Fern\u00e1ndez <\/strong>hab\u00eda arrancado bien, pero merm\u00f3 su performance el \u00faltimo d\u00eda y finalmente culmin\u00f3 en la posici\u00f3n 70.<\/p>\n\n\n\n<p>Cabe destacar que la fecha de la competencia se debi\u00f3 a que sirvi\u00f3 como selectivo para el Mundial de la especialidad que se realizar\u00e1 este a\u00f1o en el pa\u00eds, y tambi\u00e9n para el sudamericano a desarrollarse en Asunci\u00f3n, Paraguay.<\/p>\n","protected":false},"excerpt":{"rendered":"<p>(Martes 21 de mayo de 2024). La nauta regatense corri\u00f3 la Regata Aniversario del Club M\u2019bigu\u00e1 y segunda fecha del circuito paraguayo quedando 2\u00b0 en laser. El pasado fin de semana en la Bah\u00eda de Asunci\u00f3n de la capital de Paraguay se llev\u00f3 a cabo la Regata \u201cFiestas Patrias y Aniversario del Club M\u2019bigu\u00e1\u201d que &hellip;<\/p>\n","protected":false},"author":7,"featured_media":37821,"comment_status":"closed","ping_status":"closed","sticky":false,"template":"","format":"standard","meta":{"footnotes":""},"categories":[107,156],"tags":[],"_links":{"self":[{"href":"https:\/\/crc.org.ar\/w\/wp-json\/wp\/v2\/posts\/37820"}],"collection":[{"href":"https:\/\/crc.org.ar\/w\/wp-json\/wp\/v2\/posts"}],"about":[{"href":"https:\/\/crc.org.ar\/w\/wp-json\/wp\/v2\/types\/post"}],"author":[{"embeddable":true,"href":"https:\/\/crc.org.ar\/w\/wp-json\/wp\/v2\/users\/7"}],"replies":[{"embeddable":true,"href":"https:\/\/crc.org.ar\/w\/wp-json\/wp\/v2\/comments?post=37820"}],"version-history":[{"count":1,"href":"https:\/\/crc.org.ar\/w\/wp-json\/wp\/v2\/posts\/37820\/revisions"}],"predecessor-version":[{"id":37823,"href":"https:\/\/crc.org.ar\/w\/wp-json\/wp\/v2\/posts\/37820\/revisions\/37823"}],"wp:featuredmedia":[{"embeddable":true,"href":"https:\/\/crc.org.ar\/w\/wp-json\/wp\/v2\/media\/37821"}],"wp:attachment":[{"href":"https:\/\/crc.org.ar\/w\/wp-json\/wp\/v2\/media?parent=37820"}],"wp:term":[{"taxonomy":"category","embeddable":true,"href":"https:\/\/crc.org.ar\/w\/wp-json\/wp\/v2\/categories?post=37820"},{"taxonomy":"post_tag","embeddable":true,"href":"https:\/\/crc.org.ar\/w\/wp-json\/wp\/v2\/tags?post=37820"}],"curies":[{"name":"wp","href":"https:\/\/api.w.org\/{rel}","templated":true}]}}