{"id":37835,"date":"2024-05-28T09:52:56","date_gmt":"2024-05-28T12:52:56","guid":{"rendered":"https:\/\/crc.org.ar\/w\/?p=37835"},"modified":"2024-05-28T09:52:56","modified_gmt":"2024-05-28T12:52:56","slug":"ezequiel-lafuente-se-llevo-dos-oros-en-el-gran-prix-latam","status":"publish","type":"post","link":"https:\/\/crc.org.ar\/w\/ezequiel-lafuente-se-llevo-dos-oros-en-el-gran-prix-latam\/","title":{"rendered":"Ezequiel Lafuente se llev\u00f3 dos oros en el Gran Prix Latam"},"content":{"rendered":"\n<p>(Martes 28 de mayo de 2024). El nadador regatense sum\u00f3 cuatro medallas en el torneo internacional celebrado en Asunci\u00f3n. Adem\u00e1s, sus hermanos Ignacio y Ciro tambi\u00e9n obtuvieron medallas y tambi\u00e9n particip\u00f3 la regatense Margarita Escobar.<\/p>\n\n\n\n<!--more-->\n\n\n\n<figure class=\"wp-block-image alignwide size-full\"><img decoding=\"async\" src=\"https:\/\/crc.org.ar\/w\/wp-content\/uploads\/2024\/05\/WhatsApp-Image-2024-05-27-at-12.01.23.jpeg\" alt=\"\" class=\"wp-image-37836\"\/><\/figure>\n\n\n\n<p>El pasado fin de semana en Asunci\u00f3n del Paraguay se llev\u00f3 a cabo el prestigioso certamen continental Gran Prix Latam 2024, en donde estuvieron participando nadadores del Club de Regatas Corrientes que tuvieron una gran actuaci\u00f3n.<\/p>\n\n\n\n<p>La competencia se desarroll\u00f3 en el Centro Acu\u00e1tico Nacional (CAN), estuvo organizada por la Federaci\u00f3n Paraguaya de Deportes Acu\u00e1ticos y avalada por la World Aquatics. All\u00ed se presentaron m\u00e1s de 600 nadadores de siete pa\u00edses diferentes.<\/p>\n\n\n\n<p>La delegaci\u00f3n del Club de Regatas Corrientes estuvo compuesta por cuatro nadadores: los hermanos <strong>Ezequiel, Ignacio y Ciro Lafuente <\/strong>y <strong>Margarita Escobar. <\/strong>Quien tuvo un excelente torneo y demostr\u00f3 nuevamente su gran nivel fue <strong>Ezequiel Lafuente.<\/strong><\/p>\n\n\n<div class=\"wp-block-image\">\n<figure class=\"aligncenter size-full is-resized\"><img loading=\"lazy\" decoding=\"async\" width=\"960\" height=\"1280\" src=\"https:\/\/crc.org.ar\/w\/wp-content\/uploads\/2024\/05\/WhatsApp-Image-2024-05-27-at-12.02.35-1.jpeg\" alt=\"\" class=\"wp-image-37837\" style=\"width:459px;height:auto\" srcset=\"https:\/\/crc.org.ar\/w\/wp-content\/uploads\/2024\/05\/WhatsApp-Image-2024-05-27-at-12.02.35-1.jpeg 960w, https:\/\/crc.org.ar\/w\/wp-content\/uploads\/2024\/05\/WhatsApp-Image-2024-05-27-at-12.02.35-1-225x300.jpeg 225w, https:\/\/crc.org.ar\/w\/wp-content\/uploads\/2024\/05\/WhatsApp-Image-2024-05-27-at-12.02.35-1-768x1024.jpeg 768w\" sizes=\"(max-width: 960px) 100vw, 960px\" \/><\/figure><\/div>\n\n\n<p>El joven deportista correntino se alz\u00f3 con dos medallas de oro en la especialidad de pecho, donde gan\u00f3 en los 50 y los 100. Adem\u00e1s, consigui\u00f3 un segundo lugar en los 200 combinados, mientras que se qued\u00f3 con la de bronce en los 200 pecho.<\/p>\n\n\n\n<p><strong>Ignacio Lafuente, <\/strong>de 11 a\u00f1os, compiti\u00f3 en una categor\u00eda contra atletas de 12 a\u00f1os, y as\u00ed y todo se qued\u00f3 con una medalla de plata en los 50 pecho, y luego tuvo destacadas performances en los 50 libre y los 200 combinados, donde estuvo a un paso del podio terminando cuarto. En los 700 libres termin\u00f3 s\u00e9ptimo.<\/p>\n\n\n\n<p><strong>Ciro <\/strong>por su parte se colg\u00f3 cuatro medallas. Consigui\u00f3 la de plata en los 50 libre y los 50 mariposa, mientras que se subi\u00f3 al tercer escal\u00f3n del podio en los 50 pecho y los 50 espalda.<\/p>\n\n\n<div class=\"wp-block-image\">\n<figure class=\"aligncenter size-full is-resized\"><img loading=\"lazy\" decoding=\"async\" width=\"1200\" height=\"1600\" src=\"https:\/\/crc.org.ar\/w\/wp-content\/uploads\/2024\/05\/WhatsApp-Image-2024-05-27-at-12.02.35.jpeg\" alt=\"\" class=\"wp-image-37838\" style=\"width:348px;height:auto\" srcset=\"https:\/\/crc.org.ar\/w\/wp-content\/uploads\/2024\/05\/WhatsApp-Image-2024-05-27-at-12.02.35.jpeg 1200w, https:\/\/crc.org.ar\/w\/wp-content\/uploads\/2024\/05\/WhatsApp-Image-2024-05-27-at-12.02.35-225x300.jpeg 225w, https:\/\/crc.org.ar\/w\/wp-content\/uploads\/2024\/05\/WhatsApp-Image-2024-05-27-at-12.02.35-768x1024.jpeg 768w, https:\/\/crc.org.ar\/w\/wp-content\/uploads\/2024\/05\/WhatsApp-Image-2024-05-27-at-12.02.35-1152x1536.jpeg 1152w\" sizes=\"(max-width: 1200px) 100vw, 1200px\" \/><\/figure><\/div>\n\n\n<p>Por \u00faltimo, <strong>Margarita Escobar <\/strong>tuvo una buena participaci\u00f3n y qued\u00f3 quinta en los 50 libre, sexa en los 50 pecho, s\u00e9ptima en los 100 libres y octava en los 50 libre.<\/p>\n\n\n\n<p>Recordemos que ahora en el calendario de las competencias acu\u00e1ticas, el s\u00e1bado 1 de junio se desarrollar\u00e1 la segunda fecha del Circuito Regional en el natatorio del Club de Regatas Corrientes.<\/p>\n","protected":false},"excerpt":{"rendered":"<p>(Martes 28 de mayo de 2024). El nadador regatense sum\u00f3 cuatro medallas en el torneo internacional celebrado en Asunci\u00f3n. Adem\u00e1s, sus hermanos Ignacio y Ciro tambi\u00e9n obtuvieron medallas y tambi\u00e9n particip\u00f3 la regatense Margarita Escobar. El pasado fin de semana en Asunci\u00f3n del Paraguay se llev\u00f3 a cabo el prestigioso certamen continental Gran Prix Latam &hellip;<\/p>\n","protected":false},"author":7,"featured_media":37836,"comment_status":"closed","ping_status":"closed","sticky":false,"template":"","format":"standard","meta":{"footnotes":""},"categories":[69,156],"tags":[],"_links":{"self":[{"href":"https:\/\/crc.org.ar\/w\/wp-json\/wp\/v2\/posts\/37835"}],"collection":[{"href":"https:\/\/crc.org.ar\/w\/wp-json\/wp\/v2\/posts"}],"about":[{"href":"https:\/\/crc.org.ar\/w\/wp-json\/wp\/v2\/types\/post"}],"author":[{"embeddable":true,"href":"https:\/\/crc.org.ar\/w\/wp-json\/wp\/v2\/users\/7"}],"replies":[{"embeddable":true,"href":"https:\/\/crc.org.ar\/w\/wp-json\/wp\/v2\/comments?post=37835"}],"version-history":[{"count":1,"href":"https:\/\/crc.org.ar\/w\/wp-json\/wp\/v2\/posts\/37835\/revisions"}],"predecessor-version":[{"id":37839,"href":"https:\/\/crc.org.ar\/w\/wp-json\/wp\/v2\/posts\/37835\/revisions\/37839"}],"wp:featuredmedia":[{"embeddable":true,"href":"https:\/\/crc.org.ar\/w\/wp-json\/wp\/v2\/media\/37836"}],"wp:attachment":[{"href":"https:\/\/crc.org.ar\/w\/wp-json\/wp\/v2\/media?parent=37835"}],"wp:term":[{"taxonomy":"category","embeddable":true,"href":"https:\/\/crc.org.ar\/w\/wp-json\/wp\/v2\/categories?post=37835"},{"taxonomy":"post_tag","embeddable":true,"href":"https:\/\/crc.org.ar\/w\/wp-json\/wp\/v2\/tags?post=37835"}],"curies":[{"name":"wp","href":"https:\/\/api.w.org\/{rel}","templated":true}]}}