{"id":37852,"date":"2024-04-11T10:20:42","date_gmt":"2024-04-11T13:20:42","guid":{"rendered":"https:\/\/crc.org.ar\/w\/?p=37852"},"modified":"2024-05-30T10:21:13","modified_gmt":"2024-05-30T13:21:13","slug":"arranca-una-nueva-temporada-del-circuito-regional-de-natacion","status":"publish","type":"post","link":"https:\/\/crc.org.ar\/w\/arranca-una-nueva-temporada-del-circuito-regional-de-natacion\/","title":{"rendered":"Arranca una nueva temporada del Circuito Regional de Nataci\u00f3n"},"content":{"rendered":"\n<p>(Jueves 11 de abril de 2024). El s\u00e1bado se correr\u00e1 la primera etapa del tradicional certamen de nataci\u00f3n que organiza Regatas Corrientes. Importante presencia con m\u00e1s de 15 clubes y alrededor de 280 nadadores de toda la regi\u00f3n.<\/p>\n\n\n\n<!--more-->\n\n\n\n<p>Con una larga trayectoria el Circuito Regional de Nataci\u00f3n que organiza el Club de Regatas Corrientes se convirti\u00f3 en un cl\u00e1sico del deporte en el Nordeste Argentino, y este s\u00e1bado arrancar\u00e1 una nueva temporada con la primera etapa.<\/p>\n\n\n\n<p>Para la apertura de la XIII edici\u00f3n de la competencia acu\u00e1tica hay una gran propuesta deportiva, ya que habr\u00e1 presencia de 16 clubes que estar\u00e1n representados por 280 nadadores, tanto promocionales como federados, de todas las categor\u00edas.<\/p>\n\n\n\n<p>El anfitri\u00f3n y el Tenis Club ser\u00e1n los representantes de la capital correntina, mientras que ACCUA de Curuz\u00fa Cuati\u00e1 representar\u00e1 al interior provincial. Desde Misiones llegan CAPRI de Posadas, Ober\u00e1 Tenis Club, Centro de Educaci\u00f3n F\u00edsica N\u00b06 e Independiente Tenis Club de Ober\u00e1, Club Medley de Alem, Automotokar de San Vicente y Centro de Actividades Acu\u00e1ticas Rafael de San Ignacio.<\/p>\n\n\n\n<p>De Chaco se presentar\u00e1n Club Atl\u00e9tico Resistencia Central, Club de Regatas Resistencia y CUNE. Los participantes de Formosa ser\u00e1n Club N\u00e1utico y Natal\u00fa, mientras que de Santa Fe llegar\u00e1 Reconquista Tenis Club.<\/p>\n\n\n\n<p>El d\u00eda de competencia se dividir\u00e1 en dos jornadas, una matutina, la cual arrancar\u00e1 a las 7.30 horas con el ablande, para comenzar las pruebas a las 8.30. Mientras que por la tarde el ablande ser\u00e1 a las 15 horas y la actividad se reanudar\u00e1 a las 16.<\/p>\n\n\n\n<p>En total se correr\u00e1n 37 pruebas a lo largo de toda la jornada con varias series en cada una de ellas. Vale aclarar que el torneo est\u00e1 bajo la \u00f3rbita oficial de la CADDA y tendr\u00e1 jueces de CADDARA.<\/p>\n\n\n\n<p>Por otro lado, vale remarcar que el torneo ser\u00e1 transmitido en vivo y en directo por streaming a trav\u00e9s de la cuenta oficial de YouTube del Club de Regatas Corrientes, y tambi\u00e9n habr\u00e1 una pantalla gigante en el Jos\u00e9 Jorge Contte, ya que al natatorio solo podr\u00e1n ingresar los nadadores, un delegado y dos entrenadores por cada equipo.<\/p>\n\n\n\n<p>El resto del calendario del Circuito Regional con la 2\u00b0, 3\u00b0 y 4\u00b0 Etapa se completar\u00e1n el 1 de junio, 3 de agosto y el 28 de septiembre, mientras que el 9 de noviembre se llevar\u00e1 adelante el Torneo Cierre de Temporada.<\/p>\n","protected":false},"excerpt":{"rendered":"<p>(Jueves 11 de abril de 2024). El s\u00e1bado se correr\u00e1 la primera etapa del tradicional certamen de nataci\u00f3n que organiza Regatas Corrientes. Importante presencia con m\u00e1s de 15 clubes y alrededor de 280 nadadores de toda la regi\u00f3n. Con una larga trayectoria el Circuito Regional de Nataci\u00f3n que organiza el Club de Regatas Corrientes se &hellip;<\/p>\n","protected":false},"author":7,"featured_media":37853,"comment_status":"closed","ping_status":"closed","sticky":false,"template":"","format":"standard","meta":{"footnotes":""},"categories":[81,69],"tags":[222,187,191],"_links":{"self":[{"href":"https:\/\/crc.org.ar\/w\/wp-json\/wp\/v2\/posts\/37852"}],"collection":[{"href":"https:\/\/crc.org.ar\/w\/wp-json\/wp\/v2\/posts"}],"about":[{"href":"https:\/\/crc.org.ar\/w\/wp-json\/wp\/v2\/types\/post"}],"author":[{"embeddable":true,"href":"https:\/\/crc.org.ar\/w\/wp-json\/wp\/v2\/users\/7"}],"replies":[{"embeddable":true,"href":"https:\/\/crc.org.ar\/w\/wp-json\/wp\/v2\/comments?post=37852"}],"version-history":[{"count":1,"href":"https:\/\/crc.org.ar\/w\/wp-json\/wp\/v2\/posts\/37852\/revisions"}],"predecessor-version":[{"id":37854,"href":"https:\/\/crc.org.ar\/w\/wp-json\/wp\/v2\/posts\/37852\/revisions\/37854"}],"wp:featuredmedia":[{"embeddable":true,"href":"https:\/\/crc.org.ar\/w\/wp-json\/wp\/v2\/media\/37853"}],"wp:attachment":[{"href":"https:\/\/crc.org.ar\/w\/wp-json\/wp\/v2\/media?parent=37852"}],"wp:term":[{"taxonomy":"category","embeddable":true,"href":"https:\/\/crc.org.ar\/w\/wp-json\/wp\/v2\/categories?post=37852"},{"taxonomy":"post_tag","embeddable":true,"href":"https:\/\/crc.org.ar\/w\/wp-json\/wp\/v2\/tags?post=37852"}],"curies":[{"name":"wp","href":"https:\/\/api.w.org\/{rel}","templated":true}]}}