{"id":38058,"date":"2024-06-24T12:26:28","date_gmt":"2024-06-24T15:26:28","guid":{"rendered":"https:\/\/crc.org.ar\/w\/?p=38058"},"modified":"2024-06-24T12:26:28","modified_gmt":"2024-06-24T15:26:28","slug":"se-corrio-la-2-fecha-del-campeonato-correntino-de-vela-ligera","status":"publish","type":"post","link":"https:\/\/crc.org.ar\/w\/se-corrio-la-2-fecha-del-campeonato-correntino-de-vela-ligera\/","title":{"rendered":"Se corri\u00f3 la 2\u00b0 fecha del Campeonato Correntino de Vela Ligera"},"content":{"rendered":"\n<p>(Lunes 24 de junio de 2024). Nautas regatenses participaron de la competencia correntina en la clase de optimist y laser. <strong>Milena Fern\u00e1ndez <\/strong>se qued\u00f3 con el primer puesto en Laser.<\/p>\n\n\n\n<!--more-->\n\n\n\n<figure class=\"wp-block-image size-full\"><img decoding=\"async\" src=\"https:\/\/crc.org.ar\/w\/wp-content\/uploads\/2024\/06\/WhatsApp-Image-2024-06-24-at-11.05.07.jpeg\" alt=\"\" class=\"wp-image-38059\"\/><\/figure>\n\n\n\n<p>El pasado s\u00e1bado se llev\u00f3 adelante la segunda fecha del Campeonato Correntino de Vela Ligera 2024, donde estuvo presente la flota del Club de Regatas Corrientes con cuatro nautas compitiendo, tanto en optimist como en laser.<\/p>\n\n\n\n<p>Los nautas regatenses que participaron fueron <strong>Mar\u00eda Agostina Fern\u00e1ndez <\/strong>y <strong>Mayte Villalva Ram\u00edrez <\/strong>en optimist, y <strong>Milena Fern\u00e1ndez <\/strong>y <strong>Luc\u00eda Veira <\/strong>en laser, quienes estuvieron acompa\u00f1ados por el instructor <strong>Ernesto Soto.<\/strong><\/p>\n\n\n\n<p>La mejor actuaci\u00f3n se dio por parte de <strong>Milena Fern\u00e1ndez, <\/strong>quien se qued\u00f3 con el primer puesto en ILCA 4, mientras que en la misma categor\u00eda <strong>Luc\u00eda Veira <\/strong>concluy\u00f3 en la 4\u00b0 colocaci\u00f3n.<\/p>\n\n\n<div class=\"wp-block-image\">\n<figure class=\"aligncenter size-full\"><img loading=\"lazy\" decoding=\"async\" width=\"1599\" height=\"900\" src=\"https:\/\/crc.org.ar\/w\/wp-content\/uploads\/2024\/06\/WhatsApp-Image-2024-06-24-at-11.05.08-1.jpeg\" alt=\"\" class=\"wp-image-38060\" srcset=\"https:\/\/crc.org.ar\/w\/wp-content\/uploads\/2024\/06\/WhatsApp-Image-2024-06-24-at-11.05.08-1.jpeg 1599w, https:\/\/crc.org.ar\/w\/wp-content\/uploads\/2024\/06\/WhatsApp-Image-2024-06-24-at-11.05.08-1-300x169.jpeg 300w, https:\/\/crc.org.ar\/w\/wp-content\/uploads\/2024\/06\/WhatsApp-Image-2024-06-24-at-11.05.08-1-768x432.jpeg 768w, https:\/\/crc.org.ar\/w\/wp-content\/uploads\/2024\/06\/WhatsApp-Image-2024-06-24-at-11.05.08-1-1536x865.jpeg 1536w, https:\/\/crc.org.ar\/w\/wp-content\/uploads\/2024\/06\/WhatsApp-Image-2024-06-24-at-11.05.08-1-390x220.jpeg 390w\" sizes=\"(max-width: 1599px) 100vw, 1599px\" \/><\/figure><\/div>\n\n\n<p>Por su parte, en optimist <strong>Mar\u00eda Agostina Fern\u00e1ndez <\/strong>fue 1\u00b0 en femenino, mientras que su compa\u00f1era de equipo, <strong>Villalva Ram\u00edrez, <\/strong>la acompa\u00f1\u00f3 en el segundo lugar del femenino y tambi\u00e9n segunda en Sub11. En cuanto a sus posiciones generales, la primera qued\u00f3 7\u00b0, mientras que la segunda finaliz\u00f3 10\u00b0.<\/p>\n\n\n\n<p>De este modo, los nautas del Club de Regatas Corrientes contin\u00faan afianz\u00e1ndose en la actividad, ganando experiencia y sumando puntaje en el certamen correntino. &nbsp;<\/p>\n","protected":false},"excerpt":{"rendered":"<p>(Lunes 24 de junio de 2024). Nautas regatenses participaron de la competencia correntina en la clase de optimist y laser. Milena Fern\u00e1ndez se qued\u00f3 con el primer puesto en Laser. El pasado s\u00e1bado se llev\u00f3 adelante la segunda fecha del Campeonato Correntino de Vela Ligera 2024, donde estuvo presente la flota del Club de Regatas &hellip;<\/p>\n","protected":false},"author":7,"featured_media":38059,"comment_status":"closed","ping_status":"closed","sticky":false,"template":"","format":"standard","meta":{"footnotes":""},"categories":[107,156],"tags":[],"_links":{"self":[{"href":"https:\/\/crc.org.ar\/w\/wp-json\/wp\/v2\/posts\/38058"}],"collection":[{"href":"https:\/\/crc.org.ar\/w\/wp-json\/wp\/v2\/posts"}],"about":[{"href":"https:\/\/crc.org.ar\/w\/wp-json\/wp\/v2\/types\/post"}],"author":[{"embeddable":true,"href":"https:\/\/crc.org.ar\/w\/wp-json\/wp\/v2\/users\/7"}],"replies":[{"embeddable":true,"href":"https:\/\/crc.org.ar\/w\/wp-json\/wp\/v2\/comments?post=38058"}],"version-history":[{"count":1,"href":"https:\/\/crc.org.ar\/w\/wp-json\/wp\/v2\/posts\/38058\/revisions"}],"predecessor-version":[{"id":38061,"href":"https:\/\/crc.org.ar\/w\/wp-json\/wp\/v2\/posts\/38058\/revisions\/38061"}],"wp:featuredmedia":[{"embeddable":true,"href":"https:\/\/crc.org.ar\/w\/wp-json\/wp\/v2\/media\/38059"}],"wp:attachment":[{"href":"https:\/\/crc.org.ar\/w\/wp-json\/wp\/v2\/media?parent=38058"}],"wp:term":[{"taxonomy":"category","embeddable":true,"href":"https:\/\/crc.org.ar\/w\/wp-json\/wp\/v2\/categories?post=38058"},{"taxonomy":"post_tag","embeddable":true,"href":"https:\/\/crc.org.ar\/w\/wp-json\/wp\/v2\/tags?post=38058"}],"curies":[{"name":"wp","href":"https:\/\/api.w.org\/{rel}","templated":true}]}}