{"id":38180,"date":"2024-07-18T10:45:30","date_gmt":"2024-07-18T13:45:30","guid":{"rendered":"https:\/\/crc.org.ar\/w\/?p=38180"},"modified":"2024-07-18T10:45:30","modified_gmt":"2024-07-18T13:45:30","slug":"eduardo-marino-rey-dira-presente-en-paris-2024","status":"publish","type":"post","link":"https:\/\/crc.org.ar\/w\/eduardo-marino-rey-dira-presente-en-paris-2024\/","title":{"rendered":"Eduardo Mari\u00f1o Rey dir\u00e1 presente en Par\u00eds 2024"},"content":{"rendered":"\n<p>(Mi\u00e9rcoles 17 de julio de 2024). El actual capit\u00e1n de la instituci\u00f3n del parque Mitre estar\u00e1 presente en la cita ol\u00edmpica por su rol dirigencial en la Confederaci\u00f3n Argentina de Judo.<\/p>\n\n\n\n<!--more-->\n\n\n<div class=\"wp-block-image\">\n<figure class=\"aligncenter size-full\"><img decoding=\"async\" src=\"https:\/\/crc.org.ar\/w\/wp-content\/uploads\/2024\/07\/Marino-Rey-y-Oscar-Cassinerio-presindete-CAJ.jpeg\" alt=\"\" class=\"wp-image-38181\"\/><\/figure><\/div>\n\n\n<p>Desde el viernes 26 de julio hasta el domingo 11 de agosto se estar\u00e1 llevando a cabo la cita deportiva m\u00e1s importante a nivel mundial: los Juegos Ol\u00edmpicos Par\u00eds 2024.<\/p>\n\n\n\n<p>Si bien es un lugar donde todos los deportistas sue\u00f1an con llegar alg\u00fan d\u00eda, tambi\u00e9n es el espacio donde los dirigentes de las diferentes disciplinas ol\u00edmpicas se re\u00fanen para acompa\u00f1ar y defender los intereses de sus instituciones y sus deportes.<\/p>\n\n\n\n<p>Ese ser\u00e1 el caso de <strong>Eduardo Mari\u00f1o Rey, <\/strong>el capit\u00e1n del Club de Regatas Corrientes, quien estar\u00e1 presente en el evento como invitado por la Federaci\u00f3n Internacional de Judo (IJF) por su rol como secretario de la Confederaci\u00f3n Argentina de Judo.<\/p>\n\n\n<div class=\"wp-block-image\">\n<figure class=\"aligncenter size-full is-resized\"><img loading=\"lazy\" decoding=\"async\" width=\"1080\" height=\"1101\" src=\"https:\/\/crc.org.ar\/w\/wp-content\/uploads\/2024\/07\/Marino-Rey-y-Paula-Pareto.jpeg\" alt=\"\" class=\"wp-image-38182\" style=\"width:473px;height:auto\" srcset=\"https:\/\/crc.org.ar\/w\/wp-content\/uploads\/2024\/07\/Marino-Rey-y-Paula-Pareto.jpeg 1080w, https:\/\/crc.org.ar\/w\/wp-content\/uploads\/2024\/07\/Marino-Rey-y-Paula-Pareto-294x300.jpeg 294w, https:\/\/crc.org.ar\/w\/wp-content\/uploads\/2024\/07\/Marino-Rey-y-Paula-Pareto-768x783.jpeg 768w\" sizes=\"(max-width: 1080px) 100vw, 1080px\" \/><\/figure><\/div>\n\n\n<p>La presencia del ex coordinador de judo de la instituci\u00f3n del parque Mitre se dar\u00e1 desde el inicio de la competencia hasta el 4 de agosto, y all\u00ed estar\u00e1 acompa\u00f1ando a la \u00fanica representante argentina en judo que estar\u00e1 participando en los JJ.OO., <strong>Sof\u00eda Fiora.<\/strong><\/p>\n\n\n\n<p>Cabe mencionar que <strong>Mari\u00f1o Rey <\/strong>es secretario de la Confederaci\u00f3n Argentina de Judo desde el a\u00f1o 2004, y ya ha estado presente en los Juegos Panamericanos Rio de Janeiro 2007 Y Lima 2018, en los Juegos Ol\u00edmpicos de la Juventud Singapur 2010 y Buenos Aires 2018, y en los Juegos Ol\u00edmpicos Beijing 2008, Londres 2012 y lo har\u00e1 nuevamente en la capital francesa.<\/p>\n\n\n<div class=\"wp-block-image\">\n<figure class=\"aligncenter size-full\"><img loading=\"lazy\" decoding=\"async\" width=\"1328\" height=\"747\" src=\"https:\/\/crc.org.ar\/w\/wp-content\/uploads\/2024\/07\/Marino-Rey-en-Londres-2012.jpeg\" alt=\"\" class=\"wp-image-38183\" srcset=\"https:\/\/crc.org.ar\/w\/wp-content\/uploads\/2024\/07\/Marino-Rey-en-Londres-2012.jpeg 1328w, https:\/\/crc.org.ar\/w\/wp-content\/uploads\/2024\/07\/Marino-Rey-en-Londres-2012-300x169.jpeg 300w, https:\/\/crc.org.ar\/w\/wp-content\/uploads\/2024\/07\/Marino-Rey-en-Londres-2012-768x432.jpeg 768w, https:\/\/crc.org.ar\/w\/wp-content\/uploads\/2024\/07\/Marino-Rey-en-Londres-2012-390x220.jpeg 390w\" sizes=\"(max-width: 1328px) 100vw, 1328px\" \/><\/figure><\/div>\n\n\n<p>Esto ayuda a dimensionar la importante labor del Club de Regatas Corrientes para la formaci\u00f3n, no s\u00f3lo de deportistas ol\u00edmpicos, sino tambi\u00e9n de los dirigentes, un rol fundamental para el crecimiento y desarrollo de las actividades deportivas.<\/p>\n","protected":false},"excerpt":{"rendered":"<p>(Mi\u00e9rcoles 17 de julio de 2024). El actual capit\u00e1n de la instituci\u00f3n del parque Mitre estar\u00e1 presente en la cita ol\u00edmpica por su rol dirigencial en la Confederaci\u00f3n Argentina de Judo. Desde el viernes 26 de julio hasta el domingo 11 de agosto se estar\u00e1 llevando a cabo la cita deportiva m\u00e1s importante a nivel &hellip;<\/p>\n","protected":false},"author":7,"featured_media":38181,"comment_status":"closed","ping_status":"closed","sticky":false,"template":"","format":"standard","meta":{"footnotes":""},"categories":[6,17,156],"tags":[],"_links":{"self":[{"href":"https:\/\/crc.org.ar\/w\/wp-json\/wp\/v2\/posts\/38180"}],"collection":[{"href":"https:\/\/crc.org.ar\/w\/wp-json\/wp\/v2\/posts"}],"about":[{"href":"https:\/\/crc.org.ar\/w\/wp-json\/wp\/v2\/types\/post"}],"author":[{"embeddable":true,"href":"https:\/\/crc.org.ar\/w\/wp-json\/wp\/v2\/users\/7"}],"replies":[{"embeddable":true,"href":"https:\/\/crc.org.ar\/w\/wp-json\/wp\/v2\/comments?post=38180"}],"version-history":[{"count":1,"href":"https:\/\/crc.org.ar\/w\/wp-json\/wp\/v2\/posts\/38180\/revisions"}],"predecessor-version":[{"id":38184,"href":"https:\/\/crc.org.ar\/w\/wp-json\/wp\/v2\/posts\/38180\/revisions\/38184"}],"wp:featuredmedia":[{"embeddable":true,"href":"https:\/\/crc.org.ar\/w\/wp-json\/wp\/v2\/media\/38181"}],"wp:attachment":[{"href":"https:\/\/crc.org.ar\/w\/wp-json\/wp\/v2\/media?parent=38180"}],"wp:term":[{"taxonomy":"category","embeddable":true,"href":"https:\/\/crc.org.ar\/w\/wp-json\/wp\/v2\/categories?post=38180"},{"taxonomy":"post_tag","embeddable":true,"href":"https:\/\/crc.org.ar\/w\/wp-json\/wp\/v2\/tags?post=38180"}],"curies":[{"name":"wp","href":"https:\/\/api.w.org\/{rel}","templated":true}]}}