{"id":38214,"date":"2024-07-24T15:22:18","date_gmt":"2024-07-24T18:22:18","guid":{"rendered":"https:\/\/crc.org.ar\/w\/?p=38214"},"modified":"2024-07-24T15:22:19","modified_gmt":"2024-07-24T18:22:19","slug":"andres-jaime-estara-por-tercera-temporada-seguida-en-el-remero","status":"publish","type":"post","link":"https:\/\/crc.org.ar\/w\/andres-jaime-estara-por-tercera-temporada-seguida-en-el-remero\/","title":{"rendered":"Andr\u00e9s Jaime estar\u00e1 por tercera temporada seguida en el Remero"},"content":{"rendered":"\n<p>(Mi\u00e9rcoles 24 de julio de 2024). El base satafesino ser\u00e1 el conductor de Regatas para la temporada 2024\/25.<\/p>\n\n\n\n<!--more-->\n\n\n\n<figure class=\"wp-block-image alignwide size-full\"><img decoding=\"async\" src=\"https:\/\/crc.org.ar\/w\/wp-content\/uploads\/2024\/07\/WhatsApp-Image-2024-07-24-at-12.08.53.jpeg\" alt=\"\" class=\"wp-image-38215\"\/><\/figure>\n\n\n\n<p>El Club de Regatas Corrientes empez\u00f3 con el armado del plantel para su 21\u00b0 temporada consecutiva en la Liga Nacional de B\u00e1squetbol y en ese marco cerr\u00f3 la renovaci\u00f3n de Andr\u00e9s Jaime, quien jugar\u00e1 su tercera campa\u00f1a consecutiva en la instituci\u00f3n.<\/p>\n\n\n\n<p>El base santafesino de 24 a\u00f1os fue uno de los puntos m\u00e1s altos del Fantasma en los playoffs, demostrando todo su talento y su capacidad para conducir los hilos del partido.<\/p>\n\n\n\n<p>Jaime hab\u00eda ascendido a la LNB con Uni\u00f3n de Santa Fe y jug\u00f3 su primera temporada en la primera divisi\u00f3n con el Tatengue donde pudieron mantener la categor\u00eda y \u00e9l fue elegido como el jugador revelaci\u00f3n de la temporada 2021\/22.<\/p>\n\n\n\n<figure class=\"wp-block-image size-full\"><img loading=\"lazy\" decoding=\"async\" width=\"1600\" height=\"1066\" src=\"https:\/\/crc.org.ar\/w\/wp-content\/uploads\/2024\/07\/WhatsApp-Image-2024-07-24-at-12.08.06.jpeg\" alt=\"\" class=\"wp-image-38216\" srcset=\"https:\/\/crc.org.ar\/w\/wp-content\/uploads\/2024\/07\/WhatsApp-Image-2024-07-24-at-12.08.06.jpeg 1600w, https:\/\/crc.org.ar\/w\/wp-content\/uploads\/2024\/07\/WhatsApp-Image-2024-07-24-at-12.08.06-300x200.jpeg 300w, https:\/\/crc.org.ar\/w\/wp-content\/uploads\/2024\/07\/WhatsApp-Image-2024-07-24-at-12.08.06-768x512.jpeg 768w, https:\/\/crc.org.ar\/w\/wp-content\/uploads\/2024\/07\/WhatsApp-Image-2024-07-24-at-12.08.06-1536x1023.jpeg 1536w\" sizes=\"(max-width: 1600px) 100vw, 1600px\" \/><\/figure>\n\n\n\n<p>En la pasada campa\u00f1a con el Remero jug\u00f3 un total de 44 partidos, donde promedi\u00f3 9.3 puntos, 3.9 rebotes y 4.2 asistencias (top 5 de la temporada) en casi 29 minutos por encuentro. En los playoffs mostr\u00f3 su mejor versi\u00f3n, ya que en los 8 partidos que jug\u00f3 marc\u00f3 13.5 puntos con un 44.4% en triples (2\/4.5) de promedio, m\u00e1s 3.4 rebotes y 4.9 asistencias.<\/p>\n\n\n\n<p>De este modo, el base es una de las primeras piezas del plantel que conducir\u00e1 nuevamente Fernando Calvi. Adem\u00e1s, tambi\u00e9n continuar\u00e1n en el equipo los U21 que han sumado minutos importantes en la pasada campa\u00f1a como Juan Larraza, Francisco Ferraro, m\u00e1s los juveniles como Benjam\u00edn Marc\u00f3, Mat\u00edas Sanz Pierlorenzi, Viktor Bender, entre otros.<\/p>\n","protected":false},"excerpt":{"rendered":"<p>(Mi\u00e9rcoles 24 de julio de 2024). El base satafesino ser\u00e1 el conductor de Regatas para la temporada 2024\/25. El Club de Regatas Corrientes empez\u00f3 con el armado del plantel para su 21\u00b0 temporada consecutiva en la Liga Nacional de B\u00e1squetbol y en ese marco cerr\u00f3 la renovaci\u00f3n de Andr\u00e9s Jaime, quien jugar\u00e1 su tercera campa\u00f1a &hellip;<\/p>\n","protected":false},"author":6,"featured_media":38215,"comment_status":"closed","ping_status":"closed","sticky":false,"template":"","format":"standard","meta":{"footnotes":""},"categories":[156,382],"tags":[],"_links":{"self":[{"href":"https:\/\/crc.org.ar\/w\/wp-json\/wp\/v2\/posts\/38214"}],"collection":[{"href":"https:\/\/crc.org.ar\/w\/wp-json\/wp\/v2\/posts"}],"about":[{"href":"https:\/\/crc.org.ar\/w\/wp-json\/wp\/v2\/types\/post"}],"author":[{"embeddable":true,"href":"https:\/\/crc.org.ar\/w\/wp-json\/wp\/v2\/users\/6"}],"replies":[{"embeddable":true,"href":"https:\/\/crc.org.ar\/w\/wp-json\/wp\/v2\/comments?post=38214"}],"version-history":[{"count":1,"href":"https:\/\/crc.org.ar\/w\/wp-json\/wp\/v2\/posts\/38214\/revisions"}],"predecessor-version":[{"id":38217,"href":"https:\/\/crc.org.ar\/w\/wp-json\/wp\/v2\/posts\/38214\/revisions\/38217"}],"wp:featuredmedia":[{"embeddable":true,"href":"https:\/\/crc.org.ar\/w\/wp-json\/wp\/v2\/media\/38215"}],"wp:attachment":[{"href":"https:\/\/crc.org.ar\/w\/wp-json\/wp\/v2\/media?parent=38214"}],"wp:term":[{"taxonomy":"category","embeddable":true,"href":"https:\/\/crc.org.ar\/w\/wp-json\/wp\/v2\/categories?post=38214"},{"taxonomy":"post_tag","embeddable":true,"href":"https:\/\/crc.org.ar\/w\/wp-json\/wp\/v2\/tags?post=38214"}],"curies":[{"name":"wp","href":"https:\/\/api.w.org\/{rel}","templated":true}]}}