{"id":38351,"date":"2024-08-14T11:46:48","date_gmt":"2024-08-14T14:46:48","guid":{"rendered":"https:\/\/crc.org.ar\/w\/?p=38351"},"modified":"2024-08-15T18:22:20","modified_gmt":"2024-08-15T21:22:20","slug":"chris-hooper-es-la-nueva-cara-del-remero","status":"publish","type":"post","link":"https:\/\/crc.org.ar\/w\/chris-hooper-es-la-nueva-cara-del-remero\/","title":{"rendered":"Chris Hooper es la nueva cara del Remero"},"content":{"rendered":"\n<p>(Mi\u00e9rcoles 14 de agosto de 2024). El alero estadounidense es el nuevo flamante refuerzo del Remero para la temporada 2024\/25 de la Liga Nacional.<\/p>\n\n\n\n<!--more-->\n\n\n\n<figure class=\"wp-block-image size-full\"><img loading=\"lazy\" decoding=\"async\" width=\"1170\" height=\"801\" src=\"https:\/\/crc.org.ar\/w\/wp-content\/uploads\/2024\/08\/Chris-Hooper.jpg\" alt=\"\" class=\"wp-image-38352\" srcset=\"https:\/\/crc.org.ar\/w\/wp-content\/uploads\/2024\/08\/Chris-Hooper.jpg 1170w, https:\/\/crc.org.ar\/w\/wp-content\/uploads\/2024\/08\/Chris-Hooper-300x205.jpg 300w, https:\/\/crc.org.ar\/w\/wp-content\/uploads\/2024\/08\/Chris-Hooper-768x526.jpg 768w, https:\/\/crc.org.ar\/w\/wp-content\/uploads\/2024\/08\/Chris-Hooper-220x150.jpg 220w\" sizes=\"(max-width: 1170px) 100vw, 1170px\" \/><\/figure>\n\n\n\n<p>El Club de Regatas avanza en el armado de su nueva versi\u00f3n para afrontar la venidera temporada de la Liga Nacional de B\u00e1squet, y ahora cerr\u00f3 la llegada de Christopher Hooper como nuevo refuerzo.<\/p>\n\n\n\n<p>El for\u00e1neo nacido en el m\u00edtico barrio de Harlemen Nueva York el 24 de diciembre de 1991 (32 a\u00f1os), mide 1,98 y es un polifuncional jugador que puede cumplir su rol en los dos puestos del juego interno, pero que arribar\u00e1 con la idea de ser pivote.<\/p>\n\n\n\n<p>Viene de jugar las dos \u00faltimas temporadas en la Liga Argentina con San Isidro, dejando importantes n\u00fameros. En la pasada campa\u00f1a acumul\u00f3 33 partidos, donde promedi\u00f3 12.6 puntos, 6 rebotes, 1.8 asistencias y 1 tapa en 23 minutos en cancha.<\/p>\n\n\n\n<p>Adem\u00e1s, luego de finalizar su participaci\u00f3n con el conjunto de San Francisco, C\u00f3rdoba, integr\u00f3 el plantel de Las \u00c1nimas en la liga de Chile, donde disput\u00f3 6 partidos, jugando 34 minutos y promediando 14.8 puntos, 9 rebotes y 5.3 asistencias.<\/p>\n\n\n\n<p>En argentina tambi\u00e9n jug\u00f3 para Ober\u00e1 Tenis Club en su andar por la segunda categor\u00eda del b\u00e1squet argentino, donde estuvo en el equipo durante las temporadas 2017\/18 y 2018\/19.<\/p>\n\n\n\n<p>De este modo, Regatas suma una nueva cara en el armado de su equipo para la nueva campa\u00f1a que tendr\u00e1 al frente a Fernando Calvi, sum\u00e1ndose a Andr\u00e9s Jaime, Tob\u00edas Franchela, Iv\u00e1n Gramajo, Fabi\u00e1n Ram\u00edrez Barrios, Salvador Giletto, Federico Elias y los U21 Juan Larraza y Francisco Ferraro.<\/p>\n","protected":false},"excerpt":{"rendered":"<p>(Mi\u00e9rcoles 14 de agosto de 2024). El alero estadounidense es el nuevo flamante refuerzo del Remero para la temporada 2024\/25 de la Liga Nacional. El Club de Regatas avanza en el armado de su nueva versi\u00f3n para afrontar la venidera temporada de la Liga Nacional de B\u00e1squet, y ahora cerr\u00f3 la llegada de Christopher Hooper &hellip;<\/p>\n","protected":false},"author":7,"featured_media":38353,"comment_status":"closed","ping_status":"closed","sticky":false,"template":"","format":"standard","meta":{"footnotes":""},"categories":[67,156,382],"tags":[198,222,236,191],"_links":{"self":[{"href":"https:\/\/crc.org.ar\/w\/wp-json\/wp\/v2\/posts\/38351"}],"collection":[{"href":"https:\/\/crc.org.ar\/w\/wp-json\/wp\/v2\/posts"}],"about":[{"href":"https:\/\/crc.org.ar\/w\/wp-json\/wp\/v2\/types\/post"}],"author":[{"embeddable":true,"href":"https:\/\/crc.org.ar\/w\/wp-json\/wp\/v2\/users\/7"}],"replies":[{"embeddable":true,"href":"https:\/\/crc.org.ar\/w\/wp-json\/wp\/v2\/comments?post=38351"}],"version-history":[{"count":2,"href":"https:\/\/crc.org.ar\/w\/wp-json\/wp\/v2\/posts\/38351\/revisions"}],"predecessor-version":[{"id":38356,"href":"https:\/\/crc.org.ar\/w\/wp-json\/wp\/v2\/posts\/38351\/revisions\/38356"}],"wp:featuredmedia":[{"embeddable":true,"href":"https:\/\/crc.org.ar\/w\/wp-json\/wp\/v2\/media\/38353"}],"wp:attachment":[{"href":"https:\/\/crc.org.ar\/w\/wp-json\/wp\/v2\/media?parent=38351"}],"wp:term":[{"taxonomy":"category","embeddable":true,"href":"https:\/\/crc.org.ar\/w\/wp-json\/wp\/v2\/categories?post=38351"},{"taxonomy":"post_tag","embeddable":true,"href":"https:\/\/crc.org.ar\/w\/wp-json\/wp\/v2\/tags?post=38351"}],"curies":[{"name":"wp","href":"https:\/\/api.w.org\/{rel}","templated":true}]}}