{"id":38416,"date":"2024-08-27T10:46:55","date_gmt":"2024-08-27T13:46:55","guid":{"rendered":"https:\/\/crc.org.ar\/w\/?p=38416"},"modified":"2024-08-27T10:46:56","modified_gmt":"2024-08-27T13:46:56","slug":"joaquin-almozni-convocado-al-campus-de-desarrollo-u15","status":"publish","type":"post","link":"https:\/\/crc.org.ar\/w\/joaquin-almozni-convocado-al-campus-de-desarrollo-u15\/","title":{"rendered":"Joaqu\u00edn Almozni convocado al Campus de Desarrollo U15"},"content":{"rendered":"\n<p>(Martes 27 de agosto de 2024). El jugador regatense fue citado para el nuevo la etapa previa a la conformaci\u00f3n de la PreSelecci\u00f3n de cara al Sudamericano U15.<\/p>\n\n\n\n<!--more-->\n\n\n\n<figure class=\"wp-block-image alignwide size-large\"><img decoding=\"async\" src=\"https:\/\/crc.org.ar\/w\/wp-content\/uploads\/2024\/08\/Almozni-2048x1365.jpeg\" alt=\"\" class=\"wp-image-38417\"\/><\/figure>\n\n\n\n<p>En las \u00faltimas horas el Club de Regatas Corrientes recibi\u00f3 una gran noticia con la convocatoria de <strong>Joaqu\u00edn Almozni <\/strong>al nuevo Campus de Desarrollo de la categor\u00eda U15 por parte de la Confederaci\u00f3n Argentina de B\u00e1squet (CAB).<\/p>\n\n\n\n<p>El joven deportista correntino estar\u00e1 presente del 2 al 12 de septiembre pr\u00f3ximo en el CeNARD, en lo que ser\u00e1 una instancia de evaluaci\u00f3n previa la conformaci\u00f3n de la PreSelecci\u00f3n de cara al Sudamericano U15 de octubre.<\/p>\n\n\n\n<p>El objetivo de este nuevo Campus est\u00e1 en el Sudamericano U15, pautado para disputarse del 21 al 27 de octubre, con sede a confirmar, el cual otorgar\u00e1 tres plazas para la AmeriCup U16 del a\u00f1o pr\u00f3ximo, que al mismo tiempo sirve como instancia clasificatoria para el Mundial U17 del 2026.<\/p>\n\n\n\n<p>En la larga lista de 19 convocados por el equipo t\u00e9cnico, comandado por <strong>Mariano Marcos<\/strong> como coordinador y <strong>Juan Pablo Fern\u00e1ndez <\/strong>como entrenador, se col\u00f3 <strong>Almozni, <\/strong>quien adem\u00e1s es categor\u00eda 2010, mientras que del resto 17 son categor\u00eda 2009, lo que es m\u00e9rito doble.<\/p>\n\n\n\n<p>Adem\u00e1s, vale resaltar que nuevamente el entrenador regatense <strong>Alejandro Silveira <\/strong>fue convocado como parte del cuerpo t\u00e9cnico de trabajo, y con grandes posibilidades de integrar el staff en el Sudamericano venidero<strong>.<\/strong><\/p>\n","protected":false},"excerpt":{"rendered":"<p>(Martes 27 de agosto de 2024). El jugador regatense fue citado para el nuevo la etapa previa a la conformaci\u00f3n de la PreSelecci\u00f3n de cara al Sudamericano U15. En las \u00faltimas horas el Club de Regatas Corrientes recibi\u00f3 una gran noticia con la convocatoria de Joaqu\u00edn Almozni al nuevo Campus de Desarrollo de la categor\u00eda &hellip;<\/p>\n","protected":false},"author":7,"featured_media":38417,"comment_status":"closed","ping_status":"closed","sticky":false,"template":"","format":"standard","meta":{"footnotes":""},"categories":[66,156],"tags":[],"_links":{"self":[{"href":"https:\/\/crc.org.ar\/w\/wp-json\/wp\/v2\/posts\/38416"}],"collection":[{"href":"https:\/\/crc.org.ar\/w\/wp-json\/wp\/v2\/posts"}],"about":[{"href":"https:\/\/crc.org.ar\/w\/wp-json\/wp\/v2\/types\/post"}],"author":[{"embeddable":true,"href":"https:\/\/crc.org.ar\/w\/wp-json\/wp\/v2\/users\/7"}],"replies":[{"embeddable":true,"href":"https:\/\/crc.org.ar\/w\/wp-json\/wp\/v2\/comments?post=38416"}],"version-history":[{"count":1,"href":"https:\/\/crc.org.ar\/w\/wp-json\/wp\/v2\/posts\/38416\/revisions"}],"predecessor-version":[{"id":38418,"href":"https:\/\/crc.org.ar\/w\/wp-json\/wp\/v2\/posts\/38416\/revisions\/38418"}],"wp:featuredmedia":[{"embeddable":true,"href":"https:\/\/crc.org.ar\/w\/wp-json\/wp\/v2\/media\/38417"}],"wp:attachment":[{"href":"https:\/\/crc.org.ar\/w\/wp-json\/wp\/v2\/media?parent=38416"}],"wp:term":[{"taxonomy":"category","embeddable":true,"href":"https:\/\/crc.org.ar\/w\/wp-json\/wp\/v2\/categories?post=38416"},{"taxonomy":"post_tag","embeddable":true,"href":"https:\/\/crc.org.ar\/w\/wp-json\/wp\/v2\/tags?post=38416"}],"curies":[{"name":"wp","href":"https:\/\/api.w.org\/{rel}","templated":true}]}}