{"id":38422,"date":"2024-08-28T11:44:34","date_gmt":"2024-08-28T14:44:34","guid":{"rendered":"https:\/\/crc.org.ar\/w\/?p=38422"},"modified":"2024-08-28T11:44:35","modified_gmt":"2024-08-28T14:44:35","slug":"gran-actuacion-regatense-en-el-torneo-de-judo-dia-del-ninez","status":"publish","type":"post","link":"https:\/\/crc.org.ar\/w\/gran-actuacion-regatense-en-el-torneo-de-judo-dia-del-ninez\/","title":{"rendered":"Gran actuaci\u00f3n regatense en el torneo de judo D\u00eda del Ni\u00f1ez"},"content":{"rendered":"\n<p>(Mi\u00e9rcoles 28 de agosto de 2024). 23 judocas de Regatas Corrientes compitieron en el certamen chaque\u00f1o, donde recolectaron numerosos podios.<\/p>\n\n\n\n<!--more-->\n\n\n\n<figure class=\"wp-block-image alignwide size-full\"><img decoding=\"async\" src=\"https:\/\/crc.org.ar\/w\/wp-content\/uploads\/2024\/08\/WhatsApp-Image-2024-08-28-at-10.13.47-1.jpeg\" alt=\"\" class=\"wp-image-38423\"\/><\/figure>\n\n\n\n<p>El pasado s\u00e1bado en el Polideportivo Jaime Zapata de la capital chaque\u00f1a se llev\u00f3 a cabo el Torneo Interprovincial \u201cD\u00eda de la Ni\u00f1ez\u201d organizado por la Federaci\u00f3n Chaque\u00f1a de Judo. All\u00ed, el Club de Regatas Corrientes tuvo una buena representaci\u00f3n por parte de sus deportistas.<\/p>\n\n\n\n<p>La delegaci\u00f3n Remera cont\u00f3 con 23 judocas, quienes compitieron en las diferentes categor\u00edas del certamen y se llevaron m\u00faltiples podios en la competencia que tuvo representantes de Chaco, Corrientes, Formosa, Misiones e inclusive de Paraguay.<\/p>\n\n\n\n<p>El equipo regatense estuvo acompa\u00f1ado por los instructores <strong>Francisco Rabad\u00e1n, Arturo Mari\u00f1o Rey <\/strong>y <strong>Agustina Rodr\u00edguez, <\/strong>y en total completaron un tremendo desempe\u00f1o consiguiendo seis primeros puestos, cuatro segundos lugares y 11 terceros puestos, mientras que solamente dos se quedaron sin subirse al podio ubic\u00e1ndose en el quinto lugar.<\/p>\n\n\n<div class=\"wp-block-image\">\n<figure class=\"aligncenter size-full is-resized\"><img loading=\"lazy\" decoding=\"async\" width=\"1200\" height=\"1600\" src=\"https:\/\/crc.org.ar\/w\/wp-content\/uploads\/2024\/08\/WhatsApp-Image-2024-08-28-at-10.13.47.jpeg\" alt=\"\" class=\"wp-image-38424\" style=\"width:536px;height:auto\" srcset=\"https:\/\/crc.org.ar\/w\/wp-content\/uploads\/2024\/08\/WhatsApp-Image-2024-08-28-at-10.13.47.jpeg 1200w, https:\/\/crc.org.ar\/w\/wp-content\/uploads\/2024\/08\/WhatsApp-Image-2024-08-28-at-10.13.47-225x300.jpeg 225w, https:\/\/crc.org.ar\/w\/wp-content\/uploads\/2024\/08\/WhatsApp-Image-2024-08-28-at-10.13.47-768x1024.jpeg 768w, https:\/\/crc.org.ar\/w\/wp-content\/uploads\/2024\/08\/WhatsApp-Image-2024-08-28-at-10.13.47-1152x1536.jpeg 1152w\" sizes=\"(max-width: 1200px) 100vw, 1200px\" \/><\/figure><\/div>\n\n\n<h2 class=\"wp-block-heading has-text-align-center\"><strong>Todos las posiciones de los judocas regatenses en el Torneo D\u00eda de la Ni\u00f1ez<\/strong><\/h2>\n\n\n\n<h2 class=\"wp-block-heading\"><strong>1\u00b0 Puesto: <\/strong><\/h2>\n\n\n\n<p>Martina Rodr\u00edguez Promocional -36kg<\/p>\n\n\n\n<p>M\u00e1ximo N\u00fa\u00f1ez L\u00f3pez Infantil A -52kg<\/p>\n\n\n\n<p>Luis Cazorla Senior +100kg<\/p>\n\n\n\n<p>Lorenzo Delgado Infantil B +64kg<\/p>\n\n\n\n<p>Ignacio Mari\u00f1o Kyu Novicio -66kg<\/p>\n\n\n\n<p>Bautista Lugo Cadete Novicio -60kg<\/p>\n\n\n\n<h2 class=\"wp-block-heading\"><strong>2\u00b0 Puesto: <\/strong><\/h2>\n\n\n\n<p>Yamil Leyes Senior -90kg<\/p>\n\n\n\n<p>Juan Sebasti\u00e1n Ver\u00f3n Cadetes -73kg Graduado<\/p>\n\n\n\n<p>Rafael L\u00f3pez Torres Kyu Novicio -81kg<\/p>\n\n\n\n<p>Eugenio Buyatti Senior -73kg<\/p>\n\n\n\n<h2 class=\"wp-block-heading\"><strong>3\u00b0 Puesto: <\/strong><\/h2>\n\n\n\n<p>Gaspar Salas Soechting Pre Promocional -23kg<\/p>\n\n\n\n<p>Benja\u00edn Fern\u00e1ndez Rovira Pre Promocional -33kg<\/p>\n\n\n\n<p>Benjam\u00edn Canciani Pre Promocional -28kg<\/p>\n\n\n\n<p>Bruno Acosta Pre Promocional -33kg<\/p>\n\n\n\n<p>Enrique Salas Soechting Promocional -28kg<\/p>\n\n\n\n<p>Luciano Acosta Infantil A -47kg<\/p>\n\n\n\n<p>Sofia Fern\u00e1ndez Rovira&nbsp; Infantil B -52kg<\/p>\n\n\n\n<p>Bautista Arag\u00f3n Pre Promocional -26kg<\/p>\n\n\n\n<p>Delfina Buffil Promocional -45kg<\/p>\n\n\n\n<p>Benjamin Acevedo Infantil -42kg<\/p>\n\n\n\n<p>Diego G\u00f3mez Dabrio Kyu Novicio -81kg<\/p>\n\n\n\n<h2 class=\"wp-block-heading\"><strong>5\u00b0 Puesto: <\/strong><\/h2>\n\n\n\n<p>Mercedes Gonzalez Peloc Infantil A +52kg<\/p>\n\n\n\n<p>Jack Frada Infantil B +64kg<\/p>\n\n\n\n<figure class=\"wp-block-gallery alignfull has-nested-images columns-default is-cropped wp-block-gallery-1 is-layout-flex wp-block-gallery-is-layout-flex\">\n<figure class=\"wp-block-image size-large\"><img loading=\"lazy\" decoding=\"async\" width=\"1200\" height=\"1600\" data-id=\"38430\" src=\"https:\/\/crc.org.ar\/w\/wp-content\/uploads\/2024\/08\/WhatsApp-Image-2024-08-28-at-10.51.44.jpeg\" alt=\"\" class=\"wp-image-38430\" srcset=\"https:\/\/crc.org.ar\/w\/wp-content\/uploads\/2024\/08\/WhatsApp-Image-2024-08-28-at-10.51.44.jpeg 1200w, https:\/\/crc.org.ar\/w\/wp-content\/uploads\/2024\/08\/WhatsApp-Image-2024-08-28-at-10.51.44-225x300.jpeg 225w, https:\/\/crc.org.ar\/w\/wp-content\/uploads\/2024\/08\/WhatsApp-Image-2024-08-28-at-10.51.44-768x1024.jpeg 768w, https:\/\/crc.org.ar\/w\/wp-content\/uploads\/2024\/08\/WhatsApp-Image-2024-08-28-at-10.51.44-1152x1536.jpeg 1152w\" sizes=\"(max-width: 1200px) 100vw, 1200px\" \/><\/figure>\n\n\n\n<figure class=\"wp-block-image size-large\"><img loading=\"lazy\" decoding=\"async\" width=\"1040\" height=\"780\" data-id=\"38425\" src=\"https:\/\/crc.org.ar\/w\/wp-content\/uploads\/2024\/08\/WhatsApp-Image-2024-08-28-at-10.59.57.jpeg\" alt=\"\" class=\"wp-image-38425\" srcset=\"https:\/\/crc.org.ar\/w\/wp-content\/uploads\/2024\/08\/WhatsApp-Image-2024-08-28-at-10.59.57.jpeg 1040w, https:\/\/crc.org.ar\/w\/wp-content\/uploads\/2024\/08\/WhatsApp-Image-2024-08-28-at-10.59.57-300x225.jpeg 300w, https:\/\/crc.org.ar\/w\/wp-content\/uploads\/2024\/08\/WhatsApp-Image-2024-08-28-at-10.59.57-768x576.jpeg 768w\" sizes=\"(max-width: 1040px) 100vw, 1040px\" \/><\/figure>\n\n\n\n<figure class=\"wp-block-image size-large\"><img loading=\"lazy\" decoding=\"async\" width=\"1600\" height=\"1200\" data-id=\"38427\" src=\"https:\/\/crc.org.ar\/w\/wp-content\/uploads\/2024\/08\/WhatsApp-Image-2024-08-28-at-11.00.04.jpeg\" alt=\"\" class=\"wp-image-38427\" srcset=\"https:\/\/crc.org.ar\/w\/wp-content\/uploads\/2024\/08\/WhatsApp-Image-2024-08-28-at-11.00.04.jpeg 1600w, https:\/\/crc.org.ar\/w\/wp-content\/uploads\/2024\/08\/WhatsApp-Image-2024-08-28-at-11.00.04-300x225.jpeg 300w, https:\/\/crc.org.ar\/w\/wp-content\/uploads\/2024\/08\/WhatsApp-Image-2024-08-28-at-11.00.04-768x576.jpeg 768w, https:\/\/crc.org.ar\/w\/wp-content\/uploads\/2024\/08\/WhatsApp-Image-2024-08-28-at-11.00.04-1536x1152.jpeg 1536w\" sizes=\"(max-width: 1600px) 100vw, 1600px\" \/><\/figure>\n\n\n\n<figure class=\"wp-block-image size-large\"><img loading=\"lazy\" decoding=\"async\" width=\"1600\" height=\"1200\" data-id=\"38429\" src=\"https:\/\/crc.org.ar\/w\/wp-content\/uploads\/2024\/08\/WhatsApp-Image-2024-08-28-at-11.00.19.jpeg\" alt=\"\" class=\"wp-image-38429\" srcset=\"https:\/\/crc.org.ar\/w\/wp-content\/uploads\/2024\/08\/WhatsApp-Image-2024-08-28-at-11.00.19.jpeg 1600w, https:\/\/crc.org.ar\/w\/wp-content\/uploads\/2024\/08\/WhatsApp-Image-2024-08-28-at-11.00.19-300x225.jpeg 300w, https:\/\/crc.org.ar\/w\/wp-content\/uploads\/2024\/08\/WhatsApp-Image-2024-08-28-at-11.00.19-768x576.jpeg 768w, https:\/\/crc.org.ar\/w\/wp-content\/uploads\/2024\/08\/WhatsApp-Image-2024-08-28-at-11.00.19-1536x1152.jpeg 1536w\" sizes=\"(max-width: 1600px) 100vw, 1600px\" \/><\/figure>\n\n\n\n<figure class=\"wp-block-image size-large\"><img loading=\"lazy\" decoding=\"async\" width=\"1200\" height=\"1600\" data-id=\"38431\" src=\"https:\/\/crc.org.ar\/w\/wp-content\/uploads\/2024\/08\/WhatsApp-Image-2024-08-28-at-10.20.25.jpeg\" alt=\"\" class=\"wp-image-38431\" srcset=\"https:\/\/crc.org.ar\/w\/wp-content\/uploads\/2024\/08\/WhatsApp-Image-2024-08-28-at-10.20.25.jpeg 1200w, https:\/\/crc.org.ar\/w\/wp-content\/uploads\/2024\/08\/WhatsApp-Image-2024-08-28-at-10.20.25-225x300.jpeg 225w, https:\/\/crc.org.ar\/w\/wp-content\/uploads\/2024\/08\/WhatsApp-Image-2024-08-28-at-10.20.25-768x1024.jpeg 768w, https:\/\/crc.org.ar\/w\/wp-content\/uploads\/2024\/08\/WhatsApp-Image-2024-08-28-at-10.20.25-1152x1536.jpeg 1152w\" sizes=\"(max-width: 1200px) 100vw, 1200px\" \/><\/figure>\n\n\n\n<figure class=\"wp-block-image size-large\"><img loading=\"lazy\" decoding=\"async\" width=\"900\" height=\"1600\" data-id=\"38428\" src=\"https:\/\/crc.org.ar\/w\/wp-content\/uploads\/2024\/08\/WhatsApp-Image-2024-08-28-at-10.19.22-1.jpeg\" alt=\"\" class=\"wp-image-38428\" srcset=\"https:\/\/crc.org.ar\/w\/wp-content\/uploads\/2024\/08\/WhatsApp-Image-2024-08-28-at-10.19.22-1.jpeg 900w, https:\/\/crc.org.ar\/w\/wp-content\/uploads\/2024\/08\/WhatsApp-Image-2024-08-28-at-10.19.22-1-169x300.jpeg 169w, https:\/\/crc.org.ar\/w\/wp-content\/uploads\/2024\/08\/WhatsApp-Image-2024-08-28-at-10.19.22-1-768x1365.jpeg 768w, https:\/\/crc.org.ar\/w\/wp-content\/uploads\/2024\/08\/WhatsApp-Image-2024-08-28-at-10.19.22-1-864x1536.jpeg 864w\" sizes=\"(max-width: 900px) 100vw, 900px\" \/><\/figure>\n\n\n\n<figure class=\"wp-block-image size-large\"><img loading=\"lazy\" decoding=\"async\" width=\"900\" height=\"1600\" data-id=\"38426\" src=\"https:\/\/crc.org.ar\/w\/wp-content\/uploads\/2024\/08\/WhatsApp-Image-2024-08-28-at-10.19.22.jpeg\" alt=\"\" class=\"wp-image-38426\" srcset=\"https:\/\/crc.org.ar\/w\/wp-content\/uploads\/2024\/08\/WhatsApp-Image-2024-08-28-at-10.19.22.jpeg 900w, https:\/\/crc.org.ar\/w\/wp-content\/uploads\/2024\/08\/WhatsApp-Image-2024-08-28-at-10.19.22-169x300.jpeg 169w, https:\/\/crc.org.ar\/w\/wp-content\/uploads\/2024\/08\/WhatsApp-Image-2024-08-28-at-10.19.22-768x1365.jpeg 768w, https:\/\/crc.org.ar\/w\/wp-content\/uploads\/2024\/08\/WhatsApp-Image-2024-08-28-at-10.19.22-864x1536.jpeg 864w\" sizes=\"(max-width: 900px) 100vw, 900px\" \/><\/figure>\n<\/figure>\n","protected":false},"excerpt":{"rendered":"<p>(Mi\u00e9rcoles 28 de agosto de 2024). 23 judocas de Regatas Corrientes compitieron en el certamen chaque\u00f1o, donde recolectaron numerosos podios. El pasado s\u00e1bado en el Polideportivo Jaime Zapata de la capital chaque\u00f1a se llev\u00f3 a cabo el Torneo Interprovincial \u201cD\u00eda de la Ni\u00f1ez\u201d organizado por la Federaci\u00f3n Chaque\u00f1a de Judo. All\u00ed, el Club de Regatas &hellip;<\/p>\n","protected":false},"author":7,"featured_media":38423,"comment_status":"closed","ping_status":"closed","sticky":false,"template":"","format":"standard","meta":{"footnotes":""},"categories":[17,156],"tags":[],"_links":{"self":[{"href":"https:\/\/crc.org.ar\/w\/wp-json\/wp\/v2\/posts\/38422"}],"collection":[{"href":"https:\/\/crc.org.ar\/w\/wp-json\/wp\/v2\/posts"}],"about":[{"href":"https:\/\/crc.org.ar\/w\/wp-json\/wp\/v2\/types\/post"}],"author":[{"embeddable":true,"href":"https:\/\/crc.org.ar\/w\/wp-json\/wp\/v2\/users\/7"}],"replies":[{"embeddable":true,"href":"https:\/\/crc.org.ar\/w\/wp-json\/wp\/v2\/comments?post=38422"}],"version-history":[{"count":1,"href":"https:\/\/crc.org.ar\/w\/wp-json\/wp\/v2\/posts\/38422\/revisions"}],"predecessor-version":[{"id":38432,"href":"https:\/\/crc.org.ar\/w\/wp-json\/wp\/v2\/posts\/38422\/revisions\/38432"}],"wp:featuredmedia":[{"embeddable":true,"href":"https:\/\/crc.org.ar\/w\/wp-json\/wp\/v2\/media\/38423"}],"wp:attachment":[{"href":"https:\/\/crc.org.ar\/w\/wp-json\/wp\/v2\/media?parent=38422"}],"wp:term":[{"taxonomy":"category","embeddable":true,"href":"https:\/\/crc.org.ar\/w\/wp-json\/wp\/v2\/categories?post=38422"},{"taxonomy":"post_tag","embeddable":true,"href":"https:\/\/crc.org.ar\/w\/wp-json\/wp\/v2\/tags?post=38422"}],"curies":[{"name":"wp","href":"https:\/\/api.w.org\/{rel}","templated":true}]}}