{"id":38494,"date":"2024-09-16T12:08:02","date_gmt":"2024-09-16T15:08:02","guid":{"rendered":"https:\/\/crc.org.ar\/w\/?p=38494"},"modified":"2024-09-16T12:08:41","modified_gmt":"2024-09-16T15:08:41","slug":"nueva-gran-actuacion-regatense-en-la-vii-fecha-del-puntuable","status":"publish","type":"post","link":"https:\/\/crc.org.ar\/w\/nueva-gran-actuacion-regatense-en-la-vii-fecha-del-puntuable\/","title":{"rendered":"Nueva gran actuaci\u00f3n regatense en la VII fecha del Puntuable"},"content":{"rendered":"\n<p>(Lunes 16 de septiembre de 2024). Los tenimesistas de Regatas Corrientes obtuvieron se quedaron con los primeros puestos en las tres principales categor\u00edas, sumados a otros podios.<\/p>\n\n\n\n<!--more-->\n\n\n\n<figure class=\"wp-block-gallery alignfull has-nested-images columns-default is-cropped wp-block-gallery-1 is-layout-flex wp-block-gallery-is-layout-flex\">\n<figure class=\"wp-block-image size-full\"><a href=\"https:\/\/crc.org.ar\/w\/wp-content\/uploads\/2024\/09\/WhatsApp-Image-2024-09-15-at-21.42.54-1.jpeg\"><img decoding=\"async\" data-id=\"38496\" src=\"https:\/\/crc.org.ar\/w\/wp-content\/uploads\/2024\/09\/WhatsApp-Image-2024-09-15-at-21.42.54-1.jpeg\" alt=\"\" class=\"wp-image-38496\"\/><\/a><\/figure>\n\n\n\n<figure class=\"wp-block-image size-full\"><a href=\"https:\/\/crc.org.ar\/w\/wp-content\/uploads\/2024\/09\/WhatsApp-Image-2024-09-15-at-21.42.54.jpeg\"><img loading=\"lazy\" decoding=\"async\" width=\"1600\" height=\"1200\" data-id=\"38495\" src=\"https:\/\/crc.org.ar\/w\/wp-content\/uploads\/2024\/09\/WhatsApp-Image-2024-09-15-at-21.42.54.jpeg\" alt=\"\" class=\"wp-image-38495\" srcset=\"https:\/\/crc.org.ar\/w\/wp-content\/uploads\/2024\/09\/WhatsApp-Image-2024-09-15-at-21.42.54.jpeg 1600w, https:\/\/crc.org.ar\/w\/wp-content\/uploads\/2024\/09\/WhatsApp-Image-2024-09-15-at-21.42.54-300x225.jpeg 300w, https:\/\/crc.org.ar\/w\/wp-content\/uploads\/2024\/09\/WhatsApp-Image-2024-09-15-at-21.42.54-768x576.jpeg 768w, https:\/\/crc.org.ar\/w\/wp-content\/uploads\/2024\/09\/WhatsApp-Image-2024-09-15-at-21.42.54-1536x1152.jpeg 1536w\" sizes=\"(max-width: 1600px) 100vw, 1600px\" \/><\/a><\/figure>\n\n\n\n<figure class=\"wp-block-image size-full\"><a href=\"https:\/\/crc.org.ar\/w\/wp-content\/uploads\/2024\/09\/WhatsApp-Image-2024-09-15-at-21.42.55.jpeg\"><img loading=\"lazy\" decoding=\"async\" width=\"1600\" height=\"1200\" data-id=\"38497\" src=\"https:\/\/crc.org.ar\/w\/wp-content\/uploads\/2024\/09\/WhatsApp-Image-2024-09-15-at-21.42.55.jpeg\" alt=\"\" class=\"wp-image-38497\" srcset=\"https:\/\/crc.org.ar\/w\/wp-content\/uploads\/2024\/09\/WhatsApp-Image-2024-09-15-at-21.42.55.jpeg 1600w, https:\/\/crc.org.ar\/w\/wp-content\/uploads\/2024\/09\/WhatsApp-Image-2024-09-15-at-21.42.55-300x225.jpeg 300w, https:\/\/crc.org.ar\/w\/wp-content\/uploads\/2024\/09\/WhatsApp-Image-2024-09-15-at-21.42.55-768x576.jpeg 768w, https:\/\/crc.org.ar\/w\/wp-content\/uploads\/2024\/09\/WhatsApp-Image-2024-09-15-at-21.42.55-1536x1152.jpeg 1536w\" sizes=\"(max-width: 1600px) 100vw, 1600px\" \/><\/a><\/figure>\n<\/figure>\n\n\n\n<p>El domingo en el estadio del Club Deportivo Col\u00f3n se disput\u00f3 una nueva fecha del Circuito Tarag\u00fci de tenis de mesa, en este caso se desarroll\u00f3 la VII fecha, donde la escuela de tenis de mesa del Club de Regatas Corrientes tuvo una gran actuaci\u00f3n.<\/p>\n\n\n\n<p>El torneo abierto, que es organizado por la Federaci\u00f3n Correntina de Tenis de Mesa, se jug\u00f3 en formato single en las diferentes categor\u00edas, donde en las tres principales, primera, segunda y tercera, el dominio fue para los regatenses.<\/p>\n\n\n\n<p>En tercera, el campe\u00f3n fue <strong>Lautaro Zabala<\/strong>. Por su parte, en la categor\u00eda segunda se vio un podio casi \u00edntegro de los Remeros, siendo que <strong>Benjam\u00edn Mari\u00f1o Rey <\/strong>se consagr\u00f3 campe\u00f3n, y el tercer puesto lo compartieron <strong>Ignacio Alarc\u00f3n <\/strong>y <strong>Juan Segundo Ram\u00edrez.<\/strong><\/p>\n\n\n\n<p>Por \u00faltimo, en la primera divisi\u00f3n el flamante ganador fue <strong>Nicol\u00e1s N\u00fa\u00f1ez, <\/strong>quien sigue demostrando su gran momento con otro t\u00edtulo.<\/p>\n","protected":false},"excerpt":{"rendered":"<p>(Lunes 16 de septiembre de 2024). Los tenimesistas de Regatas Corrientes obtuvieron se quedaron con los primeros puestos en las tres principales categor\u00edas, sumados a otros podios. El domingo en el estadio del Club Deportivo Col\u00f3n se disput\u00f3 una nueva fecha del Circuito Tarag\u00fci de tenis de mesa, en este caso se desarroll\u00f3 la VII &hellip;<\/p>\n","protected":false},"author":6,"featured_media":38496,"comment_status":"closed","ping_status":"closed","sticky":false,"template":"","format":"standard","meta":{"footnotes":""},"categories":[156,13],"tags":[],"_links":{"self":[{"href":"https:\/\/crc.org.ar\/w\/wp-json\/wp\/v2\/posts\/38494"}],"collection":[{"href":"https:\/\/crc.org.ar\/w\/wp-json\/wp\/v2\/posts"}],"about":[{"href":"https:\/\/crc.org.ar\/w\/wp-json\/wp\/v2\/types\/post"}],"author":[{"embeddable":true,"href":"https:\/\/crc.org.ar\/w\/wp-json\/wp\/v2\/users\/6"}],"replies":[{"embeddable":true,"href":"https:\/\/crc.org.ar\/w\/wp-json\/wp\/v2\/comments?post=38494"}],"version-history":[{"count":1,"href":"https:\/\/crc.org.ar\/w\/wp-json\/wp\/v2\/posts\/38494\/revisions"}],"predecessor-version":[{"id":38498,"href":"https:\/\/crc.org.ar\/w\/wp-json\/wp\/v2\/posts\/38494\/revisions\/38498"}],"wp:featuredmedia":[{"embeddable":true,"href":"https:\/\/crc.org.ar\/w\/wp-json\/wp\/v2\/media\/38496"}],"wp:attachment":[{"href":"https:\/\/crc.org.ar\/w\/wp-json\/wp\/v2\/media?parent=38494"}],"wp:term":[{"taxonomy":"category","embeddable":true,"href":"https:\/\/crc.org.ar\/w\/wp-json\/wp\/v2\/categories?post=38494"},{"taxonomy":"post_tag","embeddable":true,"href":"https:\/\/crc.org.ar\/w\/wp-json\/wp\/v2\/tags?post=38494"}],"curies":[{"name":"wp","href":"https:\/\/api.w.org\/{rel}","templated":true}]}}