{"id":38499,"date":"2024-09-17T10:25:02","date_gmt":"2024-09-17T13:25:02","guid":{"rendered":"https:\/\/crc.org.ar\/w\/?p=38499"},"modified":"2024-09-17T10:25:03","modified_gmt":"2024-09-17T13:25:03","slug":"el-remero-esta-en-la-semifinal-de-la-lff-u12-y-sigue-invicto","status":"publish","type":"post","link":"https:\/\/crc.org.ar\/w\/el-remero-esta-en-la-semifinal-de-la-lff-u12-y-sigue-invicto\/","title":{"rendered":"El Remero est\u00e1 en la semifinal de la LFF U12 y sigue invicto"},"content":{"rendered":"\n<p>(Martes 17 de septiembre de 2024). Regatas Corrientes gan\u00f3 sus tres duelos en el Cuadrangular de la segunda etapa y ya se meti\u00f3 en la ante\u00faltima fase en la categor\u00eda de mini mixto.<\/p>\n\n\n\n<!--more-->\n\n\n\n<figure class=\"wp-block-image alignwide size-large\"><img loading=\"lazy\" decoding=\"async\" width=\"2048\" height=\"2561\" src=\"https:\/\/crc.org.ar\/w\/wp-content\/uploads\/2024\/09\/WhatsApp-Image-2024-09-15-at-22.50.03-2048x2561.jpeg\" alt=\"\" class=\"wp-image-38500\" srcset=\"https:\/\/crc.org.ar\/w\/wp-content\/uploads\/2024\/09\/WhatsApp-Image-2024-09-15-at-22.50.03-2048x2561.jpeg 2048w, https:\/\/crc.org.ar\/w\/wp-content\/uploads\/2024\/09\/WhatsApp-Image-2024-09-15-at-22.50.03-240x300.jpeg 240w, https:\/\/crc.org.ar\/w\/wp-content\/uploads\/2024\/09\/WhatsApp-Image-2024-09-15-at-22.50.03-768x960.jpeg 768w, https:\/\/crc.org.ar\/w\/wp-content\/uploads\/2024\/09\/WhatsApp-Image-2024-09-15-at-22.50.03-1228x1536.jpeg 1228w, https:\/\/crc.org.ar\/w\/wp-content\/uploads\/2024\/09\/WhatsApp-Image-2024-09-15-at-22.50.03-1638x2048.jpeg 1638w, https:\/\/crc.org.ar\/w\/wp-content\/uploads\/2024\/09\/WhatsApp-Image-2024-09-15-at-22.50.03-scaled.jpeg 2047w\" sizes=\"(max-width: 2048px) 100vw, 2048px\" \/><\/figure>\n\n\n\n<p>Durante el pasado s\u00e1bado y domingo se disput\u00f3 la segunda etapa de la Liga Federal Formativa de la categor\u00eda U12, donde se definieron a los mejores equipos de las diferentes regiones. El Club de Regatas Corrientes hizo valer su local\u00eda y avanz\u00f3 ganando sus tres duelos.<\/p>\n\n\n\n<p>Los encuentros se desarrollaron en el renovado parqu\u00e9 del estadio Jos\u00e9 Jorge Contte, donde, adem\u00e1s del anfitri\u00f3n, compitieron en busca de la plaza a la pr\u00f3xima ronda Villa San Mart\u00edn, Regatas Resistencia y San Mart\u00edn de Corrientes.<\/p>\n\n\n\n<p>En primera instancia el Remero venci\u00f3 a su hom\u00f3nimo de Resistencia por 104-71, mientras que Villa venci\u00f3 al Rojinegro 137-91. En la jornada matutina del domingo, Regatas venci\u00f3 a su cl\u00e1sico rival 93-66, y el Tricolor se qued\u00f3 con el duelo de chaque\u00f1os 117-52.<\/p>\n\n\n\n<figure class=\"wp-block-gallery alignwide has-nested-images columns-default is-cropped wp-block-gallery-1 is-layout-flex wp-block-gallery-is-layout-flex\">\n<figure class=\"wp-block-image size-large\"><img loading=\"lazy\" decoding=\"async\" width=\"2048\" height=\"2561\" data-id=\"38502\" src=\"https:\/\/crc.org.ar\/w\/wp-content\/uploads\/2024\/09\/WhatsApp-Image-2024-09-15-at-22.05.22-2048x2561.jpeg\" alt=\"\" class=\"wp-image-38502\" srcset=\"https:\/\/crc.org.ar\/w\/wp-content\/uploads\/2024\/09\/WhatsApp-Image-2024-09-15-at-22.05.22-scaled.jpeg 2048w, https:\/\/crc.org.ar\/w\/wp-content\/uploads\/2024\/09\/WhatsApp-Image-2024-09-15-at-22.05.22-240x300.jpeg 240w, https:\/\/crc.org.ar\/w\/wp-content\/uploads\/2024\/09\/WhatsApp-Image-2024-09-15-at-22.05.22-768x960.jpeg 768w, https:\/\/crc.org.ar\/w\/wp-content\/uploads\/2024\/09\/WhatsApp-Image-2024-09-15-at-22.05.22-1229x1536.jpeg 1229w, https:\/\/crc.org.ar\/w\/wp-content\/uploads\/2024\/09\/WhatsApp-Image-2024-09-15-at-22.05.22-1638x2048.jpeg 1638w\" sizes=\"(max-width: 2048px) 100vw, 2048px\" \/><\/figure>\n\n\n\n<figure class=\"wp-block-image size-large\"><img loading=\"lazy\" decoding=\"async\" width=\"2048\" height=\"2560\" data-id=\"38501\" src=\"https:\/\/crc.org.ar\/w\/wp-content\/uploads\/2024\/09\/WhatsApp-Image-2024-09-15-at-22.06.07-2048x2560.jpeg\" alt=\"\" class=\"wp-image-38501\" srcset=\"https:\/\/crc.org.ar\/w\/wp-content\/uploads\/2024\/09\/WhatsApp-Image-2024-09-15-at-22.06.07-scaled.jpeg 2048w, https:\/\/crc.org.ar\/w\/wp-content\/uploads\/2024\/09\/WhatsApp-Image-2024-09-15-at-22.06.07-240x300.jpeg 240w, https:\/\/crc.org.ar\/w\/wp-content\/uploads\/2024\/09\/WhatsApp-Image-2024-09-15-at-22.06.07-768x960.jpeg 768w, https:\/\/crc.org.ar\/w\/wp-content\/uploads\/2024\/09\/WhatsApp-Image-2024-09-15-at-22.06.07-1229x1536.jpeg 1229w, https:\/\/crc.org.ar\/w\/wp-content\/uploads\/2024\/09\/WhatsApp-Image-2024-09-15-at-22.06.07-1639x2048.jpeg 1639w\" sizes=\"(max-width: 2048px) 100vw, 2048px\" \/><\/figure>\n<\/figure>\n\n\n\n<p>De este modo, el local y Villa San Mart\u00edn llegaron al cierre en un duelo mano a mano por el primer lugar de la regi\u00f3n y el pasaje a la semifinal, y en un partido dur\u00edsimo de comienzo a fin, la victoria fue para Regatas Corrientes por 105-95.<\/p>\n\n\n\n<p>El equipo estuvo comandado por <strong>Juan Cruz Alderete, <\/strong>y al plantel lo conformaron <strong>Benicio Kawerin Grieco, Benjam\u00edn Figueroa, Lautaro Guevara Franchina, Juan Cruz Sotelo Ben\u00edtez, Agust\u00edn Alonso, Melina Antoniol, Ian Lecca, Bautista Ledesma, Felipe Villanueva, Tom\u00e1s Linares Disanti, Mateo Miranda Cabrera, Bautista Z\u00e1rate y Vicente Saure.<\/strong><\/p>\n\n\n\n<figure class=\"wp-block-image size-large\"><img loading=\"lazy\" decoding=\"async\" width=\"2048\" height=\"2559\" src=\"https:\/\/crc.org.ar\/w\/wp-content\/uploads\/2024\/09\/WhatsApp-Image-2024-09-15-at-22.50.04-2048x2559.jpeg\" alt=\"\" class=\"wp-image-38503\"\/><\/figure>\n\n\n\n<p>De este modo, el equipo mantiene un invicto en este 2024 donde a\u00fan no ha perdido ning\u00fan juego, y sigue con las firmes intenciones de avanzar y repetir lo hecho el a\u00f1o pasado, donde termin\u00f3 entre los cinco mejores del pa\u00eds en la Liga Federal Formativa.<\/p>\n\n\n\n<p>Vale recordar que esta categor\u00eda tiene la particularidad de ser mixto, y de que se juega con un formato de minib\u00e1squet, donde se desarrollan ocho cuartes de seis minutos cada uno.<\/p>\n","protected":false},"excerpt":{"rendered":"<p>(Martes 17 de septiembre de 2024). Regatas Corrientes gan\u00f3 sus tres duelos en el Cuadrangular de la segunda etapa y ya se meti\u00f3 en la ante\u00faltima fase en la categor\u00eda de mini mixto. Durante el pasado s\u00e1bado y domingo se disput\u00f3 la segunda etapa de la Liga Federal Formativa de la categor\u00eda U12, donde se &hellip;<\/p>\n","protected":false},"author":7,"featured_media":38503,"comment_status":"closed","ping_status":"closed","sticky":false,"template":"","format":"standard","meta":{"footnotes":""},"categories":[367,156],"tags":[],"_links":{"self":[{"href":"https:\/\/crc.org.ar\/w\/wp-json\/wp\/v2\/posts\/38499"}],"collection":[{"href":"https:\/\/crc.org.ar\/w\/wp-json\/wp\/v2\/posts"}],"about":[{"href":"https:\/\/crc.org.ar\/w\/wp-json\/wp\/v2\/types\/post"}],"author":[{"embeddable":true,"href":"https:\/\/crc.org.ar\/w\/wp-json\/wp\/v2\/users\/7"}],"replies":[{"embeddable":true,"href":"https:\/\/crc.org.ar\/w\/wp-json\/wp\/v2\/comments?post=38499"}],"version-history":[{"count":1,"href":"https:\/\/crc.org.ar\/w\/wp-json\/wp\/v2\/posts\/38499\/revisions"}],"predecessor-version":[{"id":38504,"href":"https:\/\/crc.org.ar\/w\/wp-json\/wp\/v2\/posts\/38499\/revisions\/38504"}],"wp:featuredmedia":[{"embeddable":true,"href":"https:\/\/crc.org.ar\/w\/wp-json\/wp\/v2\/media\/38503"}],"wp:attachment":[{"href":"https:\/\/crc.org.ar\/w\/wp-json\/wp\/v2\/media?parent=38499"}],"wp:term":[{"taxonomy":"category","embeddable":true,"href":"https:\/\/crc.org.ar\/w\/wp-json\/wp\/v2\/categories?post=38499"},{"taxonomy":"post_tag","embeddable":true,"href":"https:\/\/crc.org.ar\/w\/wp-json\/wp\/v2\/tags?post=38499"}],"curies":[{"name":"wp","href":"https:\/\/api.w.org\/{rel}","templated":true}]}}