{"id":38521,"date":"2024-09-23T11:33:37","date_gmt":"2024-09-23T14:33:37","guid":{"rendered":"https:\/\/crc.org.ar\/w\/?p=38521"},"modified":"2024-09-23T11:33:37","modified_gmt":"2024-09-23T14:33:37","slug":"regatas-se-despidio-de-la-liga-federal-u17","status":"publish","type":"post","link":"https:\/\/crc.org.ar\/w\/regatas-se-despidio-de-la-liga-federal-u17\/","title":{"rendered":"Regatas se despidi\u00f3 de la Liga Federal U17"},"content":{"rendered":"\n<p>(Lunes 23 de septiembre de 2024). El Remero se qued\u00f3 sin el boleto a la tercera fase por la diferencia de goles en un triple empate.<\/p>\n\n\n\n<!--more-->\n\n\n\n<figure class=\"wp-block-image alignwide size-large\"><img loading=\"lazy\" decoding=\"async\" width=\"2048\" height=\"2560\" src=\"https:\/\/crc.org.ar\/w\/wp-content\/uploads\/2024\/09\/Sanz-Pierlorenzi-4-2048x2560.jpeg\" alt=\"\" class=\"wp-image-38522\"\/><\/figure>\n\n\n\n<p>Durante el fin de semana se disput\u00f3 en todo el pa\u00eds la segunda etapa de la Liga Federal Formativa de la categor\u00eda U17 masculina. El cuadrangular de la Regi\u00f3n NEA tuvo como anfitri\u00f3n al Club de Regatas Corrientes, que no pudo conseguir los puntos necesarios y se qued\u00f3 si su boleto.<\/p>\n\n\n\n<p>Los equipos que compitieron en el Jos\u00e9 Jorge Contte en esta instancia buscando los dos pasajes a la tercera etapa fueron, adem\u00e1s del due\u00f1o de casa, Regatas Resistencia, Italiana de Charata y San Mart\u00edn.<\/p>\n\n\n\n<p>En una competencia de alto vuelo y de muy buenos partidos, finalmente fueron los dos equipos chaque\u00f1os los que consiguieron la clasificaci\u00f3n a la pr\u00f3xima fase representando a la regi\u00f3n. El Remero de Resistencia gan\u00f3 sus tres juegos, mientras que los de Charata pasaron por la diferencia de puntos en un triple empate.<\/p>\n\n\n\n<figure class=\"wp-block-gallery alignwide has-nested-images columns-default is-cropped wp-block-gallery-1 is-layout-flex wp-block-gallery-is-layout-flex\">\n<figure class=\"wp-block-image size-full\"><a href=\"https:\/\/crc.org.ar\/w\/wp-content\/uploads\/2024\/09\/Romero-scaled.jpeg\"><img loading=\"lazy\" decoding=\"async\" width=\"2048\" height=\"2560\" data-id=\"38523\" src=\"https:\/\/crc.org.ar\/w\/wp-content\/uploads\/2024\/09\/Romero-scaled.jpeg\" alt=\"\" class=\"wp-image-38523\" srcset=\"https:\/\/crc.org.ar\/w\/wp-content\/uploads\/2024\/09\/Romero-scaled.jpeg 2048w, https:\/\/crc.org.ar\/w\/wp-content\/uploads\/2024\/09\/Romero-240x300.jpeg 240w, https:\/\/crc.org.ar\/w\/wp-content\/uploads\/2024\/09\/Romero-768x960.jpeg 768w, https:\/\/crc.org.ar\/w\/wp-content\/uploads\/2024\/09\/Romero-1229x1536.jpeg 1229w, https:\/\/crc.org.ar\/w\/wp-content\/uploads\/2024\/09\/Romero-1638x2048.jpeg 1638w\" sizes=\"(max-width: 2048px) 100vw, 2048px\" \/><\/a><\/figure>\n\n\n\n<figure class=\"wp-block-image size-full\"><a href=\"https:\/\/crc.org.ar\/w\/wp-content\/uploads\/2024\/09\/Famoso-scaled.jpeg\"><img loading=\"lazy\" decoding=\"async\" width=\"2048\" height=\"2560\" data-id=\"38524\" src=\"https:\/\/crc.org.ar\/w\/wp-content\/uploads\/2024\/09\/Famoso-scaled.jpeg\" alt=\"\" class=\"wp-image-38524\" srcset=\"https:\/\/crc.org.ar\/w\/wp-content\/uploads\/2024\/09\/Famoso-scaled.jpeg 2048w, https:\/\/crc.org.ar\/w\/wp-content\/uploads\/2024\/09\/Famoso-240x300.jpeg 240w, https:\/\/crc.org.ar\/w\/wp-content\/uploads\/2024\/09\/Famoso-768x960.jpeg 768w, https:\/\/crc.org.ar\/w\/wp-content\/uploads\/2024\/09\/Famoso-1229x1536.jpeg 1229w, https:\/\/crc.org.ar\/w\/wp-content\/uploads\/2024\/09\/Famoso-1639x2048.jpeg 1639w\" sizes=\"(max-width: 2048px) 100vw, 2048px\" \/><\/a><\/figure>\n<\/figure>\n\n\n\n<p>El s\u00e1bado por la tarde en la primera fecha, los de Resistencia se quedaron con el duelo de chaque\u00f1os 89-79, mientras que el Rojinegro se qued\u00f3 con el cl\u00e1sico correntino 78-75. En la jornada matutina del domingo en el partido entre Regatas los de Chaco ganaron 65-64, mientras que Italiana venci\u00f3 72-57 a San Mart\u00edn.<\/p>\n\n\n\n<p>Finalmente, San Mart\u00edn cay\u00f3 con Regatas Resistencia 80-55, y el Fantasma le gan\u00f3 67-64 a Italiana, pero no le alcanz\u00f3, ya que deb\u00eda hacerlo por 10 puntos para quedarse con el pasaje.<\/p>\n\n\n\n<p>El equipo Remero estuvo conformado por <strong>Marcos Famoso, Mat\u00edas Figueroa, Alejandro Talavera, Luciano Gauto, Juan Cruz S\u00e1nchez, Mat\u00edas Sanz Pierlorenzi, Joaqu\u00edn Ram\u00edrez, Maximiliano Bottaro, Emiliano Sona Lucchelli, Axel Romero, M\u00e1ximo Aranda y Joaqu\u00edn Fern\u00e1ndez, <\/strong>quienes estuvieron comandados por <strong>Alejandro Silveira.<\/strong><\/p>\n\n\n\n<p>De este modo, Regatas se despidi\u00f3 de la competencia nacional en la segunda fase, mientras que en U15 lo hab\u00eda hecho en la tercera instancia. Por otro lado, a\u00fan sigue en carrera en U12, donde este pr\u00f3ximo fin de semana jugar\u00e1 la semifinal, y U13, certamen que espera por su primera fase.<\/p>\n","protected":false},"excerpt":{"rendered":"<p>(Lunes 23 de septiembre de 2024). El Remero se qued\u00f3 sin el boleto a la tercera fase por la diferencia de goles en un triple empate. Durante el fin de semana se disput\u00f3 en todo el pa\u00eds la segunda etapa de la Liga Federal Formativa de la categor\u00eda U17 masculina. El cuadrangular de la Regi\u00f3n &hellip;<\/p>\n","protected":false},"author":7,"featured_media":38522,"comment_status":"closed","ping_status":"closed","sticky":false,"template":"","format":"standard","meta":{"footnotes":""},"categories":[367,156],"tags":[],"_links":{"self":[{"href":"https:\/\/crc.org.ar\/w\/wp-json\/wp\/v2\/posts\/38521"}],"collection":[{"href":"https:\/\/crc.org.ar\/w\/wp-json\/wp\/v2\/posts"}],"about":[{"href":"https:\/\/crc.org.ar\/w\/wp-json\/wp\/v2\/types\/post"}],"author":[{"embeddable":true,"href":"https:\/\/crc.org.ar\/w\/wp-json\/wp\/v2\/users\/7"}],"replies":[{"embeddable":true,"href":"https:\/\/crc.org.ar\/w\/wp-json\/wp\/v2\/comments?post=38521"}],"version-history":[{"count":1,"href":"https:\/\/crc.org.ar\/w\/wp-json\/wp\/v2\/posts\/38521\/revisions"}],"predecessor-version":[{"id":38525,"href":"https:\/\/crc.org.ar\/w\/wp-json\/wp\/v2\/posts\/38521\/revisions\/38525"}],"wp:featuredmedia":[{"embeddable":true,"href":"https:\/\/crc.org.ar\/w\/wp-json\/wp\/v2\/media\/38522"}],"wp:attachment":[{"href":"https:\/\/crc.org.ar\/w\/wp-json\/wp\/v2\/media?parent=38521"}],"wp:term":[{"taxonomy":"category","embeddable":true,"href":"https:\/\/crc.org.ar\/w\/wp-json\/wp\/v2\/categories?post=38521"},{"taxonomy":"post_tag","embeddable":true,"href":"https:\/\/crc.org.ar\/w\/wp-json\/wp\/v2\/tags?post=38521"}],"curies":[{"name":"wp","href":"https:\/\/api.w.org\/{rel}","templated":true}]}}