{"id":38664,"date":"2024-10-14T10:22:25","date_gmt":"2024-10-14T13:22:25","guid":{"rendered":"https:\/\/crc.org.ar\/w\/?p=38664"},"modified":"2024-10-14T10:22:26","modified_gmt":"2024-10-14T13:22:26","slug":"regatas-en-lo-mas-alto-subcampeon-argentino-en-u12","status":"publish","type":"post","link":"https:\/\/crc.org.ar\/w\/regatas-en-lo-mas-alto-subcampeon-argentino-en-u12\/","title":{"rendered":"Regatas en lo m\u00e1s alto: subcampe\u00f3n argentino en U12"},"content":{"rendered":"\n<p>(Lunes 14 de octubre de 2024). El Remero logr\u00f3 una campa\u00f1a hist\u00f3rica y termin\u00f3 como subcampe\u00f3n de la LFF U12 en la categor\u00eda de mini mixto, cayendo en el mano a mano por el t\u00edtulo contra Regatas Uruguay.<\/p>\n\n\n\n<!--more-->\n\n\n\n<figure class=\"wp-block-image alignwide size-large\"><img loading=\"lazy\" decoding=\"async\" width=\"2048\" height=\"1365\" src=\"https:\/\/crc.org.ar\/w\/wp-content\/uploads\/2024\/10\/DSC_0816-2048x1365.jpg\" alt=\"\" class=\"wp-image-38665\" srcset=\"https:\/\/crc.org.ar\/w\/wp-content\/uploads\/2024\/10\/DSC_0816-2048x1365.jpg 2048w, https:\/\/crc.org.ar\/w\/wp-content\/uploads\/2024\/10\/DSC_0816-300x200.jpg 300w, https:\/\/crc.org.ar\/w\/wp-content\/uploads\/2024\/10\/DSC_0816-768x512.jpg 768w, https:\/\/crc.org.ar\/w\/wp-content\/uploads\/2024\/10\/DSC_0816-1536x1024.jpg 1536w\" sizes=\"(max-width: 2048px) 100vw, 2048px\" \/><\/figure>\n\n\n\n<p>El fin de semana en la ciudad de Concepci\u00f3n del Uruguay, Entre Rios, se llev\u00f3 a cabo el Final Four de la Liga Federal Formativa de la categor\u00eda U12. All\u00ed, el Club de Regatas Corrientes qued\u00f3 en lo m\u00e1s alto consagr\u00e1ndose subcampe\u00f3n.<\/p>\n\n\n\n<p>En la segunda temporada de esta novedosa categor\u00eda, la instituci\u00f3n correntina volvi\u00f3 a demostrar el impecable trabajo que viene realizando en la formaci\u00f3n de j\u00f3venes deportistas y termin\u00f3 como el segundo mejor a nivel pa\u00eds, mejorando as\u00ed su desempe\u00f1o luego de haber quedado entre los cinco mejores en el 2023.<\/p>\n\n\n\n<p>En el cuadrangular final, el Remero se enfrent\u00f3 a Bahiense del Norte y 9 de Julio, ambos de Bah\u00eda Blanca, y al anfitri\u00f3n, Regatas Uruguay. A los dos primeros rivales en las dos primeras fechas pudo ganarles: 95-90 a Bahiense y 96-89 a 9 de Julio. Los locales hicieron lo propio, 122-74 a 9 de Julio y 119-118 a Bahiense. Esto hizo que en la \u00faltima fecha los dos Regatas lleguen a un mano a mano por el t\u00edtulo, donde los correntinos cayeron 87-80.<\/p>\n\n\n\n<figure class=\"wp-block-gallery alignfull has-nested-images columns-default is-cropped wp-block-gallery-1 is-layout-flex wp-block-gallery-is-layout-flex\">\n<figure class=\"wp-block-image size-full\"><a href=\"https:\/\/crc.org.ar\/w\/wp-content\/uploads\/2024\/10\/DSC_0506-scaled.jpg\"><img loading=\"lazy\" decoding=\"async\" width=\"2560\" height=\"1707\" data-id=\"38667\" src=\"https:\/\/crc.org.ar\/w\/wp-content\/uploads\/2024\/10\/DSC_0506-scaled.jpg\" alt=\"\" class=\"wp-image-38667\" srcset=\"https:\/\/crc.org.ar\/w\/wp-content\/uploads\/2024\/10\/DSC_0506-scaled.jpg 2560w, https:\/\/crc.org.ar\/w\/wp-content\/uploads\/2024\/10\/DSC_0506-300x200.jpg 300w, https:\/\/crc.org.ar\/w\/wp-content\/uploads\/2024\/10\/DSC_0506-2048x1365.jpg 2048w, https:\/\/crc.org.ar\/w\/wp-content\/uploads\/2024\/10\/DSC_0506-768x512.jpg 768w, https:\/\/crc.org.ar\/w\/wp-content\/uploads\/2024\/10\/DSC_0506-1536x1024.jpg 1536w\" sizes=\"(max-width: 2560px) 100vw, 2560px\" \/><\/a><\/figure>\n\n\n\n<figure class=\"wp-block-image size-full\"><a href=\"https:\/\/crc.org.ar\/w\/wp-content\/uploads\/2024\/10\/DSC_0627-scaled.jpg\"><img loading=\"lazy\" decoding=\"async\" width=\"2560\" height=\"1707\" data-id=\"38666\" src=\"https:\/\/crc.org.ar\/w\/wp-content\/uploads\/2024\/10\/DSC_0627-scaled.jpg\" alt=\"\" class=\"wp-image-38666\" srcset=\"https:\/\/crc.org.ar\/w\/wp-content\/uploads\/2024\/10\/DSC_0627-scaled.jpg 2560w, https:\/\/crc.org.ar\/w\/wp-content\/uploads\/2024\/10\/DSC_0627-300x200.jpg 300w, https:\/\/crc.org.ar\/w\/wp-content\/uploads\/2024\/10\/DSC_0627-2048x1365.jpg 2048w, https:\/\/crc.org.ar\/w\/wp-content\/uploads\/2024\/10\/DSC_0627-768x512.jpg 768w, https:\/\/crc.org.ar\/w\/wp-content\/uploads\/2024\/10\/DSC_0627-1536x1024.jpg 1536w\" sizes=\"(max-width: 2560px) 100vw, 2560px\" \/><\/a><\/figure>\n<\/figure>\n\n\n\n<p>Regatas tuvo como principales figuras en el Final Four a <strong>Benjam\u00edn Figueroa <\/strong>con un promedio de 23 puntos por juego, acompa\u00f1ado por <strong>Tom\u00e1s Linares Disanti <\/strong>con 15 puntos por juego, <strong>Felipe Villanueva <\/strong>con 14,3 y <strong>Lautaro Guevara Franchina <\/strong>con 13,3.<\/p>\n\n\n\n<p>Adem\u00e1s de ellos, los flamantes subcampeones nacionales comandados por el entrenador <strong>Juan Cruz Alderete <\/strong>tuvieron una destacada labor de todo el equipo: <strong>Benicio Kawerin Grieco, Juan Cruz Sotelo Ben\u00edtez, Agust\u00edn Alonso, Melina Antoniol, Ian Lecca, Bautista Ledesma, Mateo Miranda Cabrera, Bautista Z\u00e1rate y Vicente Saure.<\/strong><\/p>\n\n\n\n<p>Cabe mencionar que este equipo de U12 perdi\u00f3 apenas dos encuentros en todo el a\u00f1o, y ambos frente al mismo rival. El primero hab\u00eda en el cuadrangular semifinal en San Francisco, donde fue derrota frente al Remero de Concepci\u00f3n del Uruguay 107-86, mientras que ahora en la definici\u00f3n por el campeonato volvi\u00f3 a caer.<\/p>\n\n\n\n<p>Con esto queda demostrado el buen trabajo en todas las l\u00edneas de la formaci\u00f3n de los j\u00f3venes en la instituci\u00f3n del parque Mitre, siendo que los planteles desde U12 hasta U17 que compitieron en la Liga Federal fueron protagonistas a nivel regional y nacional. Ahora, solamente resta la categor\u00eda U13, donde Regatas jugar\u00e1 la etapa 2 para definir los dos mejores de la Regi\u00f3n NEA.<\/p>\n","protected":false},"excerpt":{"rendered":"<p>(Lunes 14 de octubre de 2024). El Remero logr\u00f3 una campa\u00f1a hist\u00f3rica y termin\u00f3 como subcampe\u00f3n de la LFF U12 en la categor\u00eda de mini mixto, cayendo en el mano a mano por el t\u00edtulo contra Regatas Uruguay. El fin de semana en la ciudad de Concepci\u00f3n del Uruguay, Entre Rios, se llev\u00f3 a cabo &hellip;<\/p>\n","protected":false},"author":7,"featured_media":38665,"comment_status":"closed","ping_status":"closed","sticky":false,"template":"","format":"standard","meta":{"footnotes":""},"categories":[367,156],"tags":[],"_links":{"self":[{"href":"https:\/\/crc.org.ar\/w\/wp-json\/wp\/v2\/posts\/38664"}],"collection":[{"href":"https:\/\/crc.org.ar\/w\/wp-json\/wp\/v2\/posts"}],"about":[{"href":"https:\/\/crc.org.ar\/w\/wp-json\/wp\/v2\/types\/post"}],"author":[{"embeddable":true,"href":"https:\/\/crc.org.ar\/w\/wp-json\/wp\/v2\/users\/7"}],"replies":[{"embeddable":true,"href":"https:\/\/crc.org.ar\/w\/wp-json\/wp\/v2\/comments?post=38664"}],"version-history":[{"count":1,"href":"https:\/\/crc.org.ar\/w\/wp-json\/wp\/v2\/posts\/38664\/revisions"}],"predecessor-version":[{"id":38668,"href":"https:\/\/crc.org.ar\/w\/wp-json\/wp\/v2\/posts\/38664\/revisions\/38668"}],"wp:featuredmedia":[{"embeddable":true,"href":"https:\/\/crc.org.ar\/w\/wp-json\/wp\/v2\/media\/38665"}],"wp:attachment":[{"href":"https:\/\/crc.org.ar\/w\/wp-json\/wp\/v2\/media?parent=38664"}],"wp:term":[{"taxonomy":"category","embeddable":true,"href":"https:\/\/crc.org.ar\/w\/wp-json\/wp\/v2\/categories?post=38664"},{"taxonomy":"post_tag","embeddable":true,"href":"https:\/\/crc.org.ar\/w\/wp-json\/wp\/v2\/tags?post=38664"}],"curies":[{"name":"wp","href":"https:\/\/api.w.org\/{rel}","templated":true}]}}