{"id":38959,"date":"2024-11-19T10:47:08","date_gmt":"2024-11-19T13:47:08","guid":{"rendered":"https:\/\/crc.org.ar\/w\/?p=38959"},"modified":"2024-11-19T10:47:09","modified_gmt":"2024-11-19T13:47:09","slug":"regatas-esta-en-la-final-y-va-por-la-defensa-del-titulo-en-la-lff-u13","status":"publish","type":"post","link":"https:\/\/crc.org.ar\/w\/regatas-esta-en-la-final-y-va-por-la-defensa-del-titulo-en-la-lff-u13\/","title":{"rendered":"Regatas est\u00e1 en la final y va por la defensa del t\u00edtulo en la LFF U13"},"content":{"rendered":"\n<p>(Martes 19 de noviembre de 2024). Los pibes del Remero fueron anfitriones de lujo y ganaron sus tres juegos de la cuarta etapa para meterse nuevamente en la gran definici\u00f3n del torneo de la CAB.<\/p>\n\n\n\n<!--more-->\n\n\n\n<figure class=\"wp-block-image alignwide size-full\"><img loading=\"lazy\" decoding=\"async\" width=\"1600\" height=\"1279\" src=\"https:\/\/crc.org.ar\/w\/wp-content\/uploads\/2024\/11\/Regatas-U13-2.jpeg\" alt=\"\" class=\"wp-image-38960\" srcset=\"https:\/\/crc.org.ar\/w\/wp-content\/uploads\/2024\/11\/Regatas-U13-2.jpeg 1600w, https:\/\/crc.org.ar\/w\/wp-content\/uploads\/2024\/11\/Regatas-U13-2-300x240.jpeg 300w, https:\/\/crc.org.ar\/w\/wp-content\/uploads\/2024\/11\/Regatas-U13-2-768x614.jpeg 768w, https:\/\/crc.org.ar\/w\/wp-content\/uploads\/2024\/11\/Regatas-U13-2-1536x1228.jpeg 1536w\" sizes=\"(max-width: 1600px) 100vw, 1600px\" \/><\/figure>\n\n\n\n<p>Durante el pasado fin de semana se disput\u00f3 la cuarta etapa de la Liga Federal Formativa de la categor\u00eda U13, desarrollado en tres cuadrangulares en diferentes ciudades del pa\u00eds, donde uno de ellos tuvo como anfitri\u00f3n y protagonista al Club de Regatas Corrientes que se meti\u00f3 en la gran final.<\/p>\n\n\n\n<p>El Remero recibi\u00f3 el Cuadrangular F, donde llegaron a competir Los Indios de Jun\u00edn, Villa Mitre de Bah\u00eda Blanca y Uni\u00f3n Central de Villa Mar\u00eda. Los partidos arrancaron en la tarde del s\u00e1bado en cancha del Club Alvear, y luego el domingo por la ma\u00f1ana y por la tarde se jug\u00f3 en el Jos\u00e9 Jorge Contte.<\/p>\n\n\n\n<p>En la primera jornada Regatas le gan\u00f3 a Villa Mitre de Bah\u00eda Blanca 74-64, mientras que Uni\u00f3n Central se venci\u00f3 a Los Indios 103-95. En la segunda fecha, el Remero venci\u00f3 74-70 al equipo juninense, mientras que los de Villa Mar\u00eda derrotaron a los bahienses 90-70. De esta forma, en un electrizante mano a mano por el primer lugar, el Fantasma le gan\u00f3 en un partidazo a Uni\u00f3n Central 92-88. Por su parte, Los Indios le ganaron 96-79 a Villa Mitre.<\/p>\n\n\n<div class=\"wp-block-image\">\n<figure class=\"aligncenter size-full is-resized\"><img loading=\"lazy\" decoding=\"async\" width=\"1600\" height=\"1279\" src=\"https:\/\/crc.org.ar\/w\/wp-content\/uploads\/2024\/11\/Galvez.jpeg\" alt=\"\" class=\"wp-image-38961\" style=\"width:587px;height:auto\" srcset=\"https:\/\/crc.org.ar\/w\/wp-content\/uploads\/2024\/11\/Galvez.jpeg 1600w, https:\/\/crc.org.ar\/w\/wp-content\/uploads\/2024\/11\/Galvez-300x240.jpeg 300w, https:\/\/crc.org.ar\/w\/wp-content\/uploads\/2024\/11\/Galvez-768x614.jpeg 768w, https:\/\/crc.org.ar\/w\/wp-content\/uploads\/2024\/11\/Galvez-1536x1228.jpeg 1536w\" sizes=\"(max-width: 1600px) 100vw, 1600px\" \/><\/figure><\/div>\n\n\n<p>Con ese resultado Regatas accedi\u00f3 a la gran final, donde estar\u00e1 acompa\u00f1ado por Uni\u00f3n Central, que consigui\u00f3 el pasaje a la final como el mejor segundo de los tres cuadrangulares. Por su parte, Obras Sanitarias organiz\u00f3 y gan\u00f3 el Cuadrangular G con tres partidos ganados e Instituto de C\u00f3rdoba hizo lo propio en el Cuadrangular H jugado en Villa Carlos Paz.<\/p>\n\n\n\n<p>El Fantasma tuvo como destacados a <strong>Gaspar G\u00e1lvez <\/strong>con un promedio de 22 puntos por juego, acompa\u00f1ado por <strong>Mateo Oviedo Ricagno <\/strong>con 14,3 y <strong>Luciano P\u00e9rez <\/strong>13,3.<\/p>\n\n\n\n<p>La quinta y \u00faltima etapa, donde se disputar\u00e1 la gran final del certamen, se jugar\u00e1 entre el 30 de noviembre y el 1 de diciembre, con sede a licitar. All\u00ed, el Remero buscar\u00e1 defender el t\u00edtulo conseguido en 2023 en la misma categor\u00eda.<\/p>\n\n\n\n<figure class=\"wp-block-image size-full\"><img decoding=\"async\" src=\"https:\/\/crc.org.ar\/w\/wp-content\/uploads\/2024\/11\/Festejo-3.jpeg\" alt=\"\" class=\"wp-image-38962\"\/><\/figure>\n\n\n\n<p>El plantel regatense tuvo a <strong>Federico Escobar, Juan Cruz Concetti, Jer\u00f3nimo y Baltazar Medina Masara, Joaqu\u00edn Mantulak, Juan Cruz Hordt, Felipe Aquino Miranda, Benjam\u00edn Figueroa, Gaspar G\u00e1lvez, Juan Ignacio Mart\u00ednez, Esteban Flores Toledo, Lautaro Kommers Echenique, Bautista Rambaudi, Luciano P\u00e9rez y Mateo Oviedo Ricagno<\/strong>, quienes fueron conducidos por <strong>Juan Cruz Alderete<\/strong>.<\/p>\n","protected":false},"excerpt":{"rendered":"<p>(Martes 19 de noviembre de 2024). Los pibes del Remero fueron anfitriones de lujo y ganaron sus tres juegos de la cuarta etapa para meterse nuevamente en la gran definici\u00f3n del torneo de la CAB. Durante el pasado fin de semana se disput\u00f3 la cuarta etapa de la Liga Federal Formativa de la categor\u00eda U13, &hellip;<\/p>\n","protected":false},"author":7,"featured_media":38962,"comment_status":"closed","ping_status":"closed","sticky":false,"template":"","format":"standard","meta":{"footnotes":""},"categories":[367,156],"tags":[],"_links":{"self":[{"href":"https:\/\/crc.org.ar\/w\/wp-json\/wp\/v2\/posts\/38959"}],"collection":[{"href":"https:\/\/crc.org.ar\/w\/wp-json\/wp\/v2\/posts"}],"about":[{"href":"https:\/\/crc.org.ar\/w\/wp-json\/wp\/v2\/types\/post"}],"author":[{"embeddable":true,"href":"https:\/\/crc.org.ar\/w\/wp-json\/wp\/v2\/users\/7"}],"replies":[{"embeddable":true,"href":"https:\/\/crc.org.ar\/w\/wp-json\/wp\/v2\/comments?post=38959"}],"version-history":[{"count":1,"href":"https:\/\/crc.org.ar\/w\/wp-json\/wp\/v2\/posts\/38959\/revisions"}],"predecessor-version":[{"id":38963,"href":"https:\/\/crc.org.ar\/w\/wp-json\/wp\/v2\/posts\/38959\/revisions\/38963"}],"wp:featuredmedia":[{"embeddable":true,"href":"https:\/\/crc.org.ar\/w\/wp-json\/wp\/v2\/media\/38962"}],"wp:attachment":[{"href":"https:\/\/crc.org.ar\/w\/wp-json\/wp\/v2\/media?parent=38959"}],"wp:term":[{"taxonomy":"category","embeddable":true,"href":"https:\/\/crc.org.ar\/w\/wp-json\/wp\/v2\/categories?post=38959"},{"taxonomy":"post_tag","embeddable":true,"href":"https:\/\/crc.org.ar\/w\/wp-json\/wp\/v2\/tags?post=38959"}],"curies":[{"name":"wp","href":"https:\/\/api.w.org\/{rel}","templated":true}]}}