{"id":39020,"date":"2024-11-29T10:38:05","date_gmt":"2024-11-29T13:38:05","guid":{"rendered":"https:\/\/crc.org.ar\/w\/?p=39020"},"modified":"2024-11-29T10:38:05","modified_gmt":"2024-11-29T13:38:05","slug":"los-pibes-regatenses-van-en-busca-de-la-defensa-del-titulo-en-u13","status":"publish","type":"post","link":"https:\/\/crc.org.ar\/w\/los-pibes-regatenses-van-en-busca-de-la-defensa-del-titulo-en-u13\/","title":{"rendered":"Los pibes regatenses van en busca de la defensa del t\u00edtulo en U13"},"content":{"rendered":"\n<p>(Viernes 29 de noviembre de 2024). El Remero competir\u00e1 en el Final Four en Villa Mar\u00eda por el t\u00edtulo de la Liga Federal Formativa U13 durante el fin de semana.<\/p>\n\n\n\n<!--more-->\n\n\n\n<figure class=\"wp-block-image size-full\"><img decoding=\"async\" src=\"https:\/\/crc.org.ar\/w\/wp-content\/uploads\/2024\/11\/Galvez.jpg\" alt=\"\" class=\"wp-image-39021\"\/><\/figure>\n\n\n\n<p>Este fin de semana se jugar\u00e1 en Villa Mar\u00eda, C\u00f3rdoba, la quinta y \u00faltima etapa de la Liga Federal Formativa U13 de la Confederaci\u00f3n Argentina de B\u00e1squet (CAB), donde el Club de Regatas Corrientes estar\u00e1 compitiendo en busca de quedarse el t\u00edtulo como en 2023.<\/p>\n\n\n\n<p>La competencia se llevar\u00e1 adelante durante el 30 de noviembre y el primero de diciembre en formato cuadrangular donde jugar\u00e1n todos contra todos. El anfitri\u00f3n ser\u00e1 Uni\u00f3n Central, y tambi\u00e9n estar\u00e1n participando Obras sanitarias e Instituto de C\u00f3rdoba.<\/p>\n\n\n\n<p>Vale remarcar que el Remero lleg\u00f3 a dicha instancia tras ser campe\u00f3n provincial en el Pre-Federal de manera invicta. Luego, ya en la Liga Federal atraves\u00f3 cuatro instancias, las primeras dos de car\u00e1cter regional, y las otras dos ya interregional. Las dos primeras fases las super\u00f3 de manera invicta, ganando todos sus juegos, en la tercera cay\u00f3 en un duelo y pas\u00f3 segundo, mientras que en la cuarta etapa volvi\u00f3 a mostrarse superior ganando sus tres compromisos.<\/p>\n\n\n\n<p>El Fantasma debutar\u00e1 el s\u00e1bado desde las 20:15 contra el due\u00f1o de casa (en la cuarta fase le gan\u00f3 92-88), mientras que a primera hora jugar\u00e1n los de Capital contra los cordobeses. Luego, el domingo por la ma\u00f1ana se enfrentar\u00e1n los ganadores contra los perdedores, y por la tarde se definir\u00e1 todo con los cruces restantes. Todo el certamen se podr\u00e1 ver en vivo por Basquetpass.<\/p>\n\n\n\n<p>Recordemos que en el 2023 el Remero se adue\u00f1\u00f3 de la LFF en la categor\u00eda U13, por lo que es el vigente campe\u00f3n y buscar\u00e1 repetir el t\u00edtulo. Pero adem\u00e1s, la mayor\u00eda del plantel regatense particip\u00f3 en la final de la categor\u00eda U12 el a\u00f1o pasado, donde finaliz\u00f3 4\u00b0, por lo que ya tienen experiencia en fases decisivas.<\/p>\n\n\n\n<p>El conjunto estar\u00e1 partiendo a Villa Mar\u00eda el viernes por la noche, con una delegaci\u00f3n que estar\u00e1 acompa\u00f1ada por los padres, familiares que ir\u00e1n apoyar a los chicos en busca del t\u00edtulo.<\/p>\n\n\n\n<p>El plantel dirigido por <strong>Juan Cruz Alderete <\/strong>tiene en sus filas a <strong>Federico Escobar, Juan Cruz Concetti, Jer\u00f3nimo y Baltazar Medina Masara, Joaqu\u00edn Mantulak, Juan Cruz Hordt, Felipe Aquino Miranda, Benjam\u00edn Figueroa, Gaspar G\u00e1lvez, Juan Ignacio Mart\u00ednez, Esteban Flores Toledo, Lautaro Kommers Echenique, Bautista Rambaudi, Luciano P\u00e9rez y Mateo Oviedo Ricagno.<\/strong><\/p>\n","protected":false},"excerpt":{"rendered":"<p>(Viernes 29 de noviembre de 2024). El Remero competir\u00e1 en el Final Four en Villa Mar\u00eda por el t\u00edtulo de la Liga Federal Formativa U13 durante el fin de semana. Este fin de semana se jugar\u00e1 en Villa Mar\u00eda, C\u00f3rdoba, la quinta y \u00faltima etapa de la Liga Federal Formativa U13 de la Confederaci\u00f3n Argentina &hellip;<\/p>\n","protected":false},"author":6,"featured_media":39021,"comment_status":"closed","ping_status":"closed","sticky":false,"template":"","format":"standard","meta":{"footnotes":""},"categories":[367,156],"tags":[],"_links":{"self":[{"href":"https:\/\/crc.org.ar\/w\/wp-json\/wp\/v2\/posts\/39020"}],"collection":[{"href":"https:\/\/crc.org.ar\/w\/wp-json\/wp\/v2\/posts"}],"about":[{"href":"https:\/\/crc.org.ar\/w\/wp-json\/wp\/v2\/types\/post"}],"author":[{"embeddable":true,"href":"https:\/\/crc.org.ar\/w\/wp-json\/wp\/v2\/users\/6"}],"replies":[{"embeddable":true,"href":"https:\/\/crc.org.ar\/w\/wp-json\/wp\/v2\/comments?post=39020"}],"version-history":[{"count":1,"href":"https:\/\/crc.org.ar\/w\/wp-json\/wp\/v2\/posts\/39020\/revisions"}],"predecessor-version":[{"id":39022,"href":"https:\/\/crc.org.ar\/w\/wp-json\/wp\/v2\/posts\/39020\/revisions\/39022"}],"wp:featuredmedia":[{"embeddable":true,"href":"https:\/\/crc.org.ar\/w\/wp-json\/wp\/v2\/media\/39021"}],"wp:attachment":[{"href":"https:\/\/crc.org.ar\/w\/wp-json\/wp\/v2\/media?parent=39020"}],"wp:term":[{"taxonomy":"category","embeddable":true,"href":"https:\/\/crc.org.ar\/w\/wp-json\/wp\/v2\/categories?post=39020"},{"taxonomy":"post_tag","embeddable":true,"href":"https:\/\/crc.org.ar\/w\/wp-json\/wp\/v2\/tags?post=39020"}],"curies":[{"name":"wp","href":"https:\/\/api.w.org\/{rel}","templated":true}]}}