{"id":3914,"date":"2017-07-19T14:32:26","date_gmt":"2017-07-19T17:32:26","guid":{"rendered":"http:\/\/www.crc.org.ar\/w\/?p=3914"},"modified":"2017-07-19T14:32:26","modified_gmt":"2017-07-19T17:32:26","slug":"judocas-regatense-participaron-con-exito-de-la-copa-tokio-en-posadas","status":"publish","type":"post","link":"https:\/\/crc.org.ar\/w\/judocas-regatense-participaron-con-exito-de-la-copa-tokio-en-posadas\/","title":{"rendered":"Judocas regatense participaron con \u00e9xito de la Copa Tokio en Posadas"},"content":{"rendered":"<p>(Mi\u00e9rcoles 19 de julio de 2017). El equipo de Judo del Club de Regates Corrientes particip\u00f3 con marcado \u00e9xito de la Copa Tokio de Judo, que se llev\u00f3 a cabo en la ciudad de Posadas el \u00faltimo fin de semana, y tuvo car\u00e1cter internacional. <strong>Rodrigo Insaurralde, Luz Oviedo <\/strong>y<strong> Agustina Rodr\u00edguez Medina <\/strong>subieron a lo m\u00e1s alto del podio.<\/p>\n<p><!--more--><\/p>\n<p><a href=\"http:\/\/www.crc.org.ar\/w\/wp-content\/uploads\/2017\/07\/judo-podio.jpg\"><img loading=\"lazy\" decoding=\"async\" class=\"alignleft wp-image-3916 size-medium\" src=\"http:\/\/www.crc.org.ar\/w\/wp-content\/uploads\/2017\/07\/judo-podio-194x300.jpg\" alt=\"\" width=\"194\" height=\"300\" srcset=\"https:\/\/crc.org.ar\/w\/wp-content\/uploads\/2017\/07\/judo-podio-194x300.jpg 194w, https:\/\/crc.org.ar\/w\/wp-content\/uploads\/2017\/07\/judo-podio.jpg 591w\" sizes=\"(max-width: 194px) 100vw, 194px\" \/><\/a>El \u00faltimo fin de semana se llev\u00f3 a cabo la VI edici\u00f3n del torneo de judo \u201cCopa Tokio\u201d en homenaje al gran maestro <strong><em>Yoshihiro Matsumura<\/em><\/strong>, en el Concejo del Deporte de la ciudad de Posadas, Misiones.<\/p>\n<p>Del torneo participaron delegaciones de Brasil, Paraguay y Uruguay, que le dieron car\u00e1cter internacional a la competencia, adem\u00e1s de los locales, y el equipo del Club de Regatas Corrientes; bajo al conducci\u00f3n t\u00e9cnica de <strong>Cristian Torres Fr\u00edas.<\/strong><\/p>\n<p>Los judocas regatenses mejor clasificados fueron<strong> Rodrigo Insaurralde<\/strong> (Infantil \u201cB\u201d, -64 kilos), <strong>Luz Oviedo<\/strong> (Infantil\u00a0 \u201cB\u201d, -64 kilos), y <strong>Agustina Rodr\u00edguez Medina<\/strong> (Senior, -57 kilos), que se subieron a lo m\u00e1s alto del podio.<\/p>\n<p>En tanto que lograron quedarse con el subcampeonato y la medalla de plata los judocas <strong>Paula Soto<\/strong> (Cadete, -48 kilos) y <strong>Francisco Rabad\u00e1n<\/strong> (Senior, -66 kilos); en tanto <strong>Dar\u00edo Dalmao<\/strong> (Senior, -66 kilos) finaliz\u00f3 cuarto.<\/p>\n<p><a href=\"http:\/\/www.crc.org.ar\/w\/wp-content\/uploads\/2017\/07\/judo-en-posadas.jpg\"><img loading=\"lazy\" decoding=\"async\" class=\"alignright wp-image-3915 size-medium\" src=\"http:\/\/www.crc.org.ar\/w\/wp-content\/uploads\/2017\/07\/judo-en-posadas-300x186.jpg\" alt=\"\" width=\"300\" height=\"186\" srcset=\"https:\/\/crc.org.ar\/w\/wp-content\/uploads\/2017\/07\/judo-en-posadas-300x186.jpg 300w, https:\/\/crc.org.ar\/w\/wp-content\/uploads\/2017\/07\/judo-en-posadas-768x476.jpg 768w, https:\/\/crc.org.ar\/w\/wp-content\/uploads\/2017\/07\/judo-en-posadas.jpg 857w\" sizes=\"(max-width: 300px) 100vw, 300px\" \/><\/a>Por \u00faltimo lograron subir al podio, al alcanzar la medalla de bronce <strong>Juan Enrique Niz<\/strong> (Infantil \u201cB\u201d, -58 kilos), <strong>Nahuel Insaurralde<\/strong> (Cadete, -60 kilos), y <strong>Gast\u00f3n Gonz\u00e1lez<\/strong>\u00a0 (Senior, -73 kilos).<\/p>\n<p>De este manera el equipo regatense cierre de manera brillante su actuaci\u00f3n en Posadas, en la antesala de lo que ser\u00e1 el Campeonato Centro de la Rep\u00fablica, C\u00f3rdoba, que se estar\u00e1 llevando a cabo a fines del mes de julio.<\/p>\n","protected":false},"excerpt":{"rendered":"<p>(Mi\u00e9rcoles 19 de julio de 2017). El equipo de Judo del Club de Regates Corrientes particip\u00f3 con marcado \u00e9xito de la Copa Tokio de Judo, que se llev\u00f3 a cabo en la ciudad de Posadas el \u00faltimo fin de semana, y tuvo car\u00e1cter internacional. Rodrigo Insaurralde, Luz Oviedo y Agustina Rodr\u00edguez Medina subieron a lo &hellip;<\/p>\n","protected":false},"author":1,"featured_media":3916,"comment_status":"closed","ping_status":"open","sticky":false,"template":"","format":"standard","meta":{"footnotes":""},"categories":[17],"tags":[],"_links":{"self":[{"href":"https:\/\/crc.org.ar\/w\/wp-json\/wp\/v2\/posts\/3914"}],"collection":[{"href":"https:\/\/crc.org.ar\/w\/wp-json\/wp\/v2\/posts"}],"about":[{"href":"https:\/\/crc.org.ar\/w\/wp-json\/wp\/v2\/types\/post"}],"author":[{"embeddable":true,"href":"https:\/\/crc.org.ar\/w\/wp-json\/wp\/v2\/users\/1"}],"replies":[{"embeddable":true,"href":"https:\/\/crc.org.ar\/w\/wp-json\/wp\/v2\/comments?post=3914"}],"version-history":[{"count":1,"href":"https:\/\/crc.org.ar\/w\/wp-json\/wp\/v2\/posts\/3914\/revisions"}],"predecessor-version":[{"id":3917,"href":"https:\/\/crc.org.ar\/w\/wp-json\/wp\/v2\/posts\/3914\/revisions\/3917"}],"wp:featuredmedia":[{"embeddable":true,"href":"https:\/\/crc.org.ar\/w\/wp-json\/wp\/v2\/media\/3916"}],"wp:attachment":[{"href":"https:\/\/crc.org.ar\/w\/wp-json\/wp\/v2\/media?parent=3914"}],"wp:term":[{"taxonomy":"category","embeddable":true,"href":"https:\/\/crc.org.ar\/w\/wp-json\/wp\/v2\/categories?post=3914"},{"taxonomy":"post_tag","embeddable":true,"href":"https:\/\/crc.org.ar\/w\/wp-json\/wp\/v2\/tags?post=3914"}],"curies":[{"name":"wp","href":"https:\/\/api.w.org\/{rel}","templated":true}]}}