{"id":39181,"date":"2024-12-16T11:42:20","date_gmt":"2024-12-16T14:42:20","guid":{"rendered":"https:\/\/crc.org.ar\/w\/?p=39181"},"modified":"2024-12-16T11:42:20","modified_gmt":"2024-12-16T14:42:20","slug":"gran-actuacion-del-equipo-de-remo-en-el-campeonato-entrerriano","status":"publish","type":"post","link":"https:\/\/crc.org.ar\/w\/gran-actuacion-del-equipo-de-remo-en-el-campeonato-entrerriano\/","title":{"rendered":"Gran actuaci\u00f3n del equipo de remo en el Campeonato Entrerriano"},"content":{"rendered":"\n<p>(Lunes 16 de diciembre de 2024). El plantel regatense se present\u00f3 en el certamen disputado en Concordia donde obtuvo grandes resultados.<\/p>\n\n\n\n<!--more-->\n\n\n\n<figure class=\"wp-block-image alignwide size-large\"><img decoding=\"async\" src=\"https:\/\/crc.org.ar\/w\/wp-content\/uploads\/2024\/12\/WhatsApp-Image-2024-12-16-at-11.36.33-2048x1536.jpeg\" alt=\"\" class=\"wp-image-39182\"\/><\/figure>\n\n\n\n<p>El fin de semana en la ciudad de Concordia se llev\u00f3 a cabo la Regata Especial y la tercera fecha del Campeonato Entrerriano de Remo, donde estuvo participando el equipo del Club de Regatas Corrientes con grandes resultados.<\/p>\n\n\n\n<p>La competencia estuvo organizada por el Club Regatas Concordia y cont\u00f3 con la fiscalizaci\u00f3n de la Asociaci\u00f3n de Clubes de Remo de Entre R\u00edos, en donde compitieron diferentes clubes de la vecina provincia, m\u00e1s algunos que se sumaron desde toda la regi\u00f3n.<\/p>\n\n\n\n<p>La entidad del parque Mitre represent\u00f3 a la provincia de Corrientes con una delegaci\u00f3n compuesta de 11 remeros: <strong>Mar\u00eda Clara Acosta Contte, Ignacio Far\u00edas, Facundo L\u00f3pez Rivadeneira, Lorenzo L\u00f3pez Rivadeneira, Federico Z\u00e1rate, Bautista Ruidiaz, Luana Rodr\u00edguez, Lautaro Valenzuela, Bautista Verges, Gonzalo Zibelman <\/strong>y <strong>Juan Mat\u00edas Slootmans. <\/strong>Los deportistas fueron acompa\u00f1ados por los instructores <strong>Alejandro G\u00f3mez Enriquez <\/strong>e <strong>Irina Zibelman.<\/strong><\/p>\n\n\n\n<p>El equipo regatense acumul\u00f3 un total de 16 medallas en las distintas pruebas y categor\u00edas, distribuidas en 12 de oro, tres de plata y una de bronce, marcado as\u00ed un gran desempe\u00f1o en lo que fue el cierre del calendario de competencias.<\/p>\n\n\n\n<figure class=\"wp-block-gallery alignwide has-nested-images columns-5 is-cropped wp-block-gallery-1 is-layout-flex wp-block-gallery-is-layout-flex\">\n<figure class=\"wp-block-image size-full\"><a href=\"https:\/\/crc.org.ar\/w\/wp-content\/uploads\/2024\/12\/WhatsApp-Image-2024-12-16-at-11.36.32-1-scaled.jpeg\"><img loading=\"lazy\" decoding=\"async\" width=\"1920\" height=\"2560\" data-id=\"39191\" src=\"https:\/\/crc.org.ar\/w\/wp-content\/uploads\/2024\/12\/WhatsApp-Image-2024-12-16-at-11.36.32-1-scaled.jpeg\" alt=\"\" class=\"wp-image-39191\" srcset=\"https:\/\/crc.org.ar\/w\/wp-content\/uploads\/2024\/12\/WhatsApp-Image-2024-12-16-at-11.36.32-1-scaled.jpeg 1920w, https:\/\/crc.org.ar\/w\/wp-content\/uploads\/2024\/12\/WhatsApp-Image-2024-12-16-at-11.36.32-1-225x300.jpeg 225w, https:\/\/crc.org.ar\/w\/wp-content\/uploads\/2024\/12\/WhatsApp-Image-2024-12-16-at-11.36.32-1-2048x2731.jpeg 2048w, https:\/\/crc.org.ar\/w\/wp-content\/uploads\/2024\/12\/WhatsApp-Image-2024-12-16-at-11.36.32-1-768x1024.jpeg 768w, https:\/\/crc.org.ar\/w\/wp-content\/uploads\/2024\/12\/WhatsApp-Image-2024-12-16-at-11.36.32-1-1152x1536.jpeg 1152w, https:\/\/crc.org.ar\/w\/wp-content\/uploads\/2024\/12\/WhatsApp-Image-2024-12-16-at-11.36.32-1-1536x2048.jpeg 1536w\" sizes=\"(max-width: 1920px) 100vw, 1920px\" \/><\/a><\/figure>\n\n\n\n<figure class=\"wp-block-image size-full\"><a href=\"https:\/\/crc.org.ar\/w\/wp-content\/uploads\/2024\/12\/WhatsApp-Image-2024-12-16-at-11.36.32-scaled.jpeg\"><img loading=\"lazy\" decoding=\"async\" width=\"1920\" height=\"2560\" data-id=\"39185\" src=\"https:\/\/crc.org.ar\/w\/wp-content\/uploads\/2024\/12\/WhatsApp-Image-2024-12-16-at-11.36.32-scaled.jpeg\" alt=\"\" class=\"wp-image-39185\" srcset=\"https:\/\/crc.org.ar\/w\/wp-content\/uploads\/2024\/12\/WhatsApp-Image-2024-12-16-at-11.36.32-scaled.jpeg 1920w, https:\/\/crc.org.ar\/w\/wp-content\/uploads\/2024\/12\/WhatsApp-Image-2024-12-16-at-11.36.32-225x300.jpeg 225w, https:\/\/crc.org.ar\/w\/wp-content\/uploads\/2024\/12\/WhatsApp-Image-2024-12-16-at-11.36.32-2048x2731.jpeg 2048w, https:\/\/crc.org.ar\/w\/wp-content\/uploads\/2024\/12\/WhatsApp-Image-2024-12-16-at-11.36.32-768x1024.jpeg 768w, https:\/\/crc.org.ar\/w\/wp-content\/uploads\/2024\/12\/WhatsApp-Image-2024-12-16-at-11.36.32-1152x1536.jpeg 1152w, https:\/\/crc.org.ar\/w\/wp-content\/uploads\/2024\/12\/WhatsApp-Image-2024-12-16-at-11.36.32-1536x2048.jpeg 1536w\" sizes=\"(max-width: 1920px) 100vw, 1920px\" \/><\/a><\/figure>\n\n\n\n<figure class=\"wp-block-image size-full\"><a href=\"https:\/\/crc.org.ar\/w\/wp-content\/uploads\/2024\/12\/WhatsApp-Image-2024-12-16-at-11.36.33-1-scaled.jpeg\"><img loading=\"lazy\" decoding=\"async\" width=\"2560\" height=\"1440\" data-id=\"39184\" src=\"https:\/\/crc.org.ar\/w\/wp-content\/uploads\/2024\/12\/WhatsApp-Image-2024-12-16-at-11.36.33-1-scaled.jpeg\" alt=\"\" class=\"wp-image-39184\" srcset=\"https:\/\/crc.org.ar\/w\/wp-content\/uploads\/2024\/12\/WhatsApp-Image-2024-12-16-at-11.36.33-1-scaled.jpeg 2560w, https:\/\/crc.org.ar\/w\/wp-content\/uploads\/2024\/12\/WhatsApp-Image-2024-12-16-at-11.36.33-1-300x169.jpeg 300w, https:\/\/crc.org.ar\/w\/wp-content\/uploads\/2024\/12\/WhatsApp-Image-2024-12-16-at-11.36.33-1-2048x1152.jpeg 2048w, https:\/\/crc.org.ar\/w\/wp-content\/uploads\/2024\/12\/WhatsApp-Image-2024-12-16-at-11.36.33-1-768x432.jpeg 768w, https:\/\/crc.org.ar\/w\/wp-content\/uploads\/2024\/12\/WhatsApp-Image-2024-12-16-at-11.36.33-1-1536x864.jpeg 1536w, https:\/\/crc.org.ar\/w\/wp-content\/uploads\/2024\/12\/WhatsApp-Image-2024-12-16-at-11.36.33-1-390x220.jpeg 390w\" sizes=\"(max-width: 2560px) 100vw, 2560px\" \/><\/a><\/figure>\n\n\n\n<figure class=\"wp-block-image size-full\"><a href=\"https:\/\/crc.org.ar\/w\/wp-content\/uploads\/2024\/12\/WhatsApp-Image-2024-12-16-at-11.36.34-1-scaled.jpeg\"><img loading=\"lazy\" decoding=\"async\" width=\"2560\" height=\"1440\" data-id=\"39183\" src=\"https:\/\/crc.org.ar\/w\/wp-content\/uploads\/2024\/12\/WhatsApp-Image-2024-12-16-at-11.36.34-1-scaled.jpeg\" alt=\"\" class=\"wp-image-39183\" srcset=\"https:\/\/crc.org.ar\/w\/wp-content\/uploads\/2024\/12\/WhatsApp-Image-2024-12-16-at-11.36.34-1-scaled.jpeg 2560w, https:\/\/crc.org.ar\/w\/wp-content\/uploads\/2024\/12\/WhatsApp-Image-2024-12-16-at-11.36.34-1-300x169.jpeg 300w, https:\/\/crc.org.ar\/w\/wp-content\/uploads\/2024\/12\/WhatsApp-Image-2024-12-16-at-11.36.34-1-2048x1152.jpeg 2048w, https:\/\/crc.org.ar\/w\/wp-content\/uploads\/2024\/12\/WhatsApp-Image-2024-12-16-at-11.36.34-1-768x432.jpeg 768w, https:\/\/crc.org.ar\/w\/wp-content\/uploads\/2024\/12\/WhatsApp-Image-2024-12-16-at-11.36.34-1-1536x864.jpeg 1536w, https:\/\/crc.org.ar\/w\/wp-content\/uploads\/2024\/12\/WhatsApp-Image-2024-12-16-at-11.36.34-1-390x220.jpeg 390w\" sizes=\"(max-width: 2560px) 100vw, 2560px\" \/><\/a><\/figure>\n\n\n\n<figure class=\"wp-block-image size-full\"><a href=\"https:\/\/crc.org.ar\/w\/wp-content\/uploads\/2024\/12\/WhatsApp-Image-2024-12-16-at-11.36.34-2-scaled.jpeg\"><img loading=\"lazy\" decoding=\"async\" width=\"1920\" height=\"2560\" data-id=\"39189\" src=\"https:\/\/crc.org.ar\/w\/wp-content\/uploads\/2024\/12\/WhatsApp-Image-2024-12-16-at-11.36.34-2-scaled.jpeg\" alt=\"\" class=\"wp-image-39189\" srcset=\"https:\/\/crc.org.ar\/w\/wp-content\/uploads\/2024\/12\/WhatsApp-Image-2024-12-16-at-11.36.34-2-scaled.jpeg 1920w, https:\/\/crc.org.ar\/w\/wp-content\/uploads\/2024\/12\/WhatsApp-Image-2024-12-16-at-11.36.34-2-225x300.jpeg 225w, https:\/\/crc.org.ar\/w\/wp-content\/uploads\/2024\/12\/WhatsApp-Image-2024-12-16-at-11.36.34-2-2048x2731.jpeg 2048w, https:\/\/crc.org.ar\/w\/wp-content\/uploads\/2024\/12\/WhatsApp-Image-2024-12-16-at-11.36.34-2-768x1024.jpeg 768w, https:\/\/crc.org.ar\/w\/wp-content\/uploads\/2024\/12\/WhatsApp-Image-2024-12-16-at-11.36.34-2-1152x1536.jpeg 1152w, https:\/\/crc.org.ar\/w\/wp-content\/uploads\/2024\/12\/WhatsApp-Image-2024-12-16-at-11.36.34-2-1536x2048.jpeg 1536w\" sizes=\"(max-width: 1920px) 100vw, 1920px\" \/><\/a><\/figure>\n\n\n\n<figure class=\"wp-block-image size-full\"><a href=\"https:\/\/crc.org.ar\/w\/wp-content\/uploads\/2024\/12\/WhatsApp-Image-2024-12-16-at-11.36.34-3-scaled.jpeg\"><img loading=\"lazy\" decoding=\"async\" width=\"1920\" height=\"2560\" data-id=\"39187\" src=\"https:\/\/crc.org.ar\/w\/wp-content\/uploads\/2024\/12\/WhatsApp-Image-2024-12-16-at-11.36.34-3-scaled.jpeg\" alt=\"\" class=\"wp-image-39187\" srcset=\"https:\/\/crc.org.ar\/w\/wp-content\/uploads\/2024\/12\/WhatsApp-Image-2024-12-16-at-11.36.34-3-scaled.jpeg 1920w, https:\/\/crc.org.ar\/w\/wp-content\/uploads\/2024\/12\/WhatsApp-Image-2024-12-16-at-11.36.34-3-225x300.jpeg 225w, https:\/\/crc.org.ar\/w\/wp-content\/uploads\/2024\/12\/WhatsApp-Image-2024-12-16-at-11.36.34-3-2048x2731.jpeg 2048w, https:\/\/crc.org.ar\/w\/wp-content\/uploads\/2024\/12\/WhatsApp-Image-2024-12-16-at-11.36.34-3-768x1024.jpeg 768w, https:\/\/crc.org.ar\/w\/wp-content\/uploads\/2024\/12\/WhatsApp-Image-2024-12-16-at-11.36.34-3-1152x1536.jpeg 1152w, https:\/\/crc.org.ar\/w\/wp-content\/uploads\/2024\/12\/WhatsApp-Image-2024-12-16-at-11.36.34-3-1536x2048.jpeg 1536w\" sizes=\"(max-width: 1920px) 100vw, 1920px\" \/><\/a><\/figure>\n\n\n\n<figure class=\"wp-block-image size-full\"><a href=\"https:\/\/crc.org.ar\/w\/wp-content\/uploads\/2024\/12\/WhatsApp-Image-2024-12-16-at-11.36.35-1-scaled.jpeg\"><img loading=\"lazy\" decoding=\"async\" width=\"1920\" height=\"2560\" data-id=\"39186\" src=\"https:\/\/crc.org.ar\/w\/wp-content\/uploads\/2024\/12\/WhatsApp-Image-2024-12-16-at-11.36.35-1-scaled.jpeg\" alt=\"\" class=\"wp-image-39186\" srcset=\"https:\/\/crc.org.ar\/w\/wp-content\/uploads\/2024\/12\/WhatsApp-Image-2024-12-16-at-11.36.35-1-scaled.jpeg 1920w, https:\/\/crc.org.ar\/w\/wp-content\/uploads\/2024\/12\/WhatsApp-Image-2024-12-16-at-11.36.35-1-225x300.jpeg 225w, https:\/\/crc.org.ar\/w\/wp-content\/uploads\/2024\/12\/WhatsApp-Image-2024-12-16-at-11.36.35-1-2048x2731.jpeg 2048w, https:\/\/crc.org.ar\/w\/wp-content\/uploads\/2024\/12\/WhatsApp-Image-2024-12-16-at-11.36.35-1-768x1024.jpeg 768w, https:\/\/crc.org.ar\/w\/wp-content\/uploads\/2024\/12\/WhatsApp-Image-2024-12-16-at-11.36.35-1-1152x1536.jpeg 1152w, https:\/\/crc.org.ar\/w\/wp-content\/uploads\/2024\/12\/WhatsApp-Image-2024-12-16-at-11.36.35-1-1536x2048.jpeg 1536w\" sizes=\"(max-width: 1920px) 100vw, 1920px\" \/><\/a><\/figure>\n\n\n\n<figure class=\"wp-block-image size-full\"><a href=\"https:\/\/crc.org.ar\/w\/wp-content\/uploads\/2024\/12\/WhatsApp-Image-2024-12-16-at-11.36.35-2-scaled.jpeg\"><img loading=\"lazy\" decoding=\"async\" width=\"1920\" height=\"2560\" data-id=\"39190\" src=\"https:\/\/crc.org.ar\/w\/wp-content\/uploads\/2024\/12\/WhatsApp-Image-2024-12-16-at-11.36.35-2-scaled.jpeg\" alt=\"\" class=\"wp-image-39190\" srcset=\"https:\/\/crc.org.ar\/w\/wp-content\/uploads\/2024\/12\/WhatsApp-Image-2024-12-16-at-11.36.35-2-scaled.jpeg 1920w, https:\/\/crc.org.ar\/w\/wp-content\/uploads\/2024\/12\/WhatsApp-Image-2024-12-16-at-11.36.35-2-225x300.jpeg 225w, https:\/\/crc.org.ar\/w\/wp-content\/uploads\/2024\/12\/WhatsApp-Image-2024-12-16-at-11.36.35-2-2048x2731.jpeg 2048w, https:\/\/crc.org.ar\/w\/wp-content\/uploads\/2024\/12\/WhatsApp-Image-2024-12-16-at-11.36.35-2-768x1024.jpeg 768w, https:\/\/crc.org.ar\/w\/wp-content\/uploads\/2024\/12\/WhatsApp-Image-2024-12-16-at-11.36.35-2-1152x1536.jpeg 1152w, https:\/\/crc.org.ar\/w\/wp-content\/uploads\/2024\/12\/WhatsApp-Image-2024-12-16-at-11.36.35-2-1536x2048.jpeg 1536w\" sizes=\"(max-width: 1920px) 100vw, 1920px\" \/><\/a><\/figure>\n\n\n\n<figure class=\"wp-block-image size-full\"><a href=\"https:\/\/crc.org.ar\/w\/wp-content\/uploads\/2024\/12\/WhatsApp-Image-2024-12-16-at-11.36.35-scaled.jpeg\"><img loading=\"lazy\" decoding=\"async\" width=\"1920\" height=\"2560\" data-id=\"39188\" src=\"https:\/\/crc.org.ar\/w\/wp-content\/uploads\/2024\/12\/WhatsApp-Image-2024-12-16-at-11.36.35-scaled.jpeg\" alt=\"\" class=\"wp-image-39188\" srcset=\"https:\/\/crc.org.ar\/w\/wp-content\/uploads\/2024\/12\/WhatsApp-Image-2024-12-16-at-11.36.35-scaled.jpeg 1920w, https:\/\/crc.org.ar\/w\/wp-content\/uploads\/2024\/12\/WhatsApp-Image-2024-12-16-at-11.36.35-225x300.jpeg 225w, https:\/\/crc.org.ar\/w\/wp-content\/uploads\/2024\/12\/WhatsApp-Image-2024-12-16-at-11.36.35-2048x2731.jpeg 2048w, https:\/\/crc.org.ar\/w\/wp-content\/uploads\/2024\/12\/WhatsApp-Image-2024-12-16-at-11.36.35-768x1024.jpeg 768w, https:\/\/crc.org.ar\/w\/wp-content\/uploads\/2024\/12\/WhatsApp-Image-2024-12-16-at-11.36.35-1152x1536.jpeg 1152w, https:\/\/crc.org.ar\/w\/wp-content\/uploads\/2024\/12\/WhatsApp-Image-2024-12-16-at-11.36.35-1536x2048.jpeg 1536w\" sizes=\"(max-width: 1920px) 100vw, 1920px\" \/><\/a><\/figure>\n<\/figure>\n\n\n\n<h2 class=\"wp-block-heading has-text-align-center\"><strong>Todos los resultados<\/strong><\/h2>\n\n\n\n<p>1x Apolo Masculino Sub 16 \u2013 2\u00b0 Ignacio Far\u00edas<\/p>\n\n\n\n<p>1x Apolo Femenino Femenino Sub 16 \u2013 1\u00b0 Mar\u00eda Clara Acosta Contte<\/p>\n\n\n\n<p>2x C\/T Par Doble Masculino Sub 12 \u2013 1\u00b0 Lorenzo Lopez Rivanedeira Falzetti y Federico Mendez Zarate<\/p>\n\n\n\n<p>3\u00b0 Bautista Verges (CRC) y Tadeo Albornoz (Gualeyguaych\u00fa)<\/p>\n\n\n\n<p>1x Shell Masculino Menor \u2013 1\u00b0 Lautaro Valenzuela<\/p>\n\n\n\n<p>2x C\/T Par Doble Femenino Sub 16 \u2013 2\u00b0 Mar\u00eda Clara Acosta Contte y Luana Rodriguez<\/p>\n\n\n\n<p>2x C\/T Par Doble Masculino Sub 18 \u2013 1\u00b0Ignacio Far\u00edas y Bautista Ruiz D\u00edas<\/p>\n\n\n\n<p>1x Apolo Masculino Sub 14 (serie 1) \u2013 1\u00b0 Gonzalo Zibelman<\/p>\n\n\n\n<p>1x Apolo Masculino Sub 14 (serie 2) \u2013 1\u00b0 Bautista Verges<\/p>\n\n\n\n<p>1x Apolo Masculino Sub 12 (serie 1) \u2013 1\u00b0 Lorenzo Lopez Rivanedeira<\/p>\n\n\n\n<p>1x Apolo Masculino Sub 12 (serie 2) \u2013 1\u00b0 Federico Mendez Zarate<\/p>\n\n\n\n<p>1x Apolo Femenino Sub 14 \u2013 2\u00b0 Luana Rodriguez<\/p>\n\n\n\n<p>1x Apolo Masculino Sub 18 \u2013 1\u00b0 Bautista Ruidiaz<\/p>\n\n\n\n<p>1x Apolo Femenino Sub 18 \u2013 1\u00b0 Clara Acosta Contte<\/p>\n\n\n\n<p>2x C\/T Par Doble Mixto Libre \u2013 1\u00b0 Alejandro Gomez Enriquez e Irina Zibelman<\/p>\n\n\n\n<p>2x C\/T Par Doble Masculino Sub 14 \u2013 4\u00b0 Lorenzo Lopez Rivanedeira Falzetti y Gonzalo Zibelman<\/p>\n\n\n\n<p>1 Shell Masculino Junior \u2013 1\u00b0 Lautaro Valenzuela<\/p>\n","protected":false},"excerpt":{"rendered":"<p>(Lunes 16 de diciembre de 2024). El plantel regatense se present\u00f3 en el certamen disputado en Concordia donde obtuvo grandes resultados. El fin de semana en la ciudad de Concordia se llev\u00f3 a cabo la Regata Especial y la tercera fecha del Campeonato Entrerriano de Remo, donde estuvo participando el equipo del Club de Regatas &hellip;<\/p>\n","protected":false},"author":7,"featured_media":39182,"comment_status":"closed","ping_status":"closed","sticky":false,"template":"","format":"standard","meta":{"footnotes":""},"categories":[156,18],"tags":[],"_links":{"self":[{"href":"https:\/\/crc.org.ar\/w\/wp-json\/wp\/v2\/posts\/39181"}],"collection":[{"href":"https:\/\/crc.org.ar\/w\/wp-json\/wp\/v2\/posts"}],"about":[{"href":"https:\/\/crc.org.ar\/w\/wp-json\/wp\/v2\/types\/post"}],"author":[{"embeddable":true,"href":"https:\/\/crc.org.ar\/w\/wp-json\/wp\/v2\/users\/7"}],"replies":[{"embeddable":true,"href":"https:\/\/crc.org.ar\/w\/wp-json\/wp\/v2\/comments?post=39181"}],"version-history":[{"count":1,"href":"https:\/\/crc.org.ar\/w\/wp-json\/wp\/v2\/posts\/39181\/revisions"}],"predecessor-version":[{"id":39192,"href":"https:\/\/crc.org.ar\/w\/wp-json\/wp\/v2\/posts\/39181\/revisions\/39192"}],"wp:featuredmedia":[{"embeddable":true,"href":"https:\/\/crc.org.ar\/w\/wp-json\/wp\/v2\/media\/39182"}],"wp:attachment":[{"href":"https:\/\/crc.org.ar\/w\/wp-json\/wp\/v2\/media?parent=39181"}],"wp:term":[{"taxonomy":"category","embeddable":true,"href":"https:\/\/crc.org.ar\/w\/wp-json\/wp\/v2\/categories?post=39181"},{"taxonomy":"post_tag","embeddable":true,"href":"https:\/\/crc.org.ar\/w\/wp-json\/wp\/v2\/tags?post=39181"}],"curies":[{"name":"wp","href":"https:\/\/api.w.org\/{rel}","templated":true}]}}