{"id":39205,"date":"2024-12-17T11:44:43","date_gmt":"2024-12-17T14:44:43","guid":{"rendered":"https:\/\/crc.org.ar\/w\/?p=39205"},"modified":"2024-12-17T11:44:43","modified_gmt":"2024-12-17T14:44:43","slug":"ignacio-lafuente-tuvo-una-tremenda-actuacion-en-el-nacional","status":"publish","type":"post","link":"https:\/\/crc.org.ar\/w\/ignacio-lafuente-tuvo-una-tremenda-actuacion-en-el-nacional\/","title":{"rendered":"Ignacio Lafuente tuvo una tremenda actuaci\u00f3n en el Nacional"},"content":{"rendered":"\n<p>(Martes 17 de diciembre de 2024). El nadador regatense fue campe\u00f3n argentino en los 100 pecho, y adem\u00e1s sum\u00f3 otras dos medallas. <strong>Renata Zabala Valdovino <\/strong>tambi\u00e9n sum\u00f3 una medalla de bronce.<\/p>\n\n\n\n<!--more-->\n\n\n\n<figure class=\"wp-block-image alignwide size-full\"><img loading=\"lazy\" decoding=\"async\" width=\"771\" height=\"1029\" src=\"https:\/\/crc.org.ar\/w\/wp-content\/uploads\/2024\/12\/WhatsApp-Image-2024-12-17-at-11.18.05-edited.jpeg\" alt=\"\" class=\"wp-image-39207\" srcset=\"https:\/\/crc.org.ar\/w\/wp-content\/uploads\/2024\/12\/WhatsApp-Image-2024-12-17-at-11.18.05-edited.jpeg 771w, https:\/\/crc.org.ar\/w\/wp-content\/uploads\/2024\/12\/WhatsApp-Image-2024-12-17-at-11.18.05-edited-225x300.jpeg 225w, https:\/\/crc.org.ar\/w\/wp-content\/uploads\/2024\/12\/WhatsApp-Image-2024-12-17-at-11.18.05-edited-768x1025.jpeg 768w\" sizes=\"(max-width: 771px) 100vw, 771px\" \/><\/figure>\n\n\n\n<p>El pasado fin de semana en la pileta del Parque Ol\u00edmpico de Buenos Aires se llev\u00f3 a cabo el Campeonato Nacional de la Rep\u00fablica de Infantiles y Menores, donde particip\u00f3 el equipo del Club de Regatas Corrientes.<\/p>\n\n\n\n<p>La actuaci\u00f3n m\u00e1s destacada y sobresaliente lleg\u00f3 de la mano de <strong>Ignacio Lafuente, <\/strong>quien se colg\u00f3 tres medallas, una de cada color. Adem\u00e1s, <strong>Renata Zabala Valdovino <\/strong>consigui\u00f3 un tercer puesto. Y en lo personal sumaron grandes actuaciones <strong>Sof\u00eda Fages, Julieta Trossero, Martina Niquen <\/strong>y <strong>Araceli Camnasio<\/strong>, quienes estuvieron acompa\u00f1ados por la entrenadora <strong>Soledad Schultheins.<\/strong><\/p>\n\n\n\n<p><strong>Lafuente <\/strong>se consagr\u00f3 campe\u00f3n argentino en los 100 pecho, mientras que se alz\u00f3 como subcampe\u00f3n en los 50 pecho y con termin\u00f3 tercero en los 200 combinados. Adem\u00e1s, qued\u00f3 muy cerca del podio en los 50 espalda, donde termin\u00f3 cuarto.<\/p>\n\n\n\n<p>Por otro lado, <strong>Zabala Valdovino <\/strong>se subi\u00f3 al podio en el tercer lugar en los 50 mariposa. <strong>Sof\u00eda Fages <\/strong>mostr\u00f3 un buen rendimiento quedando cerca de colgarse una medalla. Termin\u00f3 cuarta en los 100 espalda y quinta en los 200 espalda.<\/p>\n\n\n\n<figure class=\"wp-block-gallery alignwide has-nested-images columns-default is-cropped wp-block-gallery-1 is-layout-flex wp-block-gallery-is-layout-flex\">\n<figure class=\"wp-block-image size-large\"><img loading=\"lazy\" decoding=\"async\" width=\"899\" height=\"1599\" data-id=\"39208\" src=\"https:\/\/crc.org.ar\/w\/wp-content\/uploads\/2024\/12\/WhatsApp-Image-2024-12-17-at-11.18.11.jpeg\" alt=\"\" class=\"wp-image-39208\" srcset=\"https:\/\/crc.org.ar\/w\/wp-content\/uploads\/2024\/12\/WhatsApp-Image-2024-12-17-at-11.18.11.jpeg 899w, https:\/\/crc.org.ar\/w\/wp-content\/uploads\/2024\/12\/WhatsApp-Image-2024-12-17-at-11.18.11-169x300.jpeg 169w, https:\/\/crc.org.ar\/w\/wp-content\/uploads\/2024\/12\/WhatsApp-Image-2024-12-17-at-11.18.11-768x1366.jpeg 768w, https:\/\/crc.org.ar\/w\/wp-content\/uploads\/2024\/12\/WhatsApp-Image-2024-12-17-at-11.18.11-864x1536.jpeg 864w\" sizes=\"(max-width: 899px) 100vw, 899px\" \/><\/figure>\n\n\n\n<figure class=\"wp-block-image size-large\"><img loading=\"lazy\" decoding=\"async\" width=\"1200\" height=\"1600\" data-id=\"39209\" src=\"https:\/\/crc.org.ar\/w\/wp-content\/uploads\/2024\/12\/WhatsApp-Image-2024-12-17-at-11.18.04.jpeg\" alt=\"\" class=\"wp-image-39209\" srcset=\"https:\/\/crc.org.ar\/w\/wp-content\/uploads\/2024\/12\/WhatsApp-Image-2024-12-17-at-11.18.04.jpeg 1200w, https:\/\/crc.org.ar\/w\/wp-content\/uploads\/2024\/12\/WhatsApp-Image-2024-12-17-at-11.18.04-225x300.jpeg 225w, https:\/\/crc.org.ar\/w\/wp-content\/uploads\/2024\/12\/WhatsApp-Image-2024-12-17-at-11.18.04-768x1024.jpeg 768w, https:\/\/crc.org.ar\/w\/wp-content\/uploads\/2024\/12\/WhatsApp-Image-2024-12-17-at-11.18.04-1152x1536.jpeg 1152w\" sizes=\"(max-width: 1200px) 100vw, 1200px\" \/><\/figure>\n\n\n\n<figure class=\"wp-block-image size-large\"><img loading=\"lazy\" decoding=\"async\" width=\"1600\" height=\"1200\" data-id=\"39210\" src=\"https:\/\/crc.org.ar\/w\/wp-content\/uploads\/2024\/12\/WhatsApp-Image-2024-12-17-at-11.16.48.jpeg\" alt=\"\" class=\"wp-image-39210\" srcset=\"https:\/\/crc.org.ar\/w\/wp-content\/uploads\/2024\/12\/WhatsApp-Image-2024-12-17-at-11.16.48.jpeg 1600w, https:\/\/crc.org.ar\/w\/wp-content\/uploads\/2024\/12\/WhatsApp-Image-2024-12-17-at-11.16.48-300x225.jpeg 300w, https:\/\/crc.org.ar\/w\/wp-content\/uploads\/2024\/12\/WhatsApp-Image-2024-12-17-at-11.16.48-768x576.jpeg 768w, https:\/\/crc.org.ar\/w\/wp-content\/uploads\/2024\/12\/WhatsApp-Image-2024-12-17-at-11.16.48-1536x1152.jpeg 1536w\" sizes=\"(max-width: 1600px) 100vw, 1600px\" \/><\/figure>\n<\/figure>\n\n\n\n<p><strong>Julieta Trossero <\/strong>tuvo una buena participaci\u00f3n sumando experiencia importante y mejorando marcas. Adem\u00e1s, <strong>Niquen <\/strong>y <strong>Camnasio <\/strong>tuvieron su debut en un certamen nacional con unvalioso roce que le servir\u00e1 para seguir mejorando y creciendo.<\/p>\n","protected":false},"excerpt":{"rendered":"<p>(Martes 17 de diciembre de 2024). El nadador regatense fue campe\u00f3n argentino en los 100 pecho, y adem\u00e1s sum\u00f3 otras dos medallas. Renata Zabala Valdovino tambi\u00e9n sum\u00f3 una medalla de bronce. El pasado fin de semana en la pileta del Parque Ol\u00edmpico de Buenos Aires se llev\u00f3 a cabo el Campeonato Nacional de la Rep\u00fablica &hellip;<\/p>\n","protected":false},"author":7,"featured_media":39206,"comment_status":"closed","ping_status":"closed","sticky":false,"template":"","format":"standard","meta":{"footnotes":""},"categories":[69,156],"tags":[],"_links":{"self":[{"href":"https:\/\/crc.org.ar\/w\/wp-json\/wp\/v2\/posts\/39205"}],"collection":[{"href":"https:\/\/crc.org.ar\/w\/wp-json\/wp\/v2\/posts"}],"about":[{"href":"https:\/\/crc.org.ar\/w\/wp-json\/wp\/v2\/types\/post"}],"author":[{"embeddable":true,"href":"https:\/\/crc.org.ar\/w\/wp-json\/wp\/v2\/users\/7"}],"replies":[{"embeddable":true,"href":"https:\/\/crc.org.ar\/w\/wp-json\/wp\/v2\/comments?post=39205"}],"version-history":[{"count":1,"href":"https:\/\/crc.org.ar\/w\/wp-json\/wp\/v2\/posts\/39205\/revisions"}],"predecessor-version":[{"id":39211,"href":"https:\/\/crc.org.ar\/w\/wp-json\/wp\/v2\/posts\/39205\/revisions\/39211"}],"wp:featuredmedia":[{"embeddable":true,"href":"https:\/\/crc.org.ar\/w\/wp-json\/wp\/v2\/media\/39206"}],"wp:attachment":[{"href":"https:\/\/crc.org.ar\/w\/wp-json\/wp\/v2\/media?parent=39205"}],"wp:term":[{"taxonomy":"category","embeddable":true,"href":"https:\/\/crc.org.ar\/w\/wp-json\/wp\/v2\/categories?post=39205"},{"taxonomy":"post_tag","embeddable":true,"href":"https:\/\/crc.org.ar\/w\/wp-json\/wp\/v2\/tags?post=39205"}],"curies":[{"name":"wp","href":"https:\/\/api.w.org\/{rel}","templated":true}]}}