{"id":39219,"date":"2024-12-20T11:40:41","date_gmt":"2024-12-20T14:40:41","guid":{"rendered":"https:\/\/crc.org.ar\/w\/?p=39219"},"modified":"2024-12-20T11:57:43","modified_gmt":"2024-12-20T14:57:43","slug":"calvi-hizo-su-balance-del-2024","status":"publish","type":"post","link":"https:\/\/crc.org.ar\/w\/calvi-hizo-su-balance-del-2024\/","title":{"rendered":"Calvi hizo su balance del 2024"},"content":{"rendered":"\n<p>(Viernes 20 de diciembre de 2024). El Remero entr\u00f3 en receso por las fiestas y su entrenador aprovech\u00f3 para analizar la primera parte de la Liga Nacional.<\/p>\n\n\n\n<!--more-->\n\n\n\n<figure class=\"wp-block-image alignwide size-large\"><img decoding=\"async\" src=\"https:\/\/crc.org.ar\/w\/wp-content\/uploads\/2024\/12\/A7_04857-2048x1366.jpg\" alt=\"\" class=\"wp-image-39220\"\/><\/figure>\n\n\n\n<p>Tras la \u00faltima gira, el Club de Regatas Corriente regres\u00f3 a casa y estuvo entrenando esta \u00faltima semana a las \u00f3rdenes de <strong>Fernando Calvi. <\/strong>Ahora el equipo ya entr\u00f3 en el receso por las fiestas y reci\u00e9n se reencontrar\u00e1 el pr\u00f3ximo 3 de enero para retomar los trabajos de cara a la continuidad de la Liga Nacional.<\/p>\n\n\n\n<p>En ese contexto, el coach regatense habl\u00f3 con la prensa e hizo un profundo an\u00e1lisis de lo que fue la primera parte de la temporada para el Remero, donde se alz\u00f3 con un t\u00edtulo en el Interligas y donde luego a\u00fan no pudo conseguir la regularidad esperada en la Liga.<\/p>\n\n\n\n<p>En primer lugar, el DT referenci\u00f3 la diferencia entre los resultados como local y de visitante: \u201cSiento que estamos en deuda jugando de visitante. De local lo hemos hecho bien, el equipo muestra otra energ\u00eda, otra din\u00e1mica que nos cuesta sostenerla en los partidos de visitante y el desaf\u00edo es ponernos firme en ese aspecto para igualar esa energ\u00eda y esa din\u00e1mica de cuando jugamos en casa\u201d.<\/p>\n\n\n<div class=\"wp-block-image\">\n<figure class=\"alignleft size-full is-resized\"><img loading=\"lazy\" decoding=\"async\" width=\"1836\" height=\"2295\" src=\"https:\/\/crc.org.ar\/w\/wp-content\/uploads\/2024\/12\/A7_00312.jpg\" alt=\"\" class=\"wp-image-39221\" style=\"width:322px;height:auto\" srcset=\"https:\/\/crc.org.ar\/w\/wp-content\/uploads\/2024\/12\/A7_00312.jpg 1836w, https:\/\/crc.org.ar\/w\/wp-content\/uploads\/2024\/12\/A7_00312-240x300.jpg 240w, https:\/\/crc.org.ar\/w\/wp-content\/uploads\/2024\/12\/A7_00312-768x960.jpg 768w, https:\/\/crc.org.ar\/w\/wp-content\/uploads\/2024\/12\/A7_00312-1229x1536.jpg 1229w, https:\/\/crc.org.ar\/w\/wp-content\/uploads\/2024\/12\/A7_00312-1638x2048.jpg 1638w\" sizes=\"(max-width: 1836px) 100vw, 1836px\" \/><\/figure><\/div>\n\n\n<p>Regatas termin\u00f3 el 2024 con un r\u00e9cord de siete victorias y seis derrotas, ubicado en la posici\u00f3n n\u00b0 10 de la tabla. Sobre esa irregularidad, <strong>Calvi <\/strong>analiz\u00f3: \u201cEs una Liga que cuesta ganar de visitantes. No digo que no se gana, de hecho, nosotros tambi\u00e9n hemos ganado, pero es dif\u00edcil. Son un mont\u00f3n de cosas que para m\u00ed no son excusas, pero si pasa reiteradamente en todos los equipos y con el paso de los a\u00f1os\u201d.<\/p>\n\n\n\n<p>\u201cPor eso, nuestro desaf\u00edo es dejar todo eso de lado, intentar jugar de la misma manera, la misma intensidad y la misma prestaci\u00f3n individual, tanto de local como de visitantes. Yo digo siempre que los equipos serios no eligen partidos\u201d, continu\u00f3 en ese aspecto.<\/p>\n\n\n\n<p>Tambi\u00e9n se mostr\u00f3 disconforme y autocr\u00edtico respecto de lo que hubiera querido sobre los resultados y el juego del equipo: \u201cMe gustar\u00eda tener m\u00e1s o menos 3 partidos m\u00e1s ganados. No es un tema tanto de posici\u00f3n de tabla, sino que la tabla que m\u00e1s miro es la de los partidos locales ganados y visitantes ganados y perdidos. En eso estamos m\u00e1s uno, el tema es que hemos jugado seis de local, siete de visitantes. Tenemos que intentar estar siempre con m\u00e1s cuatro o m\u00e1s cinco ganados\u201d.<\/p>\n\n\n\n<p>Sobre las expectativas para el 2025, cont\u00f3: \u201cQueremos regularizar el tema de jugar de visitante, empezar ya con la suma de entrenamientos, no tanto retoque y movimiento de jugadores, para no tener que volver a empezar, a meter jugadores dentro del sistema. Ya enfocarnos m\u00e1s en avanzar en cosas t\u00e1cticas, en cuestiones defensivas y encontrar esta regularidad de la que estamos hablando\u201d.<\/p>\n\n\n\n<p>Por \u00faltimo, tambi\u00e9n habl\u00f3 del gran momento que atraviesa el equipo de la Liga de Desarrollo, quienes terminaron con un r\u00e9cord de 12 victorias y solo una derrota, ubic\u00e1ndose entre los primeros tres primeros de la tabla. &nbsp;<\/p>\n\n\n<div class=\"wp-block-image\">\n<figure class=\"aligncenter size-full\"><img loading=\"lazy\" decoding=\"async\" width=\"1836\" height=\"1408\" src=\"https:\/\/crc.org.ar\/w\/wp-content\/uploads\/2024\/12\/A7_00320-1.jpg\" alt=\"\" class=\"wp-image-39223\" srcset=\"https:\/\/crc.org.ar\/w\/wp-content\/uploads\/2024\/12\/A7_00320-1.jpg 1836w, https:\/\/crc.org.ar\/w\/wp-content\/uploads\/2024\/12\/A7_00320-1-300x230.jpg 300w, https:\/\/crc.org.ar\/w\/wp-content\/uploads\/2024\/12\/A7_00320-1-768x589.jpg 768w, https:\/\/crc.org.ar\/w\/wp-content\/uploads\/2024\/12\/A7_00320-1-1536x1178.jpg 1536w\" sizes=\"(max-width: 1836px) 100vw, 1836px\" \/><\/figure><\/div>\n\n\n<p>\u201cEs un poco una consecuencia del trabajo, en este equipo la mayor\u00eda de los chicos vienen trabajando con nosotros hace 4 a\u00f1os, algunos un poco m\u00e1s, y hemos conseguido en Ignacio Ortega la pieza que nos acomod\u00f3 a todo lo dem\u00e1s. M\u00e1s la inclusi\u00f3n de Exequiel Lezcano, que es otro base que tiene una din\u00e1mica y una chipa diferente. Eso nos ha acomodado\u201d, dijo respecto a las m\u00e1s recientes incorporaciones.<\/p>\n\n\n\n<p>\u201cAdem\u00e1s, los chicos que a la acumulaci\u00f3n de a\u00f1os de trabajo bajo la misma filosof\u00eda, bajo la misma estructura, con los mismos entrenadores, a la larga termina dando sus frutos. Tambi\u00e9n recibimos chicos que est\u00e1n formados ac\u00e1 en el club, y la formaci\u00f3n propia del club desde mini es muy buena, y eso se ve con las diferentes categor\u00edas peleando en la Liga Federal Formativa. Y esa conjunci\u00f3n de cosas da como resultado hoy estar compitiendo a gran nivel\u201d, finaliz\u00f3.<\/p>\n","protected":false},"excerpt":{"rendered":"<p>(Viernes 20 de diciembre de 2024). El Remero entr\u00f3 en receso por las fiestas y su entrenador aprovech\u00f3 para analizar la primera parte de la Liga Nacional. Tras la \u00faltima gira, el Club de Regatas Corriente regres\u00f3 a casa y estuvo entrenando esta \u00faltima semana a las \u00f3rdenes de Fernando Calvi. Ahora el equipo ya &hellip;<\/p>\n","protected":false},"author":7,"featured_media":39220,"comment_status":"closed","ping_status":"closed","sticky":false,"template":"","format":"standard","meta":{"footnotes":""},"categories":[156,382],"tags":[],"_links":{"self":[{"href":"https:\/\/crc.org.ar\/w\/wp-json\/wp\/v2\/posts\/39219"}],"collection":[{"href":"https:\/\/crc.org.ar\/w\/wp-json\/wp\/v2\/posts"}],"about":[{"href":"https:\/\/crc.org.ar\/w\/wp-json\/wp\/v2\/types\/post"}],"author":[{"embeddable":true,"href":"https:\/\/crc.org.ar\/w\/wp-json\/wp\/v2\/users\/7"}],"replies":[{"embeddable":true,"href":"https:\/\/crc.org.ar\/w\/wp-json\/wp\/v2\/comments?post=39219"}],"version-history":[{"count":2,"href":"https:\/\/crc.org.ar\/w\/wp-json\/wp\/v2\/posts\/39219\/revisions"}],"predecessor-version":[{"id":39225,"href":"https:\/\/crc.org.ar\/w\/wp-json\/wp\/v2\/posts\/39219\/revisions\/39225"}],"wp:featuredmedia":[{"embeddable":true,"href":"https:\/\/crc.org.ar\/w\/wp-json\/wp\/v2\/media\/39220"}],"wp:attachment":[{"href":"https:\/\/crc.org.ar\/w\/wp-json\/wp\/v2\/media?parent=39219"}],"wp:term":[{"taxonomy":"category","embeddable":true,"href":"https:\/\/crc.org.ar\/w\/wp-json\/wp\/v2\/categories?post=39219"},{"taxonomy":"post_tag","embeddable":true,"href":"https:\/\/crc.org.ar\/w\/wp-json\/wp\/v2\/tags?post=39219"}],"curies":[{"name":"wp","href":"https:\/\/api.w.org\/{rel}","templated":true}]}}