{"id":39383,"date":"2025-01-30T11:11:00","date_gmt":"2025-01-30T14:11:00","guid":{"rendered":"https:\/\/crc.org.ar\/w\/?p=39383"},"modified":"2025-01-30T11:11:01","modified_gmt":"2025-01-30T14:11:01","slug":"tania-ferreyra-convocada-al-campus-internacional-y-campeonato-seccional-en-florida","status":"publish","type":"post","link":"https:\/\/crc.org.ar\/w\/tania-ferreyra-convocada-al-campus-internacional-y-campeonato-seccional-en-florida\/","title":{"rendered":"Tania Ferreyra convocada al Campus Internacional y Campeonato Seccional en Florida"},"content":{"rendered":"\n<p>(Jueves 30 de enero de 2025). La nadadora regatense nuevamente estar\u00e1 en las filas del seleccionado nacional participando de un certamen preparatorio en Estados Unidos de cara al Sudamericano Juvenil 2025.<\/p>\n\n\n\n<!--more-->\n\n\n\n<figure class=\"wp-block-image size-full\"><img decoding=\"async\" src=\"https:\/\/crc.org.ar\/w\/wp-content\/uploads\/2025\/01\/Tania-Ferreyra.jpeg\" alt=\"\" class=\"wp-image-39384\"\/><\/figure>\n\n\n\n<p>La joven nadadora del Club de Regatas Corrientes, <strong>Tania Ferreyra, <\/strong>contin\u00faa en un gran momento deportivo, y tras ser convocada para participar del Mundial Escolar, ahora tambi\u00e9n fue citada por la Confederaci\u00f3n Argentina De Deportes Acu\u00e1ticos (CADDA) para participar del Campus Internacional y Campeonato Seccional Southern Zone en Ocala, Florida.<\/p>\n\n\n\n<p>El evento se llevar\u00e1 adelante entre el 26 y 29 de junio en la ciudad estadounidense, y servir\u00e1 como preparaci\u00f3n del plantel argentino para diferentes torneos internacionales a realizarse en este 2025.<\/p>\n\n\n\n<p>En el caso de <strong>Tania Ferreyra, <\/strong>la cita ser\u00e1 una importante prueba de cara a su participaci\u00f3n en el Sudamericano Juvenil de Brasil 2025, al cual ella consigui\u00f3 la marca en los 50 pecho con 33,81 segundos en la categor\u00eda Juvenil A.<\/p>\n\n\n\n<p>De este modo, la nadadora correntina sigue confirmando su gran presente y su enorme futuro en la disciplina, siendo ya varias veces considerada para integrar los seleccionados nacionales.<\/p>\n","protected":false},"excerpt":{"rendered":"<p>(Jueves 30 de enero de 2025). La nadadora regatense nuevamente estar\u00e1 en las filas del seleccionado nacional participando de un certamen preparatorio en Estados Unidos de cara al Sudamericano Juvenil 2025. La joven nadadora del Club de Regatas Corrientes, Tania Ferreyra, contin\u00faa en un gran momento deportivo, y tras ser convocada para participar del Mundial &hellip;<\/p>\n","protected":false},"author":7,"featured_media":39384,"comment_status":"closed","ping_status":"closed","sticky":false,"template":"","format":"standard","meta":{"footnotes":""},"categories":[69,156],"tags":[],"_links":{"self":[{"href":"https:\/\/crc.org.ar\/w\/wp-json\/wp\/v2\/posts\/39383"}],"collection":[{"href":"https:\/\/crc.org.ar\/w\/wp-json\/wp\/v2\/posts"}],"about":[{"href":"https:\/\/crc.org.ar\/w\/wp-json\/wp\/v2\/types\/post"}],"author":[{"embeddable":true,"href":"https:\/\/crc.org.ar\/w\/wp-json\/wp\/v2\/users\/7"}],"replies":[{"embeddable":true,"href":"https:\/\/crc.org.ar\/w\/wp-json\/wp\/v2\/comments?post=39383"}],"version-history":[{"count":1,"href":"https:\/\/crc.org.ar\/w\/wp-json\/wp\/v2\/posts\/39383\/revisions"}],"predecessor-version":[{"id":39385,"href":"https:\/\/crc.org.ar\/w\/wp-json\/wp\/v2\/posts\/39383\/revisions\/39385"}],"wp:featuredmedia":[{"embeddable":true,"href":"https:\/\/crc.org.ar\/w\/wp-json\/wp\/v2\/media\/39384"}],"wp:attachment":[{"href":"https:\/\/crc.org.ar\/w\/wp-json\/wp\/v2\/media?parent=39383"}],"wp:term":[{"taxonomy":"category","embeddable":true,"href":"https:\/\/crc.org.ar\/w\/wp-json\/wp\/v2\/categories?post=39383"},{"taxonomy":"post_tag","embeddable":true,"href":"https:\/\/crc.org.ar\/w\/wp-json\/wp\/v2\/tags?post=39383"}],"curies":[{"name":"wp","href":"https:\/\/api.w.org\/{rel}","templated":true}]}}