{"id":39608,"date":"2025-03-10T11:57:38","date_gmt":"2025-03-10T14:57:38","guid":{"rendered":"https:\/\/crc.org.ar\/w\/?p=39608"},"modified":"2025-03-10T11:57:38","modified_gmt":"2025-03-10T14:57:38","slug":"regatas-de-cara-a-un-duelo-clave-en-el-clasico-correntino","status":"publish","type":"post","link":"https:\/\/crc.org.ar\/w\/regatas-de-cara-a-un-duelo-clave-en-el-clasico-correntino\/","title":{"rendered":"Regatas de cara a un duelo clave en el cl\u00e1sico correntino"},"content":{"rendered":"\n<p>(Lunes 10 de marzo de 2025). El Remero visitar\u00e1 al Rojinegro el martes desde las 22:10 en un cl\u00e1sico con condimento aparte por la posici\u00f3n en la tabla.<\/p>\n\n\n\n<!--more-->\n\n\n\n<figure class=\"wp-block-image alignwide size-large\"><img decoding=\"async\" src=\"https:\/\/crc.org.ar\/w\/wp-content\/uploads\/2025\/03\/40-Temporadas-Liga-Nacional-2023_24-San-Martin-v-Regatas-1-2048x1366.jpg\" alt=\"\" class=\"wp-image-39609\"\/><\/figure>\n\n\n\n<p>La Liga Nacional de B\u00e1squet tendr\u00e1 este martes desde las 22:10 en el Fort\u00edn Rojinegro, una nueva edici\u00f3n de uno de los partidos m\u00e1s emocionantes e importantes por historia, rivalidad, marco y ahora por actualidad. El cl\u00e1sico correntino se volver\u00e1 a jugar, donde el Club de Regatas visitar\u00e1 a San Mart\u00edn.<\/p>\n\n\n\n<p>El encuentro ser\u00e1 el televisado de la jornada a trav\u00e9s de TyC Sports, y tendr\u00e1 como jueces a <strong>Pablo Est\u00e9vez, Ra\u00fal S\u00e1nchez <\/strong>y <strong>Danilo Molina, <\/strong>mientras que <strong>Armando Cichanowsky <\/strong>ser\u00e1 el comisionado t\u00e9cnico.<\/p>\n\n\n\n<p>M\u00e1s all\u00e1 de todo lo que significa el encuentro para ambos clubes, para Corrientes y para la Liga Nacional, en este caso habr\u00e1 un condimento agregado ya que ambos se encuentran como rivales directos en la tabla de posiciones, por lo que un triunfo ser\u00e1 muy importante.<\/p>\n\n\n\n<p>El Remero llega tras una s\u00f3lida victoria sobre Pe\u00f1arol de Mar del Plata 84-64 para cortar su mal momento de cuatro ca\u00eddas en fila. De esa manera alcanz\u00f3 los 12 triunfos en la temporada en 25 encuentros, ubic\u00e1ndose en la 12\u00b0 posici\u00f3n actualmente.<\/p>\n\n\n\n<p>El Rojinegro por su parte llega de dos contundentes victorias consecutivas como local: Quimsa de Santiago del Estero 87-68 y frente al Milrayitas 76-55. De este modo alcanz\u00f3 el 7\u00b0 lugar con 12 victorias y 11 derrotas.<\/p>\n\n\n\n<p>Cabe destacar que esta ser\u00e1 la tercera vez en la temporada que ambos se enfrenten, pero la primera en el Ra\u00fal Argentino Ortiz. La primera vez hab\u00eda sido el 30 de septiembre en la final del Interligas con un triunfo 71-62 que vali\u00f3 un t\u00edtulo para Regatas. Luego, ya por la Liga, el 3 de noviembre fue nuevamente victoria regatense 83-69.<\/p>\n\n\n\n<p><strong>Venta de entradas visitantes<\/strong><\/p>\n\n\n\n<p>Las entradas para la popular del sector visitante, para los fan\u00e1ticos del Club de Regatas Corrientes, se pondr\u00e1n a la venta de 16 a 20 horas del lunes, de 10 a 12 y de 16 a 20 el d\u00eda del partido. El valor es de $4.500.<\/p>\n","protected":false},"excerpt":{"rendered":"<p>(Lunes 10 de marzo de 2025). El Remero visitar\u00e1 al Rojinegro el martes desde las 22:10 en un cl\u00e1sico con condimento aparte por la posici\u00f3n en la tabla. La Liga Nacional de B\u00e1squet tendr\u00e1 este martes desde las 22:10 en el Fort\u00edn Rojinegro, una nueva edici\u00f3n de uno de los partidos m\u00e1s emocionantes e importantes &hellip;<\/p>\n","protected":false},"author":6,"featured_media":39609,"comment_status":"closed","ping_status":"closed","sticky":false,"template":"","format":"standard","meta":{"footnotes":""},"categories":[156,382],"tags":[],"_links":{"self":[{"href":"https:\/\/crc.org.ar\/w\/wp-json\/wp\/v2\/posts\/39608"}],"collection":[{"href":"https:\/\/crc.org.ar\/w\/wp-json\/wp\/v2\/posts"}],"about":[{"href":"https:\/\/crc.org.ar\/w\/wp-json\/wp\/v2\/types\/post"}],"author":[{"embeddable":true,"href":"https:\/\/crc.org.ar\/w\/wp-json\/wp\/v2\/users\/6"}],"replies":[{"embeddable":true,"href":"https:\/\/crc.org.ar\/w\/wp-json\/wp\/v2\/comments?post=39608"}],"version-history":[{"count":1,"href":"https:\/\/crc.org.ar\/w\/wp-json\/wp\/v2\/posts\/39608\/revisions"}],"predecessor-version":[{"id":39610,"href":"https:\/\/crc.org.ar\/w\/wp-json\/wp\/v2\/posts\/39608\/revisions\/39610"}],"wp:featuredmedia":[{"embeddable":true,"href":"https:\/\/crc.org.ar\/w\/wp-json\/wp\/v2\/media\/39609"}],"wp:attachment":[{"href":"https:\/\/crc.org.ar\/w\/wp-json\/wp\/v2\/media?parent=39608"}],"wp:term":[{"taxonomy":"category","embeddable":true,"href":"https:\/\/crc.org.ar\/w\/wp-json\/wp\/v2\/categories?post=39608"},{"taxonomy":"post_tag","embeddable":true,"href":"https:\/\/crc.org.ar\/w\/wp-json\/wp\/v2\/tags?post=39608"}],"curies":[{"name":"wp","href":"https:\/\/api.w.org\/{rel}","templated":true}]}}