{"id":40083,"date":"2025-06-12T13:24:14","date_gmt":"2025-06-12T16:24:14","guid":{"rendered":"https:\/\/crc.org.ar\/w\/?p=40083"},"modified":"2025-06-12T13:24:14","modified_gmt":"2025-06-12T16:24:14","slug":"actuacion-destacada-de-regatas-corrientes-en-el-torneo-tierra-del-sol","status":"publish","type":"post","link":"https:\/\/crc.org.ar\/w\/actuacion-destacada-de-regatas-corrientes-en-el-torneo-tierra-del-sol\/","title":{"rendered":"Actuaci\u00f3n destacada de Regatas Corrientes en el Torneo Tierra del Sol"},"content":{"rendered":"\n<p>(Jueves 12 de junio de 2025). El plantel de judocas regatenses brill\u00f3 en la edici\u00f3n de los 30 a\u00f1os del tradicional e internacional certamen que se disputa en Formosa.<\/p>\n\n\n\n<!--more-->\n\n\n\n<figure class=\"wp-block-gallery alignwide has-nested-images columns-default is-cropped wp-block-gallery-1 is-layout-flex wp-block-gallery-is-layout-flex\">\n<figure class=\"wp-block-image size-large\"><img loading=\"lazy\" decoding=\"async\" width=\"960\" height=\"1280\" data-id=\"40084\" src=\"https:\/\/crc.org.ar\/w\/wp-content\/uploads\/2025\/06\/WhatsApp-Image-2025-06-12-at-12.34.54.jpeg\" alt=\"\" class=\"wp-image-40084\" srcset=\"https:\/\/crc.org.ar\/w\/wp-content\/uploads\/2025\/06\/WhatsApp-Image-2025-06-12-at-12.34.54.jpeg 960w, https:\/\/crc.org.ar\/w\/wp-content\/uploads\/2025\/06\/WhatsApp-Image-2025-06-12-at-12.34.54-225x300.jpeg 225w, https:\/\/crc.org.ar\/w\/wp-content\/uploads\/2025\/06\/WhatsApp-Image-2025-06-12-at-12.34.54-768x1024.jpeg 768w\" sizes=\"(max-width: 960px) 100vw, 960px\" \/><\/figure>\n\n\n\n<figure class=\"wp-block-image size-large\"><img decoding=\"async\" data-id=\"40085\" src=\"https:\/\/crc.org.ar\/w\/wp-content\/uploads\/2025\/06\/WhatsApp-Image-2025-06-12-at-12.34.55.jpeg\" alt=\"\" class=\"wp-image-40085\"\/><\/figure>\n<\/figure>\n\n\n\n<p>Con gran \u00e9xito se llev\u00f3 a cabo el Torneo Tierra del Sol en su edici\u00f3n 2025, el cual se desarroll\u00f3 en la ciudad de Formosa, y m\u00e1s precisamente tuvo acci\u00f3n en el Estadio Cincuentenario. All\u00ed el equipo del Club de Regatas Corrientes brill\u00f3 con una descomunal actuaci\u00f3n de sus deportistas.<\/p>\n\n\n\n<p>Del torneo fueron part\u00edcipes 400 judocas de equipos de Brasil, Paraguay y Argentina, en una fiesta llena de emociones por las competiciones y el Festival de Judokitas, donde la delegaci\u00f3n Remera estuvo compuesta por 23 judocas de categor\u00edas competitivas y seis de categor\u00eda escuela, quienes estuvieron acompa\u00f1ados por el instructor Francisco Rabad\u00e1n.<\/p>\n\n\n\n<p>Martina Rodr\u00edguez primer puesto Promocional hasta 40kg y ganadora del trofeo \u201cJudoka m\u00e1s t\u00e9cnico\u201d con 3 ippones.<\/p>\n\n\n\n<p>Lo m\u00e1s destacado lleg\u00f3 por parte de <strong>Martina Rodr\u00edguez, M\u00e1ximo N\u00fa\u00f1ez L\u00f3pez <\/strong>(el mejor en el ranking argentino en su categor\u00eda) y <strong>Franco Garc\u00eda, <\/strong>quienes se consagraron campeones. La primera lo hizo en categor\u00eda Promocional -40kg y adem\u00e1s se qued\u00f3 con el trofeo \u201cJudoka m\u00e1s t\u00e9cnico\u201d tras haber finalizado con 3 ippones. <strong>N\u00fa\u00f1ez L\u00f3pez<\/strong> fue campe\u00f3n en Infantil A -52kg y el \u00faltimo en Kyu Novicio -73kg.<\/p>\n\n\n\n<p>Adem\u00e1s, hubo tres medallas de plata conseguidas por tres luchadoras. <strong>Delfina Villalba Buffil <\/strong>lo consigui\u00f3 en la categor\u00eda Infantil A -52kg, <strong>\u2060<\/strong><strong>Catherine N<\/strong><strong>\u00fa\u00f1<\/strong><strong>ez L<\/strong><strong>\u00f3<\/strong><strong>pez<\/strong> en Kyu Novicio -63kg y \u2060Agustina Rodr\u00edguez en Senior -63kg.<\/p>\n\n\n\n<p>Por su parte, en el tercer lugar del podio hubo nueve Remeros: <strong>Enrique Salas Soechting<\/strong> Promocional -26kg, <strong>\u2060<\/strong><strong>Sof<\/strong><strong>\u00ed<\/strong><strong>a Fern<\/strong><strong>\u00e1<\/strong><strong>ndez Rovira<\/strong> Infantil B -48kg, <strong>Mauricio L\u00f3pez<\/strong> Infantil B -58kg,<strong> Ignacio Mari\u00f1o<\/strong> Kyu Novicio -66kg, <strong>\u2060<\/strong><strong>Agust<\/strong><strong>\u00ed<\/strong><strong>n Dom<\/strong><strong>\u00ed<\/strong><strong>nguez<\/strong> Kyu Novicio -55kg, <strong>\u2060<\/strong><strong>Rafael L<\/strong><strong>\u00f3<\/strong><strong>pez Torres<\/strong> Kyu Novicio -81kg, <strong>\u2060<\/strong><strong>F<\/strong><strong>\u00e9<\/strong><strong>lix Astorga<\/strong> Senior -66kg, <strong>\u2060<\/strong><strong>Francisco Rabad<\/strong><strong>\u00e1<\/strong><strong>n<\/strong> Senior -73kg y <strong>\u2060<\/strong><strong>Yamil Leyes<\/strong> Senior -90kg.<\/p>\n\n\n\n<p>Adem\u00e1s, al equipo que viaj\u00f3 a Formosa lo completaron <strong>Gema Esp\u00edndola Perino<\/strong> (Infantil A -52kg), <strong>\u2060<\/strong><strong>Diego G<\/strong><strong>\u00f3<\/strong><strong>mez Dabrio<\/strong> (Kyu Novicio -81kg), <strong>Sebasti<\/strong><strong>\u00e1<\/strong><strong>n Veron<\/strong> (Senior -73kg), <strong>\u2060<\/strong><strong>Tom<\/strong><strong>\u00e1<\/strong><strong>s Pueyo y Pueyo<\/strong> (Senior -73kg), <strong>\u2060<\/strong><strong>Bautista Lugo<\/strong> (Kyu Novicio -66kg), <strong>\u2060<\/strong><strong>Vicente Veron<\/strong> (Kyu Novicio -73kg), <strong>\u2060<\/strong><strong>Santiago P\u00e1paro<\/strong> (Kyu Novicio -73kg), <strong>\u2060<\/strong><strong>Lorenzo Delgado Casuso<\/strong> (Cadete -73kg y Senior -73kg) y <strong>\u2060<\/strong><strong>Sebasti<\/strong><strong>\u00e1<\/strong><strong>n Esp<\/strong><strong>\u00ed<\/strong><strong>ndola Perino<\/strong> (Kyu Novicio -90kg).<\/p>\n\n\n\n<p>Por su parte, los judokitas (categor\u00eda escuela) tambi\u00e9n tuvieron su participaci\u00f3n. Los regatenses all\u00ed fueron <strong>Benjamin Canciani, <\/strong><strong>\u2060<\/strong><strong>Pilar Tarrag\u00f3, <\/strong><strong>\u2060<\/strong><strong>Cirilo G<\/strong><strong>\u00f3<\/strong><strong>mez Cabral, Gaspar <\/strong><strong>\u2060<\/strong><strong>Salas Soechting y <\/strong><strong>\u2060<\/strong><strong>Benjam\u00edn Fern<\/strong><strong>\u00e1<\/strong><strong>ndez Rovira<\/strong>.<\/p>\n","protected":false},"excerpt":{"rendered":"<p>(Jueves 12 de junio de 2025). El plantel de judocas regatenses brill\u00f3 en la edici\u00f3n de los 30 a\u00f1os del tradicional e internacional certamen que se disputa en Formosa. Con gran \u00e9xito se llev\u00f3 a cabo el Torneo Tierra del Sol en su edici\u00f3n 2025, el cual se desarroll\u00f3 en la ciudad de Formosa, y &hellip;<\/p>\n","protected":false},"author":6,"featured_media":40085,"comment_status":"closed","ping_status":"closed","sticky":false,"template":"","format":"standard","meta":{"footnotes":""},"categories":[17,156],"tags":[],"_links":{"self":[{"href":"https:\/\/crc.org.ar\/w\/wp-json\/wp\/v2\/posts\/40083"}],"collection":[{"href":"https:\/\/crc.org.ar\/w\/wp-json\/wp\/v2\/posts"}],"about":[{"href":"https:\/\/crc.org.ar\/w\/wp-json\/wp\/v2\/types\/post"}],"author":[{"embeddable":true,"href":"https:\/\/crc.org.ar\/w\/wp-json\/wp\/v2\/users\/6"}],"replies":[{"embeddable":true,"href":"https:\/\/crc.org.ar\/w\/wp-json\/wp\/v2\/comments?post=40083"}],"version-history":[{"count":1,"href":"https:\/\/crc.org.ar\/w\/wp-json\/wp\/v2\/posts\/40083\/revisions"}],"predecessor-version":[{"id":40086,"href":"https:\/\/crc.org.ar\/w\/wp-json\/wp\/v2\/posts\/40083\/revisions\/40086"}],"wp:featuredmedia":[{"embeddable":true,"href":"https:\/\/crc.org.ar\/w\/wp-json\/wp\/v2\/media\/40085"}],"wp:attachment":[{"href":"https:\/\/crc.org.ar\/w\/wp-json\/wp\/v2\/media?parent=40083"}],"wp:term":[{"taxonomy":"category","embeddable":true,"href":"https:\/\/crc.org.ar\/w\/wp-json\/wp\/v2\/categories?post=40083"},{"taxonomy":"post_tag","embeddable":true,"href":"https:\/\/crc.org.ar\/w\/wp-json\/wp\/v2\/tags?post=40083"}],"curies":[{"name":"wp","href":"https:\/\/api.w.org\/{rel}","templated":true}]}}