{"id":41193,"date":"2026-03-06T20:01:08","date_gmt":"2026-03-06T23:01:08","guid":{"rendered":"https:\/\/crc.org.ar\/w\/?p=41193"},"modified":"2026-03-06T20:01:09","modified_gmt":"2026-03-06T23:01:09","slug":"los-pibes-de-regatas-ganaron-ante-san-lorenzo","status":"publish","type":"post","link":"https:\/\/crc.org.ar\/w\/los-pibes-de-regatas-ganaron-ante-san-lorenzo\/","title":{"rendered":"Los pibes de Regatas ganaron ante San Lorenzo"},"content":{"rendered":"\n<p>(Viernes 6 de marzo de 2026). El Remero sum\u00f3 su segundo triunfo consecutivo al imponerse 87 a 66 ante El Cuervo. Con este resultado se mantiene entre los cuatro primeros de la tabla.<\/p>\n\n\n\n<figure class=\"wp-block-image alignwide size-large\"><img decoding=\"async\" src=\"https:\/\/crc.org.ar\/w\/wp-content\/uploads\/2026\/03\/IMG_1164-2048x1365.jpeg\" alt=\"\" class=\"wp-image-41194\"\/><\/figure>\n\n\n\n<p>Si bien los dirigidos por Diego Checenelli no empezaron finos el partido, con el correr de los minutos quebraron la propuesta del rival y se adue\u00f1aron del juego.<\/p>\n\n\n\n<p>Las figuras en el local fueron Exequiel Lezcano con 24 puntos y Viktor Bender con 17, mientras que en la visita se destac\u00f3 Iv\u00e1n Villarroel con 15.<\/p>\n\n\n\n<figure class=\"wp-block-gallery has-nested-images columns-default is-cropped wp-block-gallery-1 is-layout-flex wp-block-gallery-is-layout-flex\">\n<figure class=\"wp-block-image size-large\"><img loading=\"lazy\" decoding=\"async\" width=\"2048\" height=\"1365\" data-id=\"41195\" src=\"https:\/\/crc.org.ar\/w\/wp-content\/uploads\/2026\/03\/IMG_1165-2048x1365.jpeg\" alt=\"\" class=\"wp-image-41195\" srcset=\"https:\/\/crc.org.ar\/w\/wp-content\/uploads\/2026\/03\/IMG_1165-2048x1365.jpeg 2048w, https:\/\/crc.org.ar\/w\/wp-content\/uploads\/2026\/03\/IMG_1165-300x200.jpeg 300w, https:\/\/crc.org.ar\/w\/wp-content\/uploads\/2026\/03\/IMG_1165-768x512.jpeg 768w, https:\/\/crc.org.ar\/w\/wp-content\/uploads\/2026\/03\/IMG_1165-1536x1024.jpeg 1536w\" sizes=\"(max-width: 2048px) 100vw, 2048px\" \/><\/figure>\n\n\n\n<figure class=\"wp-block-image size-large\"><img loading=\"lazy\" decoding=\"async\" width=\"2048\" height=\"1365\" data-id=\"41196\" src=\"https:\/\/crc.org.ar\/w\/wp-content\/uploads\/2026\/03\/IMG_1161-2048x1365.jpeg\" alt=\"\" class=\"wp-image-41196\" srcset=\"https:\/\/crc.org.ar\/w\/wp-content\/uploads\/2026\/03\/IMG_1161-2048x1365.jpeg 2048w, https:\/\/crc.org.ar\/w\/wp-content\/uploads\/2026\/03\/IMG_1161-300x200.jpeg 300w, https:\/\/crc.org.ar\/w\/wp-content\/uploads\/2026\/03\/IMG_1161-768x512.jpeg 768w, https:\/\/crc.org.ar\/w\/wp-content\/uploads\/2026\/03\/IMG_1161-1536x1024.jpeg 1536w\" sizes=\"(max-width: 2048px) 100vw, 2048px\" \/><\/figure>\n<\/figure>\n\n\n\n<p>El duelo arranc\u00f3 favorable al equipo Azulgrana, que desde el inicio sac\u00f3 ventaja de cinco puntos. El Fantasma entr\u00f3 desatento y err\u00e1tico, pero cerca del final logr\u00f3 revertir el marcador apoy\u00e1ndose en la calidad individual de sus jugadores. As\u00ed, cerr\u00f3 el primer cuarto 24-18 a su favor. De manera similar empezaron los diez minutos siguientes, aunque esta vez, San Lorenzo bloque\u00f3 mejor el ataque del rival (42-36).<\/p>\n\n\n\n<figure class=\"wp-block-image size-large\"><img loading=\"lazy\" decoding=\"async\" width=\"2048\" height=\"1365\" src=\"https:\/\/crc.org.ar\/w\/wp-content\/uploads\/2026\/03\/IMG_1166.JPG-1-2048x1365.jpeg\" alt=\"\" class=\"wp-image-41199\" srcset=\"https:\/\/crc.org.ar\/w\/wp-content\/uploads\/2026\/03\/IMG_1166.JPG-1-2048x1365.jpeg 2048w, https:\/\/crc.org.ar\/w\/wp-content\/uploads\/2026\/03\/IMG_1166.JPG-1-300x200.jpeg 300w, https:\/\/crc.org.ar\/w\/wp-content\/uploads\/2026\/03\/IMG_1166.JPG-1-768x512.jpeg 768w, https:\/\/crc.org.ar\/w\/wp-content\/uploads\/2026\/03\/IMG_1166.JPG-1-1536x1024.jpeg 1536w\" sizes=\"(max-width: 2048px) 100vw, 2048px\" \/><\/figure>\n\n\n\n<p>Tras el descanso largo, El Remero se mostr\u00f3 m\u00e1s intenso y con tiros bien ejecutados pudo despegar en el marcador (64-51). San Lorenzo perdi\u00f3 fuerza en la defensa y su planteo ofensivo qued\u00f3 desdibujado, aspectos que aprovech\u00f3 el local para abrochar el triunfo 87 a 66.<\/p>\n\n\n\n<p>Esta es la segunda victoria consecutiva del Remero, antes le hab\u00eda ganado a Pe\u00f1arol tambi\u00e9n en Corrientes. El pr\u00f3ximo lunes 9 recibir\u00e1 a Gimnasia de Comodoro Rivadavia, mientras que El Cuervo visitar\u00e1 a San Mart\u00edn el domingo 8.<\/p>\n","protected":false},"excerpt":{"rendered":"<p>(Viernes 6 de marzo de 2026). El Remero sum\u00f3 su segundo triunfo consecutivo al imponerse 87 a 66 ante El Cuervo. Con este resultado se mantiene entre los cuatro primeros de la tabla. Si bien los dirigidos por Diego Checenelli no empezaron finos el partido, con el correr de los minutos quebraron la propuesta del &hellip;<\/p>\n","protected":false},"author":6,"featured_media":41194,"comment_status":"closed","ping_status":"closed","sticky":true,"template":"","format":"standard","meta":{"footnotes":""},"categories":[66,112,156],"tags":[198,222,191],"_links":{"self":[{"href":"https:\/\/crc.org.ar\/w\/wp-json\/wp\/v2\/posts\/41193"}],"collection":[{"href":"https:\/\/crc.org.ar\/w\/wp-json\/wp\/v2\/posts"}],"about":[{"href":"https:\/\/crc.org.ar\/w\/wp-json\/wp\/v2\/types\/post"}],"author":[{"embeddable":true,"href":"https:\/\/crc.org.ar\/w\/wp-json\/wp\/v2\/users\/6"}],"replies":[{"embeddable":true,"href":"https:\/\/crc.org.ar\/w\/wp-json\/wp\/v2\/comments?post=41193"}],"version-history":[{"count":1,"href":"https:\/\/crc.org.ar\/w\/wp-json\/wp\/v2\/posts\/41193\/revisions"}],"predecessor-version":[{"id":41200,"href":"https:\/\/crc.org.ar\/w\/wp-json\/wp\/v2\/posts\/41193\/revisions\/41200"}],"wp:featuredmedia":[{"embeddable":true,"href":"https:\/\/crc.org.ar\/w\/wp-json\/wp\/v2\/media\/41194"}],"wp:attachment":[{"href":"https:\/\/crc.org.ar\/w\/wp-json\/wp\/v2\/media?parent=41193"}],"wp:term":[{"taxonomy":"category","embeddable":true,"href":"https:\/\/crc.org.ar\/w\/wp-json\/wp\/v2\/categories?post=41193"},{"taxonomy":"post_tag","embeddable":true,"href":"https:\/\/crc.org.ar\/w\/wp-json\/wp\/v2\/tags?post=41193"}],"curies":[{"name":"wp","href":"https:\/\/api.w.org\/{rel}","templated":true}]}}