{"id":41252,"date":"2026-03-21T18:54:08","date_gmt":"2026-03-21T21:54:08","guid":{"rendered":"https:\/\/crc.org.ar\/w\/?p=41252"},"modified":"2026-03-21T18:54:09","modified_gmt":"2026-03-21T21:54:09","slug":"anita-romero-es-bronce-sudamericano","status":"publish","type":"post","link":"https:\/\/crc.org.ar\/w\/anita-romero-es-bronce-sudamericano\/","title":{"rendered":"Anita Romero es bronce sudamericano"},"content":{"rendered":"\n<p>(S\u00e1bado 21 de marzo de 2026). La tenimesista regatense se qued\u00f3 con el tercer puesto en doble femenino U11 representando al pa\u00eds en el Sudamericano de Asunci\u00f3n.<\/p>\n\n\n\n<!--more-->\n\n\n\n<figure class=\"wp-block-image size-full\"><img loading=\"lazy\" decoding=\"async\" width=\"1600\" height=\"900\" src=\"https:\/\/crc.org.ar\/w\/wp-content\/uploads\/2026\/03\/WhatsApp-Image-2026-03-21-at-10.11.31.jpeg\" alt=\"\" class=\"wp-image-41253\" srcset=\"https:\/\/crc.org.ar\/w\/wp-content\/uploads\/2026\/03\/WhatsApp-Image-2026-03-21-at-10.11.31.jpeg 1600w, https:\/\/crc.org.ar\/w\/wp-content\/uploads\/2026\/03\/WhatsApp-Image-2026-03-21-at-10.11.31-300x169.jpeg 300w, https:\/\/crc.org.ar\/w\/wp-content\/uploads\/2026\/03\/WhatsApp-Image-2026-03-21-at-10.11.31-768x432.jpeg 768w, https:\/\/crc.org.ar\/w\/wp-content\/uploads\/2026\/03\/WhatsApp-Image-2026-03-21-at-10.11.31-1536x864.jpeg 1536w, https:\/\/crc.org.ar\/w\/wp-content\/uploads\/2026\/03\/WhatsApp-Image-2026-03-21-at-10.11.31-390x220.jpeg 390w\" sizes=\"(max-width: 1600px) 100vw, 1600px\" \/><\/figure>\n\n\n\n<p>Del 16 al 20 de marzo en Asunci\u00f3n del Paraguay se llev\u00f3 a cabo el Campeonato Sudamericano U11 y U13 de Tenis de Mesa, organizado por la Federaci\u00f3n Internacional de la disciplina. La jugadora del Club de Regatas Corrientes, Anita Romero, estuvo representando al pa\u00eds y logr\u00f3 colgarse la medalla de bronce.<\/p>\n\n\n\n<p>La joven correntina de 10 a\u00f1os hab\u00eda recibido la convocatoria para integrar la Selecci\u00f3n Argentina a fines del 2025 por su gran desempe\u00f1o. Y en este 2026 ya jug\u00f3 para el pa\u00eds en el WTT Youth Contender en Buenos Aires, y ahora lo hizo en el Campeonato Sudamericano.<\/p>\n\n\n\n<p>Particip\u00f3 en la categor\u00eda U11 en las modalidades de single femenino, dobles mixtos, equipo femenino y en doble femenino, esta \u00faltima donde junto con Zoe Hilarion de Santa Cruz lograron el 3\u00b0 puesto para darle una medalla m\u00e1s al pa\u00eds.<\/p>\n\n\n\n<figure class=\"wp-block-image size-full\"><img loading=\"lazy\" decoding=\"async\" width=\"900\" height=\"1600\" src=\"https:\/\/crc.org.ar\/w\/wp-content\/uploads\/2026\/03\/WhatsApp-Image-2026-03-21-at-10.11.30.jpeg\" alt=\"\" class=\"wp-image-41254\" srcset=\"https:\/\/crc.org.ar\/w\/wp-content\/uploads\/2026\/03\/WhatsApp-Image-2026-03-21-at-10.11.30.jpeg 900w, https:\/\/crc.org.ar\/w\/wp-content\/uploads\/2026\/03\/WhatsApp-Image-2026-03-21-at-10.11.30-169x300.jpeg 169w, https:\/\/crc.org.ar\/w\/wp-content\/uploads\/2026\/03\/WhatsApp-Image-2026-03-21-at-10.11.30-768x1365.jpeg 768w, https:\/\/crc.org.ar\/w\/wp-content\/uploads\/2026\/03\/WhatsApp-Image-2026-03-21-at-10.11.30-864x1536.jpeg 864w\" sizes=\"(max-width: 900px) 100vw, 900px\" \/><\/figure>\n\n\n\n<p>La dupla argentina le gan\u00f3 en la primera ronda a la dupla boliviana 3-1, mientras que en cuartos de final se carg\u00f3 a la venezolana por 3-1. Ya en semifinales cayeron ante la pareja peruana Kcombt-Paredes por 3-0, quienes a la postre ser\u00edan campeonas.<\/p>\n\n\n\n<p>En single compiti\u00f3 en el Grupo 9, donde venci\u00f3 a la paraguaya Iba\u00f1ez, y luego cay\u00f3 nuevamente con Paredes y con la ecuatoriana Ortega, despidi\u00e9ndose en primera fase. En dobles mixtos hizo dupla con Enzo Fern\u00e1ndez, donde cayeron en primera ronda con los paraguayos Brizuela-Vargas por 3-2.<\/p>\n\n\n\n<p>En equipos femeninos jug\u00f3 con Zoe Hilarion, Aitana Bibbo y Oriana Alvarado. All\u00ed vencieron a Ecuador y a Per\u00fa, mientras que cayeron con Venezuela, avanzando como segundas de zona a los 16\u00b0 en donde cayeron con el equipo chileno.<\/p>\n\n\n\n<p>De este modo, la joven promesa del tenis de mesa correntino y argentino logr\u00f3 sumar una medalla para el pa\u00eds, un importante roce a nivel internacional y una experiencia inolvidable de cara a su futuro.<\/p>\n","protected":false},"excerpt":{"rendered":"<p>(S\u00e1bado 21 de marzo de 2026). La tenimesista regatense se qued\u00f3 con el tercer puesto en doble femenino U11 representando al pa\u00eds en el Sudamericano de Asunci\u00f3n. Del 16 al 20 de marzo en Asunci\u00f3n del Paraguay se llev\u00f3 a cabo el Campeonato Sudamericano U11 y U13 de Tenis de Mesa, organizado por la Federaci\u00f3n &hellip;<\/p>\n","protected":false},"author":6,"featured_media":41253,"comment_status":"closed","ping_status":"closed","sticky":false,"template":"","format":"standard","meta":{"footnotes":""},"categories":[156,13],"tags":[],"_links":{"self":[{"href":"https:\/\/crc.org.ar\/w\/wp-json\/wp\/v2\/posts\/41252"}],"collection":[{"href":"https:\/\/crc.org.ar\/w\/wp-json\/wp\/v2\/posts"}],"about":[{"href":"https:\/\/crc.org.ar\/w\/wp-json\/wp\/v2\/types\/post"}],"author":[{"embeddable":true,"href":"https:\/\/crc.org.ar\/w\/wp-json\/wp\/v2\/users\/6"}],"replies":[{"embeddable":true,"href":"https:\/\/crc.org.ar\/w\/wp-json\/wp\/v2\/comments?post=41252"}],"version-history":[{"count":1,"href":"https:\/\/crc.org.ar\/w\/wp-json\/wp\/v2\/posts\/41252\/revisions"}],"predecessor-version":[{"id":41255,"href":"https:\/\/crc.org.ar\/w\/wp-json\/wp\/v2\/posts\/41252\/revisions\/41255"}],"wp:featuredmedia":[{"embeddable":true,"href":"https:\/\/crc.org.ar\/w\/wp-json\/wp\/v2\/media\/41253"}],"wp:attachment":[{"href":"https:\/\/crc.org.ar\/w\/wp-json\/wp\/v2\/media?parent=41252"}],"wp:term":[{"taxonomy":"category","embeddable":true,"href":"https:\/\/crc.org.ar\/w\/wp-json\/wp\/v2\/categories?post=41252"},{"taxonomy":"post_tag","embeddable":true,"href":"https:\/\/crc.org.ar\/w\/wp-json\/wp\/v2\/tags?post=41252"}],"curies":[{"name":"wp","href":"https:\/\/api.w.org\/{rel}","templated":true}]}}