{"id":41268,"date":"2026-03-25T15:34:11","date_gmt":"2026-03-25T18:34:11","guid":{"rendered":"https:\/\/crc.org.ar\/w\/?p=41268"},"modified":"2026-03-25T15:34:11","modified_gmt":"2026-03-25T18:34:11","slug":"regatas-comenzo-su-camino-con-el-pie-derecho-en-el-provincial","status":"publish","type":"post","link":"https:\/\/crc.org.ar\/w\/regatas-comenzo-su-camino-con-el-pie-derecho-en-el-provincial\/","title":{"rendered":"Regatas comenz\u00f3 su camino con el pie derecho en el Provincial"},"content":{"rendered":"\n<p>(Mi\u00e9rcoles 25 de marzo de 2026). El club de parque Mitre sum\u00f3 triunfos en las primeras jornadas de la Liga Prefederal Formativa 2026, torneo que otorga plazas para la Liga PreFederal.<\/p>\n\n\n\n<!--more-->\n\n\n\n<figure class=\"wp-block-gallery alignfull has-nested-images columns-default is-cropped wp-block-gallery-1 is-layout-flex wp-block-gallery-is-layout-flex\">\n<figure class=\"wp-block-image size-large\"><img loading=\"lazy\" decoding=\"async\" width=\"2048\" height=\"1536\" data-id=\"41271\" src=\"https:\/\/crc.org.ar\/w\/wp-content\/uploads\/2026\/03\/WhatsApp-Image-2026-03-25-at-10.17.18-1-2048x1536.jpeg\" alt=\"\" class=\"wp-image-41271\" srcset=\"https:\/\/crc.org.ar\/w\/wp-content\/uploads\/2026\/03\/WhatsApp-Image-2026-03-25-at-10.17.18-1-2048x1536.jpeg 2048w, https:\/\/crc.org.ar\/w\/wp-content\/uploads\/2026\/03\/WhatsApp-Image-2026-03-25-at-10.17.18-1-300x225.jpeg 300w, https:\/\/crc.org.ar\/w\/wp-content\/uploads\/2026\/03\/WhatsApp-Image-2026-03-25-at-10.17.18-1-768x576.jpeg 768w, https:\/\/crc.org.ar\/w\/wp-content\/uploads\/2026\/03\/WhatsApp-Image-2026-03-25-at-10.17.18-1-1536x1152.jpeg 1536w\" sizes=\"(max-width: 2048px) 100vw, 2048px\" \/><\/figure>\n\n\n\n<figure class=\"wp-block-image size-large\"><img loading=\"lazy\" decoding=\"async\" width=\"2048\" height=\"1536\" data-id=\"41270\" src=\"https:\/\/crc.org.ar\/w\/wp-content\/uploads\/2026\/03\/WhatsApp-Image-2026-03-25-at-10.17.18-2048x1536.jpeg\" alt=\"\" class=\"wp-image-41270\" srcset=\"https:\/\/crc.org.ar\/w\/wp-content\/uploads\/2026\/03\/WhatsApp-Image-2026-03-25-at-10.17.18-2048x1536.jpeg 2048w, https:\/\/crc.org.ar\/w\/wp-content\/uploads\/2026\/03\/WhatsApp-Image-2026-03-25-at-10.17.18-300x225.jpeg 300w, https:\/\/crc.org.ar\/w\/wp-content\/uploads\/2026\/03\/WhatsApp-Image-2026-03-25-at-10.17.18-768x576.jpeg 768w, https:\/\/crc.org.ar\/w\/wp-content\/uploads\/2026\/03\/WhatsApp-Image-2026-03-25-at-10.17.18-1536x1152.jpeg 1536w\" sizes=\"(max-width: 2048px) 100vw, 2048px\" \/><\/figure>\n\n\n\n<figure class=\"wp-block-image size-large\"><img loading=\"lazy\" decoding=\"async\" width=\"1600\" height=\"900\" data-id=\"41269\" src=\"https:\/\/crc.org.ar\/w\/wp-content\/uploads\/2026\/03\/WhatsApp-Image-2026-03-25-at-10.17.17.jpeg\" alt=\"\" class=\"wp-image-41269\" srcset=\"https:\/\/crc.org.ar\/w\/wp-content\/uploads\/2026\/03\/WhatsApp-Image-2026-03-25-at-10.17.17.jpeg 1600w, https:\/\/crc.org.ar\/w\/wp-content\/uploads\/2026\/03\/WhatsApp-Image-2026-03-25-at-10.17.17-300x169.jpeg 300w, https:\/\/crc.org.ar\/w\/wp-content\/uploads\/2026\/03\/WhatsApp-Image-2026-03-25-at-10.17.17-768x432.jpeg 768w, https:\/\/crc.org.ar\/w\/wp-content\/uploads\/2026\/03\/WhatsApp-Image-2026-03-25-at-10.17.17-1536x864.jpeg 1536w, https:\/\/crc.org.ar\/w\/wp-content\/uploads\/2026\/03\/WhatsApp-Image-2026-03-25-at-10.17.17-390x220.jpeg 390w\" sizes=\"(max-width: 1600px) 100vw, 1600px\" \/><\/figure>\n<\/figure>\n\n\n\n<p>La temporada del b\u00e1squet formativo para el Club de Regatas Corrientes arranc\u00f3 con una nueva edici\u00f3n de la Liga PreFederal Formativa, certamen organizado por la Federaci\u00f3n de B\u00e1squet de la Provincia de Corrientes, el cual otorga el t\u00edtulo Provincial y la clasificaci\u00f3n a la Liga Federal.<\/p>\n\n\n\n<p>La instituci\u00f3n del parque Mitre participa en la categor\u00eda Mini Mixto (U11) y en Infantiles, Cadetes y Juveniles en las dos ramas, por lo que presenta un total de siete equipos en el torneo.<\/p>\n\n\n\n<p>En la rama masculina, el Remero comparte el Grupo D junto a Juventud Unida de Goya, Santa Rosa Basket y San Mart\u00edn de Curuz\u00fa Cuati\u00e1. Por su parte, la rama femenina se jugar\u00e1 en triangulares, cuadrangulares o pentagonales, dependiendo la cantidad de clubes de cada categor\u00eda.<\/p>\n\n\n\n<p>En la rama de los hombres el estreno fue con victoria para los equipos de Regatas, quienes vencieron a Santa Rosa como visitante 44-116 en Juveniles en la Fecha 1. Mientras que en la Fecha 2 vencieron como local a Juventud Unida en Mini, Infantiles y Juveniles.<\/p>\n\n\n\n<p>Se juega todos contra todos a dos ruedas y los dos primeros avanzan a la siguiente instancia de la competencia. Aunque es importante destacar que la cantidad de partidos depender\u00e1 de cada categor\u00eda, ya que no todos los clubes de la zona presentan equipos en todas las mismas categor\u00edas.<\/p>\n\n\n\n<p>Por su parte, en el femenino, las chicas regatenses integrar\u00e1n la Zona A en Infantiles junto a Don Bosco, Uni\u00f3n de Goya y San Lorenzo de Monte Caseros, midi\u00e9ndose en dos cuadrangulares que clasificar\u00e1n al primero y al mejor segundo a la instancia final.<\/p>\n\n\n\n<p>En Cadetes compartir\u00e1n el Grupo C con 1536 Viviendas, Comunicaciones de Mercedes, Sportiva de Esquina y Barraca de Paso de los Libres, compartiendo dos pentagonales que dirimir\u00e1n al mejor y al mejor segundo entre las tres zonas de cara al cuadrangular final.<\/p>\n\n\n\n<p>En Juveniles por su parte, solo hay dos zonas, y Regatas est\u00e1 en la A con Don Bosco, Recreativo Curuz\u00fa Cuat\u00eda y Uni\u00f3n de Goya. All\u00ed ser\u00e1 la misma modalidad, con dos fechas de cuadrangulares donde los primeros dos avanzaran al Cuadrangular Final.<\/p>\n\n\n\n<p>Regatas viene de un gran 2025 con consagraciones en diversas categor\u00edas e incluso gran presencia a nivel nacional en la Liga Federal con equipos que llegaron a instancias finales, con un subcampeonato en U11 masculino, un 3\u00b0 puesto en U11 femenino y un 3\u00b0 lugar en el U15 masculino.<\/p>\n","protected":false},"excerpt":{"rendered":"<p>(Mi\u00e9rcoles 25 de marzo de 2026). El club de parque Mitre sum\u00f3 triunfos en las primeras jornadas de la Liga Prefederal Formativa 2026, torneo que otorga plazas para la Liga PreFederal. La temporada del b\u00e1squet formativo para el Club de Regatas Corrientes arranc\u00f3 con una nueva edici\u00f3n de la Liga PreFederal Formativa, certamen organizado por &hellip;<\/p>\n","protected":false},"author":6,"featured_media":41270,"comment_status":"closed","ping_status":"closed","sticky":false,"template":"","format":"standard","meta":{"footnotes":""},"categories":[113,156],"tags":[],"_links":{"self":[{"href":"https:\/\/crc.org.ar\/w\/wp-json\/wp\/v2\/posts\/41268"}],"collection":[{"href":"https:\/\/crc.org.ar\/w\/wp-json\/wp\/v2\/posts"}],"about":[{"href":"https:\/\/crc.org.ar\/w\/wp-json\/wp\/v2\/types\/post"}],"author":[{"embeddable":true,"href":"https:\/\/crc.org.ar\/w\/wp-json\/wp\/v2\/users\/6"}],"replies":[{"embeddable":true,"href":"https:\/\/crc.org.ar\/w\/wp-json\/wp\/v2\/comments?post=41268"}],"version-history":[{"count":1,"href":"https:\/\/crc.org.ar\/w\/wp-json\/wp\/v2\/posts\/41268\/revisions"}],"predecessor-version":[{"id":41272,"href":"https:\/\/crc.org.ar\/w\/wp-json\/wp\/v2\/posts\/41268\/revisions\/41272"}],"wp:featuredmedia":[{"embeddable":true,"href":"https:\/\/crc.org.ar\/w\/wp-json\/wp\/v2\/media\/41270"}],"wp:attachment":[{"href":"https:\/\/crc.org.ar\/w\/wp-json\/wp\/v2\/media?parent=41268"}],"wp:term":[{"taxonomy":"category","embeddable":true,"href":"https:\/\/crc.org.ar\/w\/wp-json\/wp\/v2\/categories?post=41268"},{"taxonomy":"post_tag","embeddable":true,"href":"https:\/\/crc.org.ar\/w\/wp-json\/wp\/v2\/tags?post=41268"}],"curies":[{"name":"wp","href":"https:\/\/api.w.org\/{rel}","templated":true}]}}