{"id":41413,"date":"2026-04-28T09:50:06","date_gmt":"2026-04-28T12:50:06","guid":{"rendered":"https:\/\/crc.org.ar\/w\/?p=41413"},"modified":"2026-04-28T09:50:06","modified_gmt":"2026-04-28T12:50:06","slug":"lafuente-y-ferreyra-se-colgaron-medallas-en-el-nacional-de-juveniles","status":"publish","type":"post","link":"https:\/\/crc.org.ar\/w\/lafuente-y-ferreyra-se-colgaron-medallas-en-el-nacional-de-juveniles\/","title":{"rendered":"Lafuente y Ferreyra se colgaron medallas en el Nacional de Juveniles"},"content":{"rendered":"\n<p>(Martes 28 de abril de 2026). El equipo regatense de categor\u00eda juvenil particip\u00f3 del Campeonato de la Rep\u00fablica en Buenos Aires donde Ezequiel Lafuente consigui\u00f3 tres medallas de plata y Tania Ferreyra dos de bronce.<\/p>\n\n\n\n<!--more-->\n\n\n\n<figure class=\"wp-block-image size-full\"><img loading=\"lazy\" decoding=\"async\" width=\"720\" height=\"1280\" src=\"https:\/\/crc.org.ar\/w\/wp-content\/uploads\/2026\/04\/WhatsApp-Image-2026-04-27-at-17.10.18.jpeg\" alt=\"\" class=\"wp-image-41414\" srcset=\"https:\/\/crc.org.ar\/w\/wp-content\/uploads\/2026\/04\/WhatsApp-Image-2026-04-27-at-17.10.18.jpeg 720w, https:\/\/crc.org.ar\/w\/wp-content\/uploads\/2026\/04\/WhatsApp-Image-2026-04-27-at-17.10.18-169x300.jpeg 169w\" sizes=\"(max-width: 720px) 100vw, 720px\" \/><\/figure>\n\n\n\n<p>Del 21 al 25 de abril en el natatorio del Parque Ol\u00edmpico de Buenos Aires se llev\u00f3 adelante el Campeonato de la Rep\u00fablica de Juveniles, donde el Club de Regatas Corrientes se hizo presente con grandes resultados.<\/p>\n\n\n\n<p>Lo m\u00e1s destacado lleg\u00f3 por parte de Ezequiel Lafuente, quien fue tres veces subcampe\u00f3n. El nadador correntino logr\u00f3 colgarse la medalla de plata en su estilo de especialidad en tres pruebas distintas: 50, 100 y 200 pecho. Adem\u00e1s, qued\u00f3 cerca del podio en los 200 combinado terminando 4\u00b0, y tambi\u00e9n compiti\u00f3 en 50 mariposa siendo 12\u00b0.<\/p>\n\n\n\n<figure class=\"wp-block-image size-full\"><img loading=\"lazy\" decoding=\"async\" width=\"1600\" height=\"993\" src=\"https:\/\/crc.org.ar\/w\/wp-content\/uploads\/2026\/04\/WhatsApp-Image-2026-04-27-at-18.02.32.jpeg\" alt=\"\" class=\"wp-image-41415\" srcset=\"https:\/\/crc.org.ar\/w\/wp-content\/uploads\/2026\/04\/WhatsApp-Image-2026-04-27-at-18.02.32.jpeg 1600w, https:\/\/crc.org.ar\/w\/wp-content\/uploads\/2026\/04\/WhatsApp-Image-2026-04-27-at-18.02.32-300x186.jpeg 300w, https:\/\/crc.org.ar\/w\/wp-content\/uploads\/2026\/04\/WhatsApp-Image-2026-04-27-at-18.02.32-768x477.jpeg 768w, https:\/\/crc.org.ar\/w\/wp-content\/uploads\/2026\/04\/WhatsApp-Image-2026-04-27-at-18.02.32-1536x953.jpeg 1536w\" sizes=\"(max-width: 1600px) 100vw, 1600px\" \/><\/figure>\n\n\n\n<p>Por su parte, Tania Ferreyra, que a\u00fan por edad no es de la categor\u00eda, pudo meterse en dos podios para llevarse medallas. Termin\u00f3 3\u00b0 y consigui\u00f3 el bronce en los 100 pecho y en los 50 mariposa. Por otra parte, fue 4\u00b0 en los 50 libre, 9\u00b0 en los 100 libre y 8\u00b0 en los 50 pecho.<\/p>\n\n\n\n<figure class=\"wp-block-image size-full\"><img loading=\"lazy\" decoding=\"async\" width=\"1080\" height=\"720\" src=\"https:\/\/crc.org.ar\/w\/wp-content\/uploads\/2026\/04\/WhatsApp-Image-2026-04-27-at-17.49.53.jpeg\" alt=\"\" class=\"wp-image-41416\" srcset=\"https:\/\/crc.org.ar\/w\/wp-content\/uploads\/2026\/04\/WhatsApp-Image-2026-04-27-at-17.49.53.jpeg 1080w, https:\/\/crc.org.ar\/w\/wp-content\/uploads\/2026\/04\/WhatsApp-Image-2026-04-27-at-17.49.53-300x200.jpeg 300w, https:\/\/crc.org.ar\/w\/wp-content\/uploads\/2026\/04\/WhatsApp-Image-2026-04-27-at-17.49.53-768x512.jpeg 768w\" sizes=\"(max-width: 1080px) 100vw, 1080px\" \/><\/figure>\n\n\n\n<p>Santiago Delgrosso tuvo una buena performance, pero le falt\u00f3 poco para subirse al podio. Fue 4\u00b0 en en los 200 combinados, 5\u00b0 en los 100 espalda, 9\u00b0 en los 50 libre y 12\u00b0 en los 50 espalda.<\/p>\n\n\n\n<p>Ana Paula Cabral compiti\u00f3 en los 50, 100 y 200 pecho y en los 50 espalda, donde logr\u00f3 buenas marcas, pero estuvo lejos de la zona de medallas. Franco Schmocker por su parte estuvo presente en los 100 y 200 libre, 50 y 100 mariposa y 50 crol, mostrando avance personal y crecimiento deportivo. De esta manera, los entrenados por Leonardo Cabral y Soledad Schultheins finalizaron en la posici\u00f3n 24 de 75 clubes participantes en la competencia, redondeando 54 puntos en total con apenas cinco nadadores.<\/p>\n","protected":false},"excerpt":{"rendered":"<p>(Martes 28 de abril de 2026). El equipo regatense de categor\u00eda juvenil particip\u00f3 del Campeonato de la Rep\u00fablica en Buenos Aires donde Ezequiel Lafuente consigui\u00f3 tres medallas de plata y Tania Ferreyra dos de bronce. Del 21 al 25 de abril en el natatorio del Parque Ol\u00edmpico de Buenos Aires se llev\u00f3 adelante el Campeonato &hellip;<\/p>\n","protected":false},"author":6,"featured_media":41414,"comment_status":"closed","ping_status":"closed","sticky":false,"template":"","format":"standard","meta":{"footnotes":""},"categories":[69,156],"tags":[],"_links":{"self":[{"href":"https:\/\/crc.org.ar\/w\/wp-json\/wp\/v2\/posts\/41413"}],"collection":[{"href":"https:\/\/crc.org.ar\/w\/wp-json\/wp\/v2\/posts"}],"about":[{"href":"https:\/\/crc.org.ar\/w\/wp-json\/wp\/v2\/types\/post"}],"author":[{"embeddable":true,"href":"https:\/\/crc.org.ar\/w\/wp-json\/wp\/v2\/users\/6"}],"replies":[{"embeddable":true,"href":"https:\/\/crc.org.ar\/w\/wp-json\/wp\/v2\/comments?post=41413"}],"version-history":[{"count":1,"href":"https:\/\/crc.org.ar\/w\/wp-json\/wp\/v2\/posts\/41413\/revisions"}],"predecessor-version":[{"id":41417,"href":"https:\/\/crc.org.ar\/w\/wp-json\/wp\/v2\/posts\/41413\/revisions\/41417"}],"wp:featuredmedia":[{"embeddable":true,"href":"https:\/\/crc.org.ar\/w\/wp-json\/wp\/v2\/media\/41414"}],"wp:attachment":[{"href":"https:\/\/crc.org.ar\/w\/wp-json\/wp\/v2\/media?parent=41413"}],"wp:term":[{"taxonomy":"category","embeddable":true,"href":"https:\/\/crc.org.ar\/w\/wp-json\/wp\/v2\/categories?post=41413"},{"taxonomy":"post_tag","embeddable":true,"href":"https:\/\/crc.org.ar\/w\/wp-json\/wp\/v2\/tags?post=41413"}],"curies":[{"name":"wp","href":"https:\/\/api.w.org\/{rel}","templated":true}]}}