{"id":41418,"date":"2026-04-29T10:33:17","date_gmt":"2026-04-29T13:33:17","guid":{"rendered":"https:\/\/crc.org.ar\/w\/?p=41418"},"modified":"2026-04-29T10:33:18","modified_gmt":"2026-04-29T13:33:18","slug":"regatenses-brillaron-en-el-torneo-dia-mundial-del-tenis-de-mesa","status":"publish","type":"post","link":"https:\/\/crc.org.ar\/w\/regatenses-brillaron-en-el-torneo-dia-mundial-del-tenis-de-mesa\/","title":{"rendered":"Regatenses brillaron en el Torneo D\u00eda Mundial del Tenis de Mesa"},"content":{"rendered":"\n<p>(Mi\u00e9rcoles 29 de abril de 2026). Los jugadores de la escuela Remera de tenis de mesa obtuvieron numerosos podios en las distintas categor\u00edas del certamen organizado por la FCTM.<\/p>\n\n\n\n<!--more-->\n\n\n\n<p>El pasado s\u00e1bado en el Albergue Deportivo de la Secretar\u00eda de Deportes de la Provincia de Corrientes se llev\u00f3 a cabo el Torneo D\u00eda Mundial del Tenis de Mesa, organizado por la Federaci\u00f3n Correntina de la disciplina, donde los jugadores del Club de Regatas Corrientes tuvieron excelentes resultados.<\/p>\n\n\n\n<p>El certamen cont\u00f3 con la presencia de competidores de la ciudad y de ciudades vecinas, y tuvo competiciones en las distintas categor\u00edas, 1ra, 2da y 3ra, adem\u00e1s de que tambi\u00e9n se compiti\u00f3 en Dobles en dos divisiones A y B.<\/p>\n\n\n\n<p>Por parte del equipo regatense lo m\u00e1s destacado lo consigui\u00f3 Nicol\u00e1s N\u00fa\u00f1ez, quien se consagr\u00f3 campe\u00f3n en la m\u00e1xima categor\u00eda, 1ra. El tenimesista viene hace dos a\u00f1os consecutivos siendo la mejor paleta correntina en los torneos puntuables y ganador del Top 8 correntino en 2024 y 2025.<\/p>\n\n\n\n<p>En categor\u00eda 2da hubo doble podio Remero: Juan Ignacio Romero finaliz\u00f3 con la medalla de plata, mientras que Martina Ben\u00edtez Tom\u00e9 se colg\u00f3 la de bronce. En 3ra Ciro Ojeda fue subcampe\u00f3n y Valentina Paredes fue tercera. Por \u00faltimo, la dupla compuesta por Ben\u00edtez Tom\u00e9 y Paredes se qued\u00f3 con la medalla de plata en el Dobles B.<\/p>\n\n\n\n<figure class=\"wp-block-gallery has-nested-images columns-4 is-cropped wp-block-gallery-1 is-layout-flex wp-block-gallery-is-layout-flex\">\n<figure class=\"wp-block-image size-full\"><a href=\"https:\/\/crc.org.ar\/w\/wp-content\/uploads\/2026\/04\/WhatsApp-Image-2026-04-28-at-19.25.13.jpeg\"><img loading=\"lazy\" decoding=\"async\" width=\"1200\" height=\"1600\" data-id=\"41422\" src=\"https:\/\/crc.org.ar\/w\/wp-content\/uploads\/2026\/04\/WhatsApp-Image-2026-04-28-at-19.25.13.jpeg\" alt=\"\" class=\"wp-image-41422\" srcset=\"https:\/\/crc.org.ar\/w\/wp-content\/uploads\/2026\/04\/WhatsApp-Image-2026-04-28-at-19.25.13.jpeg 1200w, https:\/\/crc.org.ar\/w\/wp-content\/uploads\/2026\/04\/WhatsApp-Image-2026-04-28-at-19.25.13-225x300.jpeg 225w, https:\/\/crc.org.ar\/w\/wp-content\/uploads\/2026\/04\/WhatsApp-Image-2026-04-28-at-19.25.13-768x1024.jpeg 768w, https:\/\/crc.org.ar\/w\/wp-content\/uploads\/2026\/04\/WhatsApp-Image-2026-04-28-at-19.25.13-1152x1536.jpeg 1152w\" sizes=\"(max-width: 1200px) 100vw, 1200px\" \/><\/a><\/figure>\n\n\n\n<figure class=\"wp-block-image size-full\"><a href=\"https:\/\/crc.org.ar\/w\/wp-content\/uploads\/2026\/04\/WhatsApp-Image-2026-04-28-at-19.25.15.jpeg\"><img loading=\"lazy\" decoding=\"async\" width=\"960\" height=\"1280\" data-id=\"41419\" src=\"https:\/\/crc.org.ar\/w\/wp-content\/uploads\/2026\/04\/WhatsApp-Image-2026-04-28-at-19.25.15.jpeg\" alt=\"\" class=\"wp-image-41419\" srcset=\"https:\/\/crc.org.ar\/w\/wp-content\/uploads\/2026\/04\/WhatsApp-Image-2026-04-28-at-19.25.15.jpeg 960w, https:\/\/crc.org.ar\/w\/wp-content\/uploads\/2026\/04\/WhatsApp-Image-2026-04-28-at-19.25.15-225x300.jpeg 225w, https:\/\/crc.org.ar\/w\/wp-content\/uploads\/2026\/04\/WhatsApp-Image-2026-04-28-at-19.25.15-768x1024.jpeg 768w\" sizes=\"(max-width: 960px) 100vw, 960px\" \/><\/a><\/figure>\n\n\n\n<figure class=\"wp-block-image size-full\"><a href=\"https:\/\/crc.org.ar\/w\/wp-content\/uploads\/2026\/04\/WhatsApp-Image-2026-04-28-at-19.25.16.jpeg\"><img loading=\"lazy\" decoding=\"async\" width=\"1200\" height=\"1600\" data-id=\"41421\" src=\"https:\/\/crc.org.ar\/w\/wp-content\/uploads\/2026\/04\/WhatsApp-Image-2026-04-28-at-19.25.16.jpeg\" alt=\"\" class=\"wp-image-41421\" srcset=\"https:\/\/crc.org.ar\/w\/wp-content\/uploads\/2026\/04\/WhatsApp-Image-2026-04-28-at-19.25.16.jpeg 1200w, https:\/\/crc.org.ar\/w\/wp-content\/uploads\/2026\/04\/WhatsApp-Image-2026-04-28-at-19.25.16-225x300.jpeg 225w, https:\/\/crc.org.ar\/w\/wp-content\/uploads\/2026\/04\/WhatsApp-Image-2026-04-28-at-19.25.16-768x1024.jpeg 768w, https:\/\/crc.org.ar\/w\/wp-content\/uploads\/2026\/04\/WhatsApp-Image-2026-04-28-at-19.25.16-1152x1536.jpeg 1152w\" sizes=\"(max-width: 1200px) 100vw, 1200px\" \/><\/a><\/figure>\n\n\n\n<figure class=\"wp-block-image size-full\"><a href=\"https:\/\/crc.org.ar\/w\/wp-content\/uploads\/2026\/04\/WhatsApp-Image-2026-04-28-at-19.25.17.jpeg\"><img loading=\"lazy\" decoding=\"async\" width=\"960\" height=\"1280\" data-id=\"41420\" src=\"https:\/\/crc.org.ar\/w\/wp-content\/uploads\/2026\/04\/WhatsApp-Image-2026-04-28-at-19.25.17.jpeg\" alt=\"\" class=\"wp-image-41420\" srcset=\"https:\/\/crc.org.ar\/w\/wp-content\/uploads\/2026\/04\/WhatsApp-Image-2026-04-28-at-19.25.17.jpeg 960w, https:\/\/crc.org.ar\/w\/wp-content\/uploads\/2026\/04\/WhatsApp-Image-2026-04-28-at-19.25.17-225x300.jpeg 225w, https:\/\/crc.org.ar\/w\/wp-content\/uploads\/2026\/04\/WhatsApp-Image-2026-04-28-at-19.25.17-768x1024.jpeg 768w\" sizes=\"(max-width: 960px) 100vw, 960px\" \/><\/a><\/figure>\n<\/figure>\n","protected":false},"excerpt":{"rendered":"<p>(Mi\u00e9rcoles 29 de abril de 2026). Los jugadores de la escuela Remera de tenis de mesa obtuvieron numerosos podios en las distintas categor\u00edas del certamen organizado por la FCTM. El pasado s\u00e1bado en el Albergue Deportivo de la Secretar\u00eda de Deportes de la Provincia de Corrientes se llev\u00f3 a cabo el Torneo D\u00eda Mundial del &hellip;<\/p>\n","protected":false},"author":6,"featured_media":41422,"comment_status":"closed","ping_status":"closed","sticky":false,"template":"","format":"standard","meta":{"footnotes":""},"categories":[156,13],"tags":[],"_links":{"self":[{"href":"https:\/\/crc.org.ar\/w\/wp-json\/wp\/v2\/posts\/41418"}],"collection":[{"href":"https:\/\/crc.org.ar\/w\/wp-json\/wp\/v2\/posts"}],"about":[{"href":"https:\/\/crc.org.ar\/w\/wp-json\/wp\/v2\/types\/post"}],"author":[{"embeddable":true,"href":"https:\/\/crc.org.ar\/w\/wp-json\/wp\/v2\/users\/6"}],"replies":[{"embeddable":true,"href":"https:\/\/crc.org.ar\/w\/wp-json\/wp\/v2\/comments?post=41418"}],"version-history":[{"count":1,"href":"https:\/\/crc.org.ar\/w\/wp-json\/wp\/v2\/posts\/41418\/revisions"}],"predecessor-version":[{"id":41423,"href":"https:\/\/crc.org.ar\/w\/wp-json\/wp\/v2\/posts\/41418\/revisions\/41423"}],"wp:featuredmedia":[{"embeddable":true,"href":"https:\/\/crc.org.ar\/w\/wp-json\/wp\/v2\/media\/41422"}],"wp:attachment":[{"href":"https:\/\/crc.org.ar\/w\/wp-json\/wp\/v2\/media?parent=41418"}],"wp:term":[{"taxonomy":"category","embeddable":true,"href":"https:\/\/crc.org.ar\/w\/wp-json\/wp\/v2\/categories?post=41418"},{"taxonomy":"post_tag","embeddable":true,"href":"https:\/\/crc.org.ar\/w\/wp-json\/wp\/v2\/tags?post=41418"}],"curies":[{"name":"wp","href":"https:\/\/api.w.org\/{rel}","templated":true}]}}