{"id":4151,"date":"2017-07-27T14:12:32","date_gmt":"2017-07-27T17:12:32","guid":{"rendered":"http:\/\/www.crc.org.ar\/w\/?p=4151"},"modified":"2017-07-27T14:14:19","modified_gmt":"2017-07-27T17:14:19","slug":"alejandro-vera-entreno-en-tigre-con-la-seleccion-para-proyeccion-internacional","status":"publish","type":"post","link":"https:\/\/crc.org.ar\/w\/alejandro-vera-entreno-en-tigre-con-la-seleccion-para-proyeccion-internacional\/","title":{"rendered":"Alejandro Vera entren\u00f3 en Tigre con la Selecci\u00f3n para proyecci\u00f3n internacional"},"content":{"rendered":"<p>(Jueves 27 de julio de 2017). El remero del Club de Regatas Corrientes, Alejandro Vera, estuvo concentrado y entrenando con la Selecci\u00f3n Argentina Adaptada, por tercer a\u00f1o consecutivo, en la pista Nacional de Tigre, en donde bajo considerablemente sus tiempos, con vistas a futuras competencias internacionales.<\/p>\n<p><!--more--><\/p>\n<p><a href=\"http:\/\/www.crc.org.ar\/w\/wp-content\/uploads\/2017\/07\/Ale-Vera.jpg\"><img loading=\"lazy\" decoding=\"async\" class=\"aligncenter wp-image-4152 size-full\" src=\"http:\/\/www.crc.org.ar\/w\/wp-content\/uploads\/2017\/07\/Ale-Vera.jpg\" alt=\"\" width=\"827\" height=\"504\" srcset=\"https:\/\/crc.org.ar\/w\/wp-content\/uploads\/2017\/07\/Ale-Vera.jpg 827w, https:\/\/crc.org.ar\/w\/wp-content\/uploads\/2017\/07\/Ale-Vera-300x183.jpg 300w, https:\/\/crc.org.ar\/w\/wp-content\/uploads\/2017\/07\/Ale-Vera-768x468.jpg 768w\" sizes=\"(max-width: 827px) 100vw, 827px\" \/><\/a><br \/>\nEl atleta del Club de Regatas Corrientes, Alejandro Vera, sigue trabajando intensamente con la Selecci\u00f3n Nacional de remo Adaptado de la Asociaci\u00f3n Argentina de Remeros Aficionados (AARA), ya en su tercera temporada consecutiva.<\/p>\n<p>Recientemente estuvo concentrado y entrenando en la pista Nacional de Tigre, en donde bajo sus tiempos en pruebas exigentes de 4 kil\u00f3metros, confirmando una vez m\u00e1s su permanente evoluci\u00f3n en la disciplina.<\/p>\n<p>\u201cSorprendido por los tiempos que puse\u201d, comenz\u00f3 diciendo Alejandro Vera. \u201cEn los cuatro kil\u00f3metros puse 22 minutos y 43 segundos, y en los dos kil\u00f3metros 10 minutos y 43 segundos\u201d, a\u00f1adi\u00f3.<\/p>\n<p><strong>TIEMPOS INTERNACIONALES <\/strong><br \/>\n\u201cEstoy muy contento e ilusionado, ya que este tiempo llega muy cerca del Selectivo de agosto pr\u00f3ximo (10 al 15 en Tigre) para Campeonato Paral\u00edmpico Brasile\u00f1o en San Pablo en octubre\u201d, se\u00f1al\u00f3 un entusiasta Vera.<\/p>\n<p>\u201cY porque en febrero \u2013continu\u00f3- en Sarasota, que queda en la Florida, hay un campus de perfeccionamiento de proyecci\u00f3n para el Campeonato del Mundo y Tokio 2020, s\u00f3lo para singlistas que tienen tiempo por debajo de los 11minutos\u201d.<\/p>\n<p>\u201cAs\u00ed que imag\u00ednate como estoy. Adem\u00e1s los par\u00e1metros internacionales, como una reciente regata en Polonia, en la final \u201cA\u201d el sexto puso un tiempo de 10 minutos y 47 segundos. Quiere decir que ah\u00ed estoy, m\u00e1s all\u00e1 que regatas son regatas y nada es igual\u201d, coment\u00f3.<\/p>\n<p><strong>SIN AFLOJAR <\/strong><br \/>\n\u201cPero bueno, ahora metido con los entrenamientos en Corrientes, en doble turno aprovechando las vacaciones. Inclusive iniciando clases de yoga, tambi\u00e9n en el Club, que me aconsejaron para mejorar la respiraci\u00f3n, y enfocado en el Selectivo\u201d, acot\u00f3.<\/p>\n<p>\u201cDespu\u00e9s vendr\u00e1n concentraciones en septiembre y octubre y el Campeonato Paral\u00edmpico Brasile\u00f1o que es 27, 28 y 29 de octubre en San Pablo; y despu\u00e9s viene el Argentino en donde seguramente voy a querer subir a lo m\u00e1s alto del podio\u201d, sigui\u00f3 comentando.<\/p>\n<p><strong>AYUDA, NECESITAMOS<\/strong><br \/>\nPor \u00faltimo, Ver\u00e1 dijo \u201cd\u00e9jame agradecer a los que me est\u00e1n ayudando a cumplir este sue\u00f1o de Selecci\u00f3n, como Servicios Profesionales Veterinarios, Gobierno de la Provincia y mi querido Club de Regatas Corrientes\u201d.<\/p>\n<p>\u201cOjala pudiera conseguir otro auspiciante, u otros, ya que estoy necesitando unas palas marca Croker que son australianas. Me siento bien con esas, y esa marca uso cuando corro, y la verdad que ahora sin inaccesibles para mi\u201d, finaliz\u00f3.<\/p>\n","protected":false},"excerpt":{"rendered":"<p>(Jueves 27 de julio de 2017). El remero del Club de Regatas Corrientes, Alejandro Vera, estuvo concentrado y entrenando con la Selecci\u00f3n Argentina Adaptada, por tercer a\u00f1o consecutivo, en la pista Nacional de Tigre, en donde bajo considerablemente sus tiempos, con vistas a futuras competencias internacionales. El atleta del Club de Regatas Corrientes, Alejandro Vera, &hellip;<\/p>\n","protected":false},"author":1,"featured_media":4152,"comment_status":"closed","ping_status":"open","sticky":false,"template":"","format":"standard","meta":{"footnotes":""},"categories":[18],"tags":[],"_links":{"self":[{"href":"https:\/\/crc.org.ar\/w\/wp-json\/wp\/v2\/posts\/4151"}],"collection":[{"href":"https:\/\/crc.org.ar\/w\/wp-json\/wp\/v2\/posts"}],"about":[{"href":"https:\/\/crc.org.ar\/w\/wp-json\/wp\/v2\/types\/post"}],"author":[{"embeddable":true,"href":"https:\/\/crc.org.ar\/w\/wp-json\/wp\/v2\/users\/1"}],"replies":[{"embeddable":true,"href":"https:\/\/crc.org.ar\/w\/wp-json\/wp\/v2\/comments?post=4151"}],"version-history":[{"count":1,"href":"https:\/\/crc.org.ar\/w\/wp-json\/wp\/v2\/posts\/4151\/revisions"}],"predecessor-version":[{"id":4153,"href":"https:\/\/crc.org.ar\/w\/wp-json\/wp\/v2\/posts\/4151\/revisions\/4153"}],"wp:featuredmedia":[{"embeddable":true,"href":"https:\/\/crc.org.ar\/w\/wp-json\/wp\/v2\/media\/4152"}],"wp:attachment":[{"href":"https:\/\/crc.org.ar\/w\/wp-json\/wp\/v2\/media?parent=4151"}],"wp:term":[{"taxonomy":"category","embeddable":true,"href":"https:\/\/crc.org.ar\/w\/wp-json\/wp\/v2\/categories?post=4151"},{"taxonomy":"post_tag","embeddable":true,"href":"https:\/\/crc.org.ar\/w\/wp-json\/wp\/v2\/tags?post=4151"}],"curies":[{"name":"wp","href":"https:\/\/api.w.org\/{rel}","templated":true}]}}