{"id":41792,"date":"2026-08-31T12:36:55","date_gmt":"2026-08-31T15:36:55","guid":{"rendered":"https:\/\/crc.org.ar\/w\/?p=41792"},"modified":"2026-08-31T12:36:56","modified_gmt":"2026-08-31T15:36:56","slug":"regatas-con-podios-en-la-1-fecha-del-campeonato-de-vela-ligera","status":"publish","type":"post","link":"https:\/\/crc.org.ar\/w\/regatas-con-podios-en-la-1-fecha-del-campeonato-de-vela-ligera\/","title":{"rendered":"Regatas con podios en la 1\u00b0 Fecha del Campeonato de Vela Ligera"},"content":{"rendered":"\n<p>(Lunes 31 de agosto de 2026). Gran actuaci\u00f3n del equipo de optimist Remero en el tradicional certamen correntino.<\/p>\n\n\n\n<!--more-->\n\n\n\n<figure class=\"wp-block-image size-full\"><img loading=\"lazy\" decoding=\"async\" width=\"1600\" height=\"1200\" src=\"https:\/\/crc.org.ar\/w\/wp-content\/uploads\/2026\/08\/WhatsApp-Image-2026-08-31-at-12.34.26.jpeg\" alt=\"\" class=\"wp-image-41793\" srcset=\"https:\/\/crc.org.ar\/w\/wp-content\/uploads\/2026\/08\/WhatsApp-Image-2026-08-31-at-12.34.26.jpeg 1600w, https:\/\/crc.org.ar\/w\/wp-content\/uploads\/2026\/08\/WhatsApp-Image-2026-08-31-at-12.34.26-300x225.jpeg 300w, https:\/\/crc.org.ar\/w\/wp-content\/uploads\/2026\/08\/WhatsApp-Image-2026-08-31-at-12.34.26-768x576.jpeg 768w, https:\/\/crc.org.ar\/w\/wp-content\/uploads\/2026\/08\/WhatsApp-Image-2026-08-31-at-12.34.26-1536x1152.jpeg 1536w\" sizes=\"(max-width: 1600px) 100vw, 1600px\" \/><\/figure>\n\n\n\n<p>El s\u00e1bado pasado se desarroll\u00f3 la primera fecha del Clausura del Campeonato Correntino de Vela Ligera, en donde los nautas del Club de Regatas Corrientes se presentaron con buenos resultados inclu\u00eddos.<\/p>\n\n\n\n<p>El equipo de la instituci\u00f3n del parque Mitre estuvo acompa\u00f1ado por los instructores Adri\u00e1n Montiel, Gabriel Montiel y Franco Cassiet, tuvo a Kahel Waisblat, Mar\u00eda Julia Tarrag\u00f3, Augusto Urbisaglia, Elohim Encina, Juan Cruz Almenar, Felicitas Rodr\u00edguez Novaira y Mar\u00eda Agostina Fern\u00e1ndez.<\/p>\n\n\n\n<p>Kahel Waisblat tuvo una m\u00e1s que destacada presentaci\u00f3n consiguiendo el oro en la categor\u00eda Optimist Principiantes. En la misma categor\u00eda, Mar\u00eda Julia Tarrag\u00f3 se qued\u00f3 con el segundo puesto. Tambi\u00e9n en Principiantes Augusto Urbisaglia termin\u00f3 en la 5\u00b0 posici\u00f3n.<\/p>\n\n\n\n<figure class=\"wp-block-gallery has-nested-images columns-default is-cropped wp-block-gallery-1 is-layout-flex wp-block-gallery-is-layout-flex\">\n<figure class=\"wp-block-image size-large\"><img loading=\"lazy\" decoding=\"async\" width=\"2048\" height=\"1365\" data-id=\"41795\" src=\"https:\/\/crc.org.ar\/w\/wp-content\/uploads\/2026\/08\/IMG_7335.JPG-2048x1365.jpeg\" alt=\"\" class=\"wp-image-41795\" srcset=\"https:\/\/crc.org.ar\/w\/wp-content\/uploads\/2026\/08\/IMG_7335.JPG-2048x1365.jpeg 2048w, https:\/\/crc.org.ar\/w\/wp-content\/uploads\/2026\/08\/IMG_7335.JPG-300x200.jpeg 300w, https:\/\/crc.org.ar\/w\/wp-content\/uploads\/2026\/08\/IMG_7335.JPG-768x512.jpeg 768w, https:\/\/crc.org.ar\/w\/wp-content\/uploads\/2026\/08\/IMG_7335.JPG-1536x1024.jpeg 1536w\" sizes=\"(max-width: 2048px) 100vw, 2048px\" \/><\/figure>\n\n\n\n<figure class=\"wp-block-image size-large\"><img loading=\"lazy\" decoding=\"async\" width=\"2048\" height=\"1365\" data-id=\"41796\" src=\"https:\/\/crc.org.ar\/w\/wp-content\/uploads\/2026\/08\/IMG_7331.JPG-2048x1365.jpeg\" alt=\"\" class=\"wp-image-41796\" srcset=\"https:\/\/crc.org.ar\/w\/wp-content\/uploads\/2026\/08\/IMG_7331.JPG-2048x1365.jpeg 2048w, https:\/\/crc.org.ar\/w\/wp-content\/uploads\/2026\/08\/IMG_7331.JPG-300x200.jpeg 300w, https:\/\/crc.org.ar\/w\/wp-content\/uploads\/2026\/08\/IMG_7331.JPG-768x512.jpeg 768w, https:\/\/crc.org.ar\/w\/wp-content\/uploads\/2026\/08\/IMG_7331.JPG-1536x1024.jpeg 1536w\" sizes=\"(max-width: 2048px) 100vw, 2048px\" \/><\/figure>\n\n\n\n<figure class=\"wp-block-image size-large\"><img loading=\"lazy\" decoding=\"async\" width=\"2048\" height=\"1365\" data-id=\"41794\" src=\"https:\/\/crc.org.ar\/w\/wp-content\/uploads\/2026\/08\/IMG_7330.JPG-2048x1365.jpeg\" alt=\"\" class=\"wp-image-41794\" srcset=\"https:\/\/crc.org.ar\/w\/wp-content\/uploads\/2026\/08\/IMG_7330.JPG-2048x1365.jpeg 2048w, https:\/\/crc.org.ar\/w\/wp-content\/uploads\/2026\/08\/IMG_7330.JPG-300x200.jpeg 300w, https:\/\/crc.org.ar\/w\/wp-content\/uploads\/2026\/08\/IMG_7330.JPG-768x512.jpeg 768w, https:\/\/crc.org.ar\/w\/wp-content\/uploads\/2026\/08\/IMG_7330.JPG-1536x1024.jpeg 1536w\" sizes=\"(max-width: 2048px) 100vw, 2048px\" \/><\/figure>\n<\/figure>\n\n\n\n<p>En cuanto a Optimist Escuelita, Elohim Encina se qued\u00f3 con la medalla de plata al terminar en la segunda ubicaci\u00f3n. Juan Cruz Almenar finaliz\u00f3 4\u00b0 y Felicitas Rodr\u00edguez Novaira 6\u00b0, ambos en Escuelita.<\/p>\n\n\n\n<p>Por \u00faltimo, Mar\u00eda Agostina Fern\u00e1ndez se qued\u00f3 con el 1\u00b0 lugar en la categor\u00eda Ilca 4 (laser), cerrando una excelente participaci\u00f3n de los chicos regatenses.<\/p>\n\n\n\n<p>Esta signific\u00f3 la primera de las tres fechas correspondientes al Clausura del Campeonato Correntino de Vela Ligera, el certamen donde los Remeros compiten con los representantes del Yatch Club Corrientes.<\/p>\n","protected":false},"excerpt":{"rendered":"<p>(Lunes 31 de agosto de 2026). Gran actuaci\u00f3n del equipo de optimist Remero en el tradicional certamen correntino. El s\u00e1bado pasado se desarroll\u00f3 la primera fecha del Clausura del Campeonato Correntino de Vela Ligera, en donde los nautas del Club de Regatas Corrientes se presentaron con buenos resultados inclu\u00eddos. El equipo de la instituci\u00f3n del &hellip;<\/p>\n","protected":false},"author":6,"featured_media":41793,"comment_status":"closed","ping_status":"closed","sticky":false,"template":"","format":"standard","meta":{"footnotes":""},"categories":[156,75],"tags":[],"_links":{"self":[{"href":"https:\/\/crc.org.ar\/w\/wp-json\/wp\/v2\/posts\/41792"}],"collection":[{"href":"https:\/\/crc.org.ar\/w\/wp-json\/wp\/v2\/posts"}],"about":[{"href":"https:\/\/crc.org.ar\/w\/wp-json\/wp\/v2\/types\/post"}],"author":[{"embeddable":true,"href":"https:\/\/crc.org.ar\/w\/wp-json\/wp\/v2\/users\/6"}],"replies":[{"embeddable":true,"href":"https:\/\/crc.org.ar\/w\/wp-json\/wp\/v2\/comments?post=41792"}],"version-history":[{"count":1,"href":"https:\/\/crc.org.ar\/w\/wp-json\/wp\/v2\/posts\/41792\/revisions"}],"predecessor-version":[{"id":41797,"href":"https:\/\/crc.org.ar\/w\/wp-json\/wp\/v2\/posts\/41792\/revisions\/41797"}],"wp:featuredmedia":[{"embeddable":true,"href":"https:\/\/crc.org.ar\/w\/wp-json\/wp\/v2\/media\/41793"}],"wp:attachment":[{"href":"https:\/\/crc.org.ar\/w\/wp-json\/wp\/v2\/media?parent=41792"}],"wp:term":[{"taxonomy":"category","embeddable":true,"href":"https:\/\/crc.org.ar\/w\/wp-json\/wp\/v2\/categories?post=41792"},{"taxonomy":"post_tag","embeddable":true,"href":"https:\/\/crc.org.ar\/w\/wp-json\/wp\/v2\/tags?post=41792"}],"curies":[{"name":"wp","href":"https:\/\/api.w.org\/{rel}","templated":true}]}}