{"id":41798,"date":"2026-08-31T17:17:30","date_gmt":"2026-08-31T20:17:30","guid":{"rendered":"https:\/\/crc.org.ar\/w\/?p=41798"},"modified":"2026-08-31T17:17:31","modified_gmt":"2026-08-31T20:17:31","slug":"regatas-sigue-escribiendo-la-historia-con-los-cadetes-que-avanzaron-al-final-four-de-la-lff","status":"publish","type":"post","link":"https:\/\/crc.org.ar\/w\/regatas-sigue-escribiendo-la-historia-con-los-cadetes-que-avanzaron-al-final-four-de-la-lff\/","title":{"rendered":"Regatas sigue escribiendo la historia con los Cadetes que avanzaron al Final Four de la LFF"},"content":{"rendered":"\n<p>(Lunes 31 de agosto de 2026). El equipo U15 de la instituci\u00f3n Remera se meti\u00f3 en la gran definici\u00f3n del campeonato nacional de la CAB.<\/p>\n\n\n\n<!--more-->\n\n\n\n<figure class=\"wp-block-image size-full\"><img loading=\"lazy\" decoding=\"async\" width=\"960\" height=\"1280\" src=\"https:\/\/crc.org.ar\/w\/wp-content\/uploads\/2026\/08\/WhatsApp-Image-2026-08-31-at-09.49.36.jpeg\" alt=\"\" class=\"wp-image-41799\" srcset=\"https:\/\/crc.org.ar\/w\/wp-content\/uploads\/2026\/08\/WhatsApp-Image-2026-08-31-at-09.49.36.jpeg 960w, https:\/\/crc.org.ar\/w\/wp-content\/uploads\/2026\/08\/WhatsApp-Image-2026-08-31-at-09.49.36-225x300.jpeg 225w, https:\/\/crc.org.ar\/w\/wp-content\/uploads\/2026\/08\/WhatsApp-Image-2026-08-31-at-09.49.36-768x1024.jpeg 768w\" sizes=\"(max-width: 960px) 100vw, 960px\" \/><\/figure>\n\n\n\n<p>El fin de semana hubo acci\u00f3n en la Liga Federal Formativa para el Club de Regatas Corrientes, en donde los cadetes hicieron historia al meterse en el Final Four de la categor\u00eda.<\/p>\n\n\n\n<p>La ante\u00faltima etapa de la competencia de la Confederaci\u00f3n Argentina de B\u00e1squet de U15 se desarroll\u00f3 con tres cuadrangulares. El Remero disput\u00f3 el suyo en San Guillermo, Santa Fe, junto con Boca Juniors, Comunicaciones (Buenos Aires) y Uni\u00f3n Cultura, el anfitri\u00f3n.<\/p>\n\n\n\n<p>Abriendo el cuadrangular el s\u00e1bado por la tarde, los Remeros cayeron frente al Xeneize 69-77, mientras que los de San Guillermo vencieron a 85-74 a Comu. El domingo por la ma\u00f1ana el Fantasma se recompuso y le gan\u00f3 90-61 a Comunicaciones, mientras que Boca le gan\u00f3 al local 76-61. En la tercera fecha Boca volvi\u00f3 a ganar 91-50 a Comu, mientras que Regatas obtuvo una importante victoria 93-43 frente al due\u00f1o de casa.<\/p>\n\n\n\n<p>Al ser tres cuadrangulares en esta instancia semifinal avanzaban los primeros de cada uno de los grupos sumado al mejor segundo, lugar que ocup\u00f3 Regatas por los dos triunfos conseguidos y la buena diferencia de puntos que alcanz\u00f3 para meterse as\u00ed en el Final Four junto con Boca, Instituto de C\u00f3rdoba y N\u00e1utico de San Pedro.<\/p>\n\n\n\n<figure class=\"wp-block-image size-full\"><img loading=\"lazy\" decoding=\"async\" width=\"1280\" height=\"960\" src=\"https:\/\/crc.org.ar\/w\/wp-content\/uploads\/2026\/08\/WhatsApp-Image-2026-08-31-at-09.48.33.jpeg\" alt=\"\" class=\"wp-image-41800\" srcset=\"https:\/\/crc.org.ar\/w\/wp-content\/uploads\/2026\/08\/WhatsApp-Image-2026-08-31-at-09.48.33.jpeg 1280w, https:\/\/crc.org.ar\/w\/wp-content\/uploads\/2026\/08\/WhatsApp-Image-2026-08-31-at-09.48.33-300x225.jpeg 300w, https:\/\/crc.org.ar\/w\/wp-content\/uploads\/2026\/08\/WhatsApp-Image-2026-08-31-at-09.48.33-768x576.jpeg 768w\" sizes=\"(max-width: 1280px) 100vw, 1280px\" \/><\/figure>\n\n\n\n<p>El equipo de Silvio Ram\u00edrez Pita buscar\u00e1 el fin de semana del 12 y 13 de septiembre seguir escalando posiciones en la instancia definitoria de la competencia.<\/p>\n\n\n\n<p>El plantel Remero estuvo integrado por Esteban Toledo Flores, Lucas Gullo, Juan Bautista Rambaudi, Gaspar G\u00e1lvez, Valent\u00edn Galarza, Mateo Oviedo Ricagno, Nicol\u00e1s Romero Torales, Luciano P\u00e9rez, Lautaro Kommers Echenique, Romeo Gim\u00e9nez y los hermanos Baltazar y Jer\u00f3nimo Medina Masara.<\/p>\n","protected":false},"excerpt":{"rendered":"<p>(Lunes 31 de agosto de 2026). El equipo U15 de la instituci\u00f3n Remera se meti\u00f3 en la gran definici\u00f3n del campeonato nacional de la CAB. El fin de semana hubo acci\u00f3n en la Liga Federal Formativa para el Club de Regatas Corrientes, en donde los cadetes hicieron historia al meterse en el Final Four de &hellip;<\/p>\n","protected":false},"author":6,"featured_media":41800,"comment_status":"closed","ping_status":"closed","sticky":false,"template":"","format":"standard","meta":{"footnotes":""},"categories":[367,156],"tags":[],"_links":{"self":[{"href":"https:\/\/crc.org.ar\/w\/wp-json\/wp\/v2\/posts\/41798"}],"collection":[{"href":"https:\/\/crc.org.ar\/w\/wp-json\/wp\/v2\/posts"}],"about":[{"href":"https:\/\/crc.org.ar\/w\/wp-json\/wp\/v2\/types\/post"}],"author":[{"embeddable":true,"href":"https:\/\/crc.org.ar\/w\/wp-json\/wp\/v2\/users\/6"}],"replies":[{"embeddable":true,"href":"https:\/\/crc.org.ar\/w\/wp-json\/wp\/v2\/comments?post=41798"}],"version-history":[{"count":1,"href":"https:\/\/crc.org.ar\/w\/wp-json\/wp\/v2\/posts\/41798\/revisions"}],"predecessor-version":[{"id":41801,"href":"https:\/\/crc.org.ar\/w\/wp-json\/wp\/v2\/posts\/41798\/revisions\/41801"}],"wp:featuredmedia":[{"embeddable":true,"href":"https:\/\/crc.org.ar\/w\/wp-json\/wp\/v2\/media\/41800"}],"wp:attachment":[{"href":"https:\/\/crc.org.ar\/w\/wp-json\/wp\/v2\/media?parent=41798"}],"wp:term":[{"taxonomy":"category","embeddable":true,"href":"https:\/\/crc.org.ar\/w\/wp-json\/wp\/v2\/categories?post=41798"},{"taxonomy":"post_tag","embeddable":true,"href":"https:\/\/crc.org.ar\/w\/wp-json\/wp\/v2\/tags?post=41798"}],"curies":[{"name":"wp","href":"https:\/\/api.w.org\/{rel}","templated":true}]}}